
{"id":9455,"date":"2026-06-09T18:00:00","date_gmt":"2026-06-10T00:00:00","guid":{"rendered":"https:\/\/www.podermexico.mx\/?p=9455"},"modified":"2026-06-09T11:51:27","modified_gmt":"2026-06-09T17:51:27","slug":"nacional-monte-de-piedad-incorpora-a-jose-antonio-murillo-garza-como-director-general-ante-huelga-persistente","status":"publish","type":"post","link":"https:\/\/www.podermexico.mx\/?p=9455","title":{"rendered":"Nacional Monte de Piedad incorpora a Jos\u00e9 Antonio Murillo Garza como Director General ante huelga persistente"},"content":{"rendered":"\n<p class=\"wp-block-paragraph\">La instituci\u00f3n de asistencia privada Nacional Monte de Piedad formaliz\u00f3 la integraci\u00f3n de Jos\u00e9 Antonio Murillo Garza como su nuevo director general, una asignaci\u00f3n ejecutiva que cobr\u00f3 vigencia a partir del 1 de junio del presente a\u00f1o. <\/p>\n\n\n\n<p class=\"wp-block-paragraph\">El directivo asume la conducci\u00f3n del organismo prendario en una coyuntura operativa compleja, relevando en las funciones a Rafael Humberto del R\u00edo, quien present\u00f3 su renuncia al cargo a finales de 2025 en el marco del conflicto laboral y la huelga nacional que todav\u00eda mantiene detenidas las actividades de la organizaci\u00f3n.<\/p>\n\n\n\n<p class=\"wp-block-paragraph\">El presidente del patronato del Nacional Monte de Piedad, Carlos Zozaya, puntualiz\u00f3 a trav\u00e9s de un comunicado institucional que la llegada del nuevo director general representa la apertura de un ciclo estrat\u00e9gico orientado a robustecer las capacidades de la entidad. <\/p>\n\n\n\n<p class=\"wp-block-paragraph\">Las directrices fijadas por el cuerpo de gobierno de la organizaci\u00f3n de financiamiento social apuntan a la modernizaci\u00f3n responsable de los esquemas de operaci\u00f3n tradicionales y al mantenimiento de los servicios de pr\u00e9stamo prendario dirigidos a los sectores de la poblaci\u00f3n que requieren opciones de liquidez en el mercado mexicano.<\/p>\n\n\n\n<p class=\"wp-block-paragraph\">Los antecedentes profesionales de Murillo Garza integran funciones de alta responsabilidad en el sector financiero p\u00fablico, corporativo y tecnol\u00f3gico. <\/p>\n\n\n\n<p class=\"wp-block-paragraph\">En el \u00e1mbito de la banca central, el economista desempe\u00f1\u00f3 diversas responsabilidades de nivel directivo en el Banco de M\u00e9xico, donde coordin\u00f3 y particip\u00f3 en el dise\u00f1o de proyectos estrat\u00e9gicos asociados con la regulaci\u00f3n del sistema financiero, los esquemas de innovaci\u00f3n institucional y el procesamiento anal\u00edtico de variables macroecon\u00f3micas cr\u00edticas utilizadas para la determinaci\u00f3n de la pol\u00edtica monetaria del pa\u00eds.<\/p>\n\n\n\n<p class=\"wp-block-paragraph\">Tras su permanencia en el banco central, se incorpor\u00f3 al sector comercial ocupando puestos de liderazgo ejecutivo dentro de la estructura de Grupo Financiero Banorte. De manera m\u00e1s reciente, fungi\u00f3 como director general de la sociedad tecnofinanciera RappiCard, posici\u00f3n desde la cual condujo estrategias operativas basadas en entornos digitales. <\/p>\n\n\n\n<p class=\"wp-block-paragraph\">En el rengl\u00f3n de sus credenciales acad\u00e9micas, el nuevo titular cuenta con el grado de doctor en econom\u00eda emitido por la instituci\u00f3n estadounidense Rice University, y ha desarrollado labores de docencia e investigaci\u00f3n en El Colegio de M\u00e9xico, el Instituto Tecnol\u00f3gico Aut\u00f3nomo de M\u00e9xico (ITAM) y en la propia Rice University.<\/p>\n\n\n\n<p class=\"wp-block-paragraph\"><\/p>\n","protected":false},"excerpt":{"rendered":"<p>La instituci\u00f3n de asistencia privada Nacional Monte de Piedad formaliz\u00f3 la integraci\u00f3n de Jos\u00e9 Antonio Murillo Garza como su nuevo director general, una asignaci\u00f3n ejecutiva que cobr\u00f3 vigencia a partir del 1 de junio del presente a\u00f1o. El directivo asume la conducci\u00f3n del organismo prendario en una coyuntura operativa compleja, relevando en las funciones a Rafael Humberto del R\u00edo, quien &hellip;<\/p>\n","protected":false},"author":7,"featured_media":9458,"comment_status":"closed","ping_status":"closed","sticky":false,"template":"","format":"standard","meta":{"footnotes":""},"categories":[60,2135],"tags":[2412,115],"class_list":["post-9455","post","type-post","status-publish","format-standard","has-post-thumbnail","hentry","category-empresas","category-nombramiento","tag-nacional-monte-de-piedad","tag-nombramiento"],"aioseo_notices":[],"aioseo_head":"\n\t\t<!-- All in One SEO 5.0.0.1 - aioseo.com -->\n\t<meta name=\"description\" content=\"La instituci\u00f3n de asistencia privada Nacional Monte de Piedad formaliz\u00f3 la integraci\u00f3n de Jos\u00e9 Antonio Murillo Garza como su nuevo director general\" \/>\n\t<meta name=\"robots\" content=\"max-image-preview:large\" \/>\n\t<meta name=\"author\" content=\"Poder M\u00e9xico\"\/>\n\t<link rel=\"canonical\" href=\"https:\/\/www.podermexico.mx\/?p=9455\" \/>\n\t<meta name=\"generator\" content=\"All in One SEO (AIOSEO) 5.0.0.1\" \/>\n\t\t<meta property=\"og:locale\" content=\"es_MX\" \/>\n\t\t<meta property=\"og:site_name\" content=\"Poder M\u00e9xico - Donde los l\u00edderes definen el futuro, exploramos tendencias y desciframos el mundo de la pol\u00edtica y los negocios\" \/>\n\t\t<meta property=\"og:type\" content=\"article\" \/>\n\t\t<meta property=\"og:title\" content=\"Nacional Monte de Piedad incorpora a Jos\u00e9 Antonio Murillo Garza como Director General ante huelga persistente - Poder M\u00e9xico\" \/>\n\t\t<meta property=\"og:description\" content=\"La instituci\u00f3n de asistencia privada Nacional Monte de Piedad formaliz\u00f3 la integraci\u00f3n de Jos\u00e9 Antonio Murillo Garza como su nuevo director general\" \/>\n\t\t<meta property=\"og:url\" content=\"https:\/\/www.podermexico.mx\/?p=9455\" \/>\n\t\t<meta property=\"article:published_time\" content=\"2026-06-10T00:00:00+00:00\" \/>\n\t\t<meta property=\"article:modified_time\" content=\"2026-06-09T17:51:27+00:00\" \/>\n\t\t<meta name=\"twitter:card\" content=\"summary_large_image\" \/>\n\t\t<meta name=\"twitter:title\" content=\"Nacional Monte de Piedad incorpora a Jos\u00e9 Antonio Murillo Garza como Director General ante huelga persistente - Poder M\u00e9xico\" \/>\n\t\t<meta name=\"twitter:description\" content=\"La instituci\u00f3n de asistencia privada Nacional Monte de Piedad formaliz\u00f3 la integraci\u00f3n de Jos\u00e9 Antonio Murillo Garza como su nuevo director general\" \/>\n\t\t<script type=\"application\/ld+json\" class=\"aioseo-schema\">\n\t\t\t{\"@context\":\"https:\\\/\\\/schema.org\",\"@graph\":[{\"@type\":\"BlogPosting\",\"@id\":\"https:\\\/\\\/www.podermexico.mx\\\/?p=9455#blogposting\",\"name\":\"Nacional Monte de Piedad incorpora a Jos\\u00e9 Antonio Murillo Garza como Director General ante huelga persistente - Poder M\\u00e9xico\",\"headline\":\"Nacional Monte de Piedad incorpora a Jos\\u00e9 Antonio Murillo Garza como Director General ante huelga persistente\",\"author\":{\"@id\":\"https:\\\/\\\/www.podermexico.mx\\\/?author=7#author\"},\"publisher\":{\"@id\":\"https:\\\/\\\/www.podermexico.mx\\\/#organization\"},\"image\":{\"@type\":\"ImageObject\",\"url\":\"https:\\\/\\\/www.podermexico.mx\\\/wp-content\\\/uploads\\\/2026\\\/06\\\/Nombramiento-hr-Montedepiedad.png\",\"width\":1920,\"height\":1080},\"datePublished\":\"2026-06-09T18:00:00-06:00\",\"dateModified\":\"2026-06-09T11:51:27-06:00\",\"inLanguage\":\"es-MX\",\"mainEntityOfPage\":{\"@id\":\"https:\\\/\\\/www.podermexico.mx\\\/?p=9455#webpage\"},\"isPartOf\":{\"@id\":\"https:\\\/\\\/www.podermexico.mx\\\/?p=9455#webpage\"},\"articleSection\":\"Empresas y Negocios, Nombramiento, Nacional Monte de Piedad, Nombramiento\"},{\"@type\":\"BreadcrumbList\",\"@id\":\"https:\\\/\\\/www.podermexico.mx\\\/?p=9455#breadcrumblist\",\"itemListElement\":[{\"@type\":\"ListItem\",\"@id\":\"https:\\\/\\\/www.podermexico.mx#listItem\",\"position\":1,\"name\":\"Home\",\"item\":\"https:\\\/\\\/www.podermexico.mx\",\"nextItem\":{\"@type\":\"ListItem\",\"@id\":\"https:\\\/\\\/www.podermexico.mx\\\/?cat=60#listItem\",\"name\":\"Empresas y Negocios\"}},{\"@type\":\"ListItem\",\"@id\":\"https:\\\/\\\/www.podermexico.mx\\\/?cat=60#listItem\",\"position\":2,\"name\":\"Empresas y Negocios\",\"item\":\"https:\\\/\\\/www.podermexico.mx\\\/?cat=60\",\"nextItem\":{\"@type\":\"ListItem\",\"@id\":\"https:\\\/\\\/www.podermexico.mx\\\/?cat=2135#listItem\",\"name\":\"Nombramiento\"},\"previousItem\":{\"@type\":\"ListItem\",\"@id\":\"https:\\\/\\\/www.podermexico.mx#listItem\",\"name\":\"Home\"}},{\"@type\":\"ListItem\",\"@id\":\"https:\\\/\\\/www.podermexico.mx\\\/?cat=2135#listItem\",\"position\":3,\"name\":\"Nombramiento\",\"item\":\"https:\\\/\\\/www.podermexico.mx\\\/?cat=2135\",\"nextItem\":{\"@type\":\"ListItem\",\"@id\":\"https:\\\/\\\/www.podermexico.mx\\\/?p=9455#listItem\",\"name\":\"Nacional Monte de Piedad incorpora a Jos\\u00e9 Antonio Murillo Garza como Director General ante huelga persistente\"},\"previousItem\":{\"@type\":\"ListItem\",\"@id\":\"https:\\\/\\\/www.podermexico.mx\\\/?cat=60#listItem\",\"name\":\"Empresas y Negocios\"}},{\"@type\":\"ListItem\",\"@id\":\"https:\\\/\\\/www.podermexico.mx\\\/?p=9455#listItem\",\"position\":4,\"name\":\"Nacional Monte de Piedad incorpora a Jos\\u00e9 Antonio Murillo Garza como Director General ante huelga persistente\",\"previousItem\":{\"@type\":\"ListItem\",\"@id\":\"https:\\\/\\\/www.podermexico.mx\\\/?cat=2135#listItem\",\"name\":\"Nombramiento\"}}]},{\"@type\":\"Organization\",\"@id\":\"https:\\\/\\\/www.podermexico.mx\\\/#organization\",\"name\":\"Poder M\\u00e9xico\",\"description\":\"Donde los l\\u00edderes definen el futuro, exploramos tendencias y desciframos el mundo de la pol\\u00edtica y los negocios\",\"url\":\"https:\\\/\\\/www.podermexico.mx\\\/\"},{\"@type\":\"Person\",\"@id\":\"https:\\\/\\\/www.podermexico.mx\\\/?author=7#author\",\"url\":\"https:\\\/\\\/www.podermexico.mx\\\/?author=7\",\"name\":\"Poder M\\u00e9xico\",\"image\":{\"@type\":\"ImageObject\",\"@id\":\"https:\\\/\\\/www.podermexico.mx\\\/?p=9455#authorImage\",\"url\":\"https:\\\/\\\/secure.gravatar.com\\\/avatar\\\/6873d270747c7f511ab0e491b4ef59ff185c68a5912118c90f83cdcd498e434b?s=96&d=mm&r=g\",\"width\":96,\"height\":96,\"caption\":\"Poder M\\u00e9xico\"}},{\"@type\":\"WebPage\",\"@id\":\"https:\\\/\\\/www.podermexico.mx\\\/?p=9455#webpage\",\"url\":\"https:\\\/\\\/www.podermexico.mx\\\/?p=9455\",\"name\":\"Nacional Monte de Piedad incorpora a Jos\\u00e9 Antonio Murillo Garza como Director General ante huelga persistente - Poder M\\u00e9xico\",\"description\":\"La instituci\\u00f3n de asistencia privada Nacional Monte de Piedad formaliz\\u00f3 la integraci\\u00f3n de Jos\\u00e9 Antonio Murillo Garza como su nuevo director general\",\"inLanguage\":\"es-MX\",\"isPartOf\":{\"@id\":\"https:\\\/\\\/www.podermexico.mx\\\/#website\"},\"breadcrumb\":{\"@id\":\"https:\\\/\\\/www.podermexico.mx\\\/?p=9455#breadcrumblist\"},\"author\":{\"@id\":\"https:\\\/\\\/www.podermexico.mx\\\/?author=7#author\"},\"creator\":{\"@id\":\"https:\\\/\\\/www.podermexico.mx\\\/?author=7#author\"},\"image\":{\"@type\":\"ImageObject\",\"url\":\"https:\\\/\\\/www.podermexico.mx\\\/wp-content\\\/uploads\\\/2026\\\/06\\\/Nombramiento-hr-Montedepiedad.png\",\"@id\":\"https:\\\/\\\/www.podermexico.mx\\\/?p=9455\\\/#mainImage\",\"width\":1920,\"height\":1080},\"primaryImageOfPage\":{\"@id\":\"https:\\\/\\\/www.podermexico.mx\\\/?p=9455#mainImage\"},\"datePublished\":\"2026-06-09T18:00:00-06:00\",\"dateModified\":\"2026-06-09T11:51:27-06:00\"},{\"@type\":\"WebSite\",\"@id\":\"https:\\\/\\\/www.podermexico.mx\\\/#website\",\"url\":\"https:\\\/\\\/www.podermexico.mx\\\/\",\"name\":\"Poder M\\u00e9xico\",\"description\":\"Donde los l\\u00edderes definen el futuro, exploramos tendencias y desciframos el mundo de la pol\\u00edtica y los negocios\",\"inLanguage\":\"es-MX\",\"publisher\":{\"@id\":\"https:\\\/\\\/www.podermexico.mx\\\/#organization\"}}]}\n\t\t<\/script>\n\t\t<!-- All in One SEO -->\n\n","aioseo_head_json":{"title":"Nacional Monte de Piedad incorpora a Jos\u00e9 Antonio Murillo Garza como Director General ante huelga persistente - Poder M\u00e9xico","description":"La instituci\u00f3n de asistencia privada Nacional Monte de Piedad formaliz\u00f3 la integraci\u00f3n de Jos\u00e9 Antonio Murillo Garza como su nuevo director general","canonical_url":"https:\/\/www.podermexico.mx\/?p=9455","robots":"max-image-preview:large","keywords":"","webmasterTools":{"miscellaneous":""},"schema":{"@context":"https:\/\/schema.org","@graph":[{"@type":"BlogPosting","@id":"https:\/\/www.podermexico.mx\/?p=9455#blogposting","name":"Nacional Monte de Piedad incorpora a Jos\u00e9 Antonio Murillo Garza como Director General ante huelga persistente - Poder M\u00e9xico","headline":"Nacional Monte de Piedad incorpora a Jos\u00e9 Antonio Murillo Garza como Director General ante huelga persistente","author":{"@id":"https:\/\/www.podermexico.mx\/?author=7#author"},"publisher":{"@id":"https:\/\/www.podermexico.mx\/#organization"},"image":{"@type":"ImageObject","url":"https:\/\/www.podermexico.mx\/wp-content\/uploads\/2026\/06\/Nombramiento-hr-Montedepiedad.png","width":1920,"height":1080},"datePublished":"2026-06-09T18:00:00-06:00","dateModified":"2026-06-09T11:51:27-06:00","inLanguage":"es-MX","mainEntityOfPage":{"@id":"https:\/\/www.podermexico.mx\/?p=9455#webpage"},"isPartOf":{"@id":"https:\/\/www.podermexico.mx\/?p=9455#webpage"},"articleSection":"Empresas y Negocios, Nombramiento, Nacional Monte de Piedad, Nombramiento"},{"@type":"BreadcrumbList","@id":"https:\/\/www.podermexico.mx\/?p=9455#breadcrumblist","itemListElement":[{"@type":"ListItem","@id":"https:\/\/www.podermexico.mx#listItem","position":1,"name":"Home","item":"https:\/\/www.podermexico.mx","nextItem":{"@type":"ListItem","@id":"https:\/\/www.podermexico.mx\/?cat=60#listItem","name":"Empresas y Negocios"}},{"@type":"ListItem","@id":"https:\/\/www.podermexico.mx\/?cat=60#listItem","position":2,"name":"Empresas y Negocios","item":"https:\/\/www.podermexico.mx\/?cat=60","nextItem":{"@type":"ListItem","@id":"https:\/\/www.podermexico.mx\/?cat=2135#listItem","name":"Nombramiento"},"previousItem":{"@type":"ListItem","@id":"https:\/\/www.podermexico.mx#listItem","name":"Home"}},{"@type":"ListItem","@id":"https:\/\/www.podermexico.mx\/?cat=2135#listItem","position":3,"name":"Nombramiento","item":"https:\/\/www.podermexico.mx\/?cat=2135","nextItem":{"@type":"ListItem","@id":"https:\/\/www.podermexico.mx\/?p=9455#listItem","name":"Nacional Monte de Piedad incorpora a Jos\u00e9 Antonio Murillo Garza como Director General ante huelga persistente"},"previousItem":{"@type":"ListItem","@id":"https:\/\/www.podermexico.mx\/?cat=60#listItem","name":"Empresas y Negocios"}},{"@type":"ListItem","@id":"https:\/\/www.podermexico.mx\/?p=9455#listItem","position":4,"name":"Nacional Monte de Piedad incorpora a Jos\u00e9 Antonio Murillo Garza como Director General ante huelga persistente","previousItem":{"@type":"ListItem","@id":"https:\/\/www.podermexico.mx\/?cat=2135#listItem","name":"Nombramiento"}}]},{"@type":"Organization","@id":"https:\/\/www.podermexico.mx\/#organization","name":"Poder M\u00e9xico","description":"Donde los l\u00edderes definen el futuro, exploramos tendencias y desciframos el mundo de la pol\u00edtica y los negocios","url":"https:\/\/www.podermexico.mx\/"},{"@type":"Person","@id":"https:\/\/www.podermexico.mx\/?author=7#author","url":"https:\/\/www.podermexico.mx\/?author=7","name":"Poder M\u00e9xico","image":{"@type":"ImageObject","@id":"https:\/\/www.podermexico.mx\/?p=9455#authorImage","url":"https:\/\/secure.gravatar.com\/avatar\/6873d270747c7f511ab0e491b4ef59ff185c68a5912118c90f83cdcd498e434b?s=96&d=mm&r=g","width":96,"height":96,"caption":"Poder M\u00e9xico"}},{"@type":"WebPage","@id":"https:\/\/www.podermexico.mx\/?p=9455#webpage","url":"https:\/\/www.podermexico.mx\/?p=9455","name":"Nacional Monte de Piedad incorpora a Jos\u00e9 Antonio Murillo Garza como Director General ante huelga persistente - Poder M\u00e9xico","description":"La instituci\u00f3n de asistencia privada Nacional Monte de Piedad formaliz\u00f3 la integraci\u00f3n de Jos\u00e9 Antonio Murillo Garza como su nuevo director general","inLanguage":"es-MX","isPartOf":{"@id":"https:\/\/www.podermexico.mx\/#website"},"breadcrumb":{"@id":"https:\/\/www.podermexico.mx\/?p=9455#breadcrumblist"},"author":{"@id":"https:\/\/www.podermexico.mx\/?author=7#author"},"creator":{"@id":"https:\/\/www.podermexico.mx\/?author=7#author"},"image":{"@type":"ImageObject","url":"https:\/\/www.podermexico.mx\/wp-content\/uploads\/2026\/06\/Nombramiento-hr-Montedepiedad.png","@id":"https:\/\/www.podermexico.mx\/?p=9455\/#mainImage","width":1920,"height":1080},"primaryImageOfPage":{"@id":"https:\/\/www.podermexico.mx\/?p=9455#mainImage"},"datePublished":"2026-06-09T18:00:00-06:00","dateModified":"2026-06-09T11:51:27-06:00"},{"@type":"WebSite","@id":"https:\/\/www.podermexico.mx\/#website","url":"https:\/\/www.podermexico.mx\/","name":"Poder M\u00e9xico","description":"Donde los l\u00edderes definen el futuro, exploramos tendencias y desciframos el mundo de la pol\u00edtica y los negocios","inLanguage":"es-MX","publisher":{"@id":"https:\/\/www.podermexico.mx\/#organization"}}]},"og:locale":"es_MX","og:site_name":"Poder M\u00e9xico - Donde los l\u00edderes definen el futuro, exploramos tendencias y desciframos el mundo de la pol\u00edtica y los negocios","og:type":"article","og:title":"Nacional Monte de Piedad incorpora a Jos\u00e9 Antonio Murillo Garza como Director General ante huelga persistente - Poder M\u00e9xico","og:description":"La instituci\u00f3n de asistencia privada Nacional Monte de Piedad formaliz\u00f3 la integraci\u00f3n de Jos\u00e9 Antonio Murillo Garza como su nuevo director general","og:url":"https:\/\/www.podermexico.mx\/?p=9455","article:published_time":"2026-06-10T00:00:00+00:00","article:modified_time":"2026-06-09T17:51:27+00:00","twitter:card":"summary_large_image","twitter:title":"Nacional Monte de Piedad incorpora a Jos\u00e9 Antonio Murillo Garza como Director General ante huelga persistente - Poder M\u00e9xico","twitter:description":"La instituci\u00f3n de asistencia privada Nacional Monte de Piedad formaliz\u00f3 la integraci\u00f3n de Jos\u00e9 Antonio Murillo Garza como su nuevo director general"},"aioseo_meta_data":{"post_id":"9455","title":null,"description":"La instituci\u00f3n de asistencia privada Nacional Monte de Piedad formaliz\u00f3 la integraci\u00f3n de Jos\u00e9 Antonio Murillo Garza como su nuevo director general","keywords":null,"keyphrases":{"focus":{"keyphrase":"Nacional Monte de Piedad","score":100,"analysis":{"keyphraseInTitle":{"score":9,"maxScore":9,"error":0},"keyphraseInDescription":{"score":9,"maxScore":9,"error":0},"keyphraseLength":{"score":9,"maxScore":9,"error":0,"length":4},"keyphraseInIntroduction":{"score":9,"maxScore":9,"error":0},"keyphraseInSubHeadings":[],"keyphraseInImageAlt":[],"keywordDensity":{"type":"best","score":9,"maxScore":9,"error":0}}},"additional":[]},"primary_term":null,"canonical_url":null,"og_title":null,"og_description":null,"og_object_type":"default","og_image_type":"default","og_image_url":null,"og_image_width":null,"og_image_height":null,"og_image_custom_url":null,"og_image_custom_fields":null,"og_video":"","og_custom_url":null,"og_article_section":null,"og_article_tags":null,"twitter_use_og":false,"twitter_card":"default","twitter_image_type":"default","twitter_image_url":null,"twitter_image_custom_url":null,"twitter_image_custom_fields":null,"twitter_title":null,"twitter_description":null,"schema":{"blockGraphs":[],"customGraphs":[],"default":{"data":{"Article":[],"Course":[],"Dataset":[],"FAQPage":[],"Movie":[],"Person":[],"Product":[],"ProductReview":[],"Car":[],"Recipe":[],"Service":[],"SoftwareApplication":[],"WebPage":[]},"graphName":"BlogPosting","isEnabled":true},"graphs":[]},"schema_type":"default","schema_type_options":null,"pillar_content":false,"robots_default":true,"robots_noindex":false,"robots_noarchive":false,"robots_nosnippet":false,"robots_nofollow":false,"robots_noimageindex":false,"robots_noodp":false,"robots_notranslate":false,"robots_max_snippet":"-1","robots_max_videopreview":"-1","robots_max_imagepreview":"large","priority":null,"frequency":"default","local_seo":null,"breadcrumb_settings":null,"limit_modified_date":false,"ai":{"faqs":[],"keyPoints":[],"schemas":[],"titles":[],"descriptions":[],"socialPosts":{"email":[],"linkedin":[],"twitter":[],"facebook":[],"instagram":[]}},"created":"2026-06-09 17:44:48","updated":"2026-06-10 13:39:41","seo_analyzer_scan_date":null,"focus_keyword":"Nacional Monte de Piedad","additional_keywords":null,"truseo_locale":null},"aioseo_breadcrumb":"<div class=\"aioseo-breadcrumbs\"><span class=\"aioseo-breadcrumb\">\n\t\t\t<a href=\"https:\/\/www.podermexico.mx\" title=\"Home\">Home<\/a>\n\t\t<\/span><span class=\"aioseo-breadcrumb-separator\">&raquo;<\/span><span class=\"aioseo-breadcrumb\">\n\t\t\t<a href=\"https:\/\/www.podermexico.mx\/?cat=60\" title=\"Empresas y Negocios\">Empresas y Negocios<\/a>\n\t\t<\/span><span class=\"aioseo-breadcrumb-separator\">&raquo;<\/span><span class=\"aioseo-breadcrumb\">\n\t\t\t<a href=\"https:\/\/www.podermexico.mx\/?cat=2135\" title=\"Nombramiento\">Nombramiento<\/a>\n\t\t<\/span><span class=\"aioseo-breadcrumb-separator\">&raquo;<\/span><span class=\"aioseo-breadcrumb\">\n\t\t\tNacional Monte de Piedad incorpora a Jos\u00e9 Antonio Murillo Garza como Director General ante huelga persistente\n\t\t<\/span><\/div>","aioseo_breadcrumb_json":[{"label":"Home","link":"https:\/\/www.podermexico.mx"},{"label":"Empresas y Negocios","link":"https:\/\/www.podermexico.mx\/?cat=60"},{"label":"Nombramiento","link":"https:\/\/www.podermexico.mx\/?cat=2135"},{"label":"Nacional Monte de Piedad incorpora a Jos\u00e9 Antonio Murillo Garza como Director General ante huelga persistente","link":"https:\/\/www.podermexico.mx\/?p=9455"}],"_links":{"self":[{"href":"https:\/\/www.podermexico.mx\/index.php?rest_route=\/wp\/v2\/posts\/9455","targetHints":{"allow":["GET"]}}],"collection":[{"href":"https:\/\/www.podermexico.mx\/index.php?rest_route=\/wp\/v2\/posts"}],"about":[{"href":"https:\/\/www.podermexico.mx\/index.php?rest_route=\/wp\/v2\/types\/post"}],"author":[{"embeddable":true,"href":"https:\/\/www.podermexico.mx\/index.php?rest_route=\/wp\/v2\/users\/7"}],"replies":[{"embeddable":true,"href":"https:\/\/www.podermexico.mx\/index.php?rest_route=%2Fwp%2Fv2%2Fcomments&post=9455"}],"version-history":[{"count":1,"href":"https:\/\/www.podermexico.mx\/index.php?rest_route=\/wp\/v2\/posts\/9455\/revisions"}],"predecessor-version":[{"id":9457,"href":"https:\/\/www.podermexico.mx\/index.php?rest_route=\/wp\/v2\/posts\/9455\/revisions\/9457"}],"wp:featuredmedia":[{"embeddable":true,"href":"https:\/\/www.podermexico.mx\/index.php?rest_route=\/wp\/v2\/media\/9458"}],"wp:attachment":[{"href":"https:\/\/www.podermexico.mx\/index.php?rest_route=%2Fwp%2Fv2%2Fmedia&parent=9455"}],"wp:term":[{"taxonomy":"category","embeddable":true,"href":"https:\/\/www.podermexico.mx\/index.php?rest_route=%2Fwp%2Fv2%2Fcategories&post=9455"},{"taxonomy":"post_tag","embeddable":true,"href":"https:\/\/www.podermexico.mx\/index.php?rest_route=%2Fwp%2Fv2%2Ftags&post=9455"}],"curies":[{"name":"wp","href":"https:\/\/api.w.org\/{rel}","templated":true}]}}