
{"id":9301,"date":"2026-06-01T18:00:00","date_gmt":"2026-06-02T00:00:00","guid":{"rendered":"https:\/\/www.podermexico.mx\/?p=9301"},"modified":"2026-06-01T17:46:06","modified_gmt":"2026-06-01T23:46:06","slug":"9301","status":"publish","type":"post","link":"https:\/\/www.podermexico.mx\/?p=9301","title":{"rendered":""},"content":{"rendered":"\n<p class=\"wp-block-paragraph\">La multinacional alemana Siemens hizo efectivo el nombramiento de <strong>Markus Grabmeier<\/strong> como el nuevo director ejecutivo (<em>CEO<\/em>) de su unidad de negocio <em>Electrical Products<\/em>, adscrita a la divisi\u00f3n de <em>Smart Infrastructure<\/em>. <\/p>\n\n\n\n<p class=\"wp-block-paragraph\">Grabmeier se reincorpora a la firma tras haber formado parte del Comit\u00e9 Ejecutivo de Gesti\u00f3n de la empresa Alfanar en <strong>Riad, Arabia Saudita<\/strong>, y de haber consolidado una trayectoria previa de <strong>14 a\u00f1os<\/strong> dentro de la estructura operativa de Siemens. <\/p>\n\n\n\n<p class=\"wp-block-paragraph\">Su experiencia sectorial abarca posiciones directivas estrat\u00e9gicas en Asia, destacando su gesti\u00f3n como gerente general de <em>Siemens Electrical Apparatus Ltd.<\/em> en <strong>Suzhou<\/strong> y su desempe\u00f1o entre 2020 y 2023 como vicepresidente ejecutivo para China y Asia Oriental con base en <strong>Shangh\u00e1i<\/strong>. <\/p>\n\n\n\n<p class=\"wp-block-paragraph\">El directivo sucede en el cargo a <strong>Andreas Matth\u00e9<\/strong>, quien iniciar\u00e1 su proceso de jubilaci\u00f3n en septiembre de 2026 tras liderar la unidad por quince a\u00f1os y cumplir una carrera institucional de m\u00e1s de cuatro d\u00e9cadas en la corporaci\u00f3n.<\/p>\n\n\n\n<p class=\"wp-block-paragraph\">El bloque operativo que liderar\u00e1 Grabmeier representa uno de los segmentos de mayor volumen de la compa\u00f1\u00eda, respaldado por un capital humano de aproximadamente <strong>26,000 empleados<\/strong> y el manejo log\u00edstico de <strong>25 plantas de producci\u00f3n globales<\/strong>. La divisi\u00f3n se especializa en la proveedur\u00eda de soluciones de software y componentes de baja tensi\u00f3n orientados a optimizar la distribuci\u00f3n de energ\u00eda el\u00e9ctrica, destacando por la introducci\u00f3n de semiconductores en la protecci\u00f3n de circuitos integrados. <\/p>\n\n\n\n<p class=\"wp-block-paragraph\"><strong>Matthias Rebellius<\/strong>, miembro de la Junta Directiva de Siemens AG, se\u00f1al\u00f3 que el portafolio se encuentra posicionado de forma estrat\u00e9gica para atender la demanda t\u00e9cnica en infraestructura de centros de datos, descarbonizaci\u00f3n y los requerimientos derivados de la transici\u00f3n energ\u00e9tica global. Al asumir la posici\u00f3n, el nuevo directivo enfatiz\u00f3 el compromiso de dar continuidad a la estrategia corporativa enfocada en la innovaci\u00f3n tecnol\u00f3gica y la creaci\u00f3n de valor sustentable para los clientes del sector industrial.<\/p>\n","protected":false},"excerpt":{"rendered":"<p>La multinacional alemana Siemens hizo efectivo el nombramiento de Markus Grabmeier como el nuevo director ejecutivo (CEO) de su unidad de negocio Electrical Products, adscrita a la divisi\u00f3n de Smart Infrastructure. Grabmeier se reincorpora a la firma tras haber formado parte del Comit\u00e9 Ejecutivo de Gesti\u00f3n de la empresa Alfanar en Riad, Arabia Saudita, y de haber consolidado una trayectoria &hellip;<\/p>\n","protected":false},"author":10,"featured_media":9302,"comment_status":"closed","ping_status":"closed","sticky":false,"template":"","format":"standard","meta":{"footnotes":""},"categories":[60,2135],"tags":[],"class_list":["post-9301","post","type-post","status-publish","format-standard","has-post-thumbnail","hentry","category-empresas","category-nombramiento"],"aioseo_notices":[],"aioseo_head":"\n\t\t<!-- All in One SEO 5.0.0.1 - aioseo.com -->\n\t<meta name=\"description\" content=\"Siemens hizo efectivo el nombramiento de Markus Grabmeier como el CEO de su unidad de negocio Electrical Products adscrita a la divisi\u00f3n de Smart Infrastructure\" \/>\n\t<meta name=\"robots\" content=\"max-image-preview:large\" \/>\n\t<meta name=\"author\" content=\"Ana Paula S\u00e1nchez\"\/>\n\t<link rel=\"canonical\" href=\"https:\/\/www.podermexico.mx\/?p=9301\" \/>\n\t<meta name=\"generator\" content=\"All in One SEO (AIOSEO) 5.0.0.1\" \/>\n\t\t<meta property=\"og:locale\" content=\"es_MX\" \/>\n\t\t<meta property=\"og:site_name\" content=\"Poder M\u00e9xico - Donde los l\u00edderes definen el futuro, exploramos tendencias y desciframos el mundo de la pol\u00edtica y los negocios\" \/>\n\t\t<meta property=\"og:type\" content=\"article\" \/>\n\t\t<meta property=\"og:title\" content=\"- Poder M\u00e9xico\" \/>\n\t\t<meta property=\"og:description\" content=\"Siemens hizo efectivo el nombramiento de Markus Grabmeier como el CEO de su unidad de negocio Electrical Products adscrita a la divisi\u00f3n de Smart Infrastructure\" \/>\n\t\t<meta property=\"og:url\" content=\"https:\/\/www.podermexico.mx\/?p=9301\" \/>\n\t\t<meta property=\"article:published_time\" content=\"2026-06-02T00:00:00+00:00\" \/>\n\t\t<meta property=\"article:modified_time\" content=\"2026-06-01T23:46:06+00:00\" \/>\n\t\t<meta name=\"twitter:card\" content=\"summary_large_image\" \/>\n\t\t<meta name=\"twitter:title\" content=\"- Poder M\u00e9xico\" \/>\n\t\t<meta name=\"twitter:description\" content=\"Siemens hizo efectivo el nombramiento de Markus Grabmeier como el CEO de su unidad de negocio Electrical Products adscrita a la divisi\u00f3n de Smart Infrastructure\" \/>\n\t\t<script type=\"application\/ld+json\" class=\"aioseo-schema\">\n\t\t\t{\"@context\":\"https:\\\/\\\/schema.org\",\"@graph\":[{\"@type\":\"BlogPosting\",\"@id\":\"https:\\\/\\\/www.podermexico.mx\\\/?p=9301#blogposting\",\"name\":\"- Poder M\\u00e9xico\",\"author\":{\"@id\":\"https:\\\/\\\/www.podermexico.mx\\\/?author=10#author\"},\"publisher\":{\"@id\":\"https:\\\/\\\/www.podermexico.mx\\\/#organization\"},\"image\":{\"@type\":\"ImageObject\",\"url\":\"https:\\\/\\\/www.podermexico.mx\\\/wp-content\\\/uploads\\\/2026\\\/06\\\/Nombramiento-hr-Siemens.png\",\"width\":1920,\"height\":1080},\"datePublished\":\"2026-06-01T18:00:00-06:00\",\"dateModified\":\"2026-06-01T17:46:06-06:00\",\"inLanguage\":\"es-MX\",\"mainEntityOfPage\":{\"@id\":\"https:\\\/\\\/www.podermexico.mx\\\/?p=9301#webpage\"},\"isPartOf\":{\"@id\":\"https:\\\/\\\/www.podermexico.mx\\\/?p=9301#webpage\"},\"articleSection\":\"Empresas y Negocios, Nombramiento\"},{\"@type\":\"BreadcrumbList\",\"@id\":\"https:\\\/\\\/www.podermexico.mx\\\/?p=9301#breadcrumblist\",\"itemListElement\":[{\"@type\":\"ListItem\",\"@id\":\"https:\\\/\\\/www.podermexico.mx#listItem\",\"position\":1,\"name\":\"Home\",\"item\":\"https:\\\/\\\/www.podermexico.mx\",\"nextItem\":{\"@type\":\"ListItem\",\"@id\":\"https:\\\/\\\/www.podermexico.mx\\\/?cat=60#listItem\",\"name\":\"Empresas y Negocios\"}},{\"@type\":\"ListItem\",\"@id\":\"https:\\\/\\\/www.podermexico.mx\\\/?cat=60#listItem\",\"position\":2,\"name\":\"Empresas y Negocios\",\"item\":\"https:\\\/\\\/www.podermexico.mx\\\/?cat=60\",\"nextItem\":{\"@type\":\"ListItem\",\"@id\":\"https:\\\/\\\/www.podermexico.mx\\\/?cat=2135#listItem\",\"name\":\"Nombramiento\"},\"previousItem\":{\"@type\":\"ListItem\",\"@id\":\"https:\\\/\\\/www.podermexico.mx#listItem\",\"name\":\"Home\"}},{\"@type\":\"ListItem\",\"@id\":\"https:\\\/\\\/www.podermexico.mx\\\/?cat=2135#listItem\",\"position\":3,\"name\":\"Nombramiento\",\"item\":\"https:\\\/\\\/www.podermexico.mx\\\/?cat=2135\",\"previousItem\":{\"@type\":\"ListItem\",\"@id\":\"https:\\\/\\\/www.podermexico.mx\\\/?cat=60#listItem\",\"name\":\"Empresas y Negocios\"}},{\"@type\":\"ListItem\",\"@id\":\"https:\\\/\\\/www.podermexico.mx\\\/?p=9301#listItem\",\"position\":4,\"previousItem\":{\"@type\":\"ListItem\",\"@id\":\"https:\\\/\\\/www.podermexico.mx\\\/?cat=2135#listItem\",\"name\":\"Nombramiento\"}}]},{\"@type\":\"Organization\",\"@id\":\"https:\\\/\\\/www.podermexico.mx\\\/#organization\",\"name\":\"Poder M\\u00e9xico\",\"description\":\"Donde los l\\u00edderes definen el futuro, exploramos tendencias y desciframos el mundo de la pol\\u00edtica y los negocios\",\"url\":\"https:\\\/\\\/www.podermexico.mx\\\/\"},{\"@type\":\"Person\",\"@id\":\"https:\\\/\\\/www.podermexico.mx\\\/?author=10#author\",\"url\":\"https:\\\/\\\/www.podermexico.mx\\\/?author=10\",\"name\":\"Ana Paula S\\u00e1nchez\",\"image\":{\"@type\":\"ImageObject\",\"@id\":\"https:\\\/\\\/www.podermexico.mx\\\/?p=9301#authorImage\",\"url\":\"https:\\\/\\\/secure.gravatar.com\\\/avatar\\\/19ee16554e9e7586cb347184fe6e73083491a075c74c9d33aa7d22ebe4b90db8?s=96&d=mm&r=g\",\"width\":96,\"height\":96,\"caption\":\"Ana Paula S\\u00e1nchez\"}},{\"@type\":\"WebPage\",\"@id\":\"https:\\\/\\\/www.podermexico.mx\\\/?p=9301#webpage\",\"url\":\"https:\\\/\\\/www.podermexico.mx\\\/?p=9301\",\"name\":\"- Poder M\\u00e9xico\",\"description\":\"Siemens hizo efectivo el nombramiento de Markus Grabmeier como el CEO de su unidad de negocio Electrical Products adscrita a la divisi\\u00f3n de Smart Infrastructure\",\"inLanguage\":\"es-MX\",\"isPartOf\":{\"@id\":\"https:\\\/\\\/www.podermexico.mx\\\/#website\"},\"breadcrumb\":{\"@id\":\"https:\\\/\\\/www.podermexico.mx\\\/?p=9301#breadcrumblist\"},\"author\":{\"@id\":\"https:\\\/\\\/www.podermexico.mx\\\/?author=10#author\"},\"creator\":{\"@id\":\"https:\\\/\\\/www.podermexico.mx\\\/?author=10#author\"},\"image\":{\"@type\":\"ImageObject\",\"url\":\"https:\\\/\\\/www.podermexico.mx\\\/wp-content\\\/uploads\\\/2026\\\/06\\\/Nombramiento-hr-Siemens.png\",\"@id\":\"https:\\\/\\\/www.podermexico.mx\\\/?p=9301\\\/#mainImage\",\"width\":1920,\"height\":1080},\"primaryImageOfPage\":{\"@id\":\"https:\\\/\\\/www.podermexico.mx\\\/?p=9301#mainImage\"},\"datePublished\":\"2026-06-01T18:00:00-06:00\",\"dateModified\":\"2026-06-01T17:46:06-06:00\"},{\"@type\":\"WebSite\",\"@id\":\"https:\\\/\\\/www.podermexico.mx\\\/#website\",\"url\":\"https:\\\/\\\/www.podermexico.mx\\\/\",\"name\":\"Poder M\\u00e9xico\",\"description\":\"Donde los l\\u00edderes definen el futuro, exploramos tendencias y desciframos el mundo de la pol\\u00edtica y los negocios\",\"inLanguage\":\"es-MX\",\"publisher\":{\"@id\":\"https:\\\/\\\/www.podermexico.mx\\\/#organization\"}}]}\n\t\t<\/script>\n\t\t<!-- All in One SEO -->\n\n","aioseo_head_json":{"title":"- Poder M\u00e9xico","description":"Siemens hizo efectivo el nombramiento de Markus Grabmeier como el CEO de su unidad de negocio Electrical Products adscrita a la divisi\u00f3n de Smart Infrastructure","canonical_url":"https:\/\/www.podermexico.mx\/?p=9301","robots":"max-image-preview:large","keywords":"","webmasterTools":{"miscellaneous":""},"schema":{"@context":"https:\/\/schema.org","@graph":[{"@type":"BlogPosting","@id":"https:\/\/www.podermexico.mx\/?p=9301#blogposting","name":"- Poder M\u00e9xico","author":{"@id":"https:\/\/www.podermexico.mx\/?author=10#author"},"publisher":{"@id":"https:\/\/www.podermexico.mx\/#organization"},"image":{"@type":"ImageObject","url":"https:\/\/www.podermexico.mx\/wp-content\/uploads\/2026\/06\/Nombramiento-hr-Siemens.png","width":1920,"height":1080},"datePublished":"2026-06-01T18:00:00-06:00","dateModified":"2026-06-01T17:46:06-06:00","inLanguage":"es-MX","mainEntityOfPage":{"@id":"https:\/\/www.podermexico.mx\/?p=9301#webpage"},"isPartOf":{"@id":"https:\/\/www.podermexico.mx\/?p=9301#webpage"},"articleSection":"Empresas y Negocios, Nombramiento"},{"@type":"BreadcrumbList","@id":"https:\/\/www.podermexico.mx\/?p=9301#breadcrumblist","itemListElement":[{"@type":"ListItem","@id":"https:\/\/www.podermexico.mx#listItem","position":1,"name":"Home","item":"https:\/\/www.podermexico.mx","nextItem":{"@type":"ListItem","@id":"https:\/\/www.podermexico.mx\/?cat=60#listItem","name":"Empresas y Negocios"}},{"@type":"ListItem","@id":"https:\/\/www.podermexico.mx\/?cat=60#listItem","position":2,"name":"Empresas y Negocios","item":"https:\/\/www.podermexico.mx\/?cat=60","nextItem":{"@type":"ListItem","@id":"https:\/\/www.podermexico.mx\/?cat=2135#listItem","name":"Nombramiento"},"previousItem":{"@type":"ListItem","@id":"https:\/\/www.podermexico.mx#listItem","name":"Home"}},{"@type":"ListItem","@id":"https:\/\/www.podermexico.mx\/?cat=2135#listItem","position":3,"name":"Nombramiento","item":"https:\/\/www.podermexico.mx\/?cat=2135","previousItem":{"@type":"ListItem","@id":"https:\/\/www.podermexico.mx\/?cat=60#listItem","name":"Empresas y Negocios"}},{"@type":"ListItem","@id":"https:\/\/www.podermexico.mx\/?p=9301#listItem","position":4,"previousItem":{"@type":"ListItem","@id":"https:\/\/www.podermexico.mx\/?cat=2135#listItem","name":"Nombramiento"}}]},{"@type":"Organization","@id":"https:\/\/www.podermexico.mx\/#organization","name":"Poder M\u00e9xico","description":"Donde los l\u00edderes definen el futuro, exploramos tendencias y desciframos el mundo de la pol\u00edtica y los negocios","url":"https:\/\/www.podermexico.mx\/"},{"@type":"Person","@id":"https:\/\/www.podermexico.mx\/?author=10#author","url":"https:\/\/www.podermexico.mx\/?author=10","name":"Ana Paula S\u00e1nchez","image":{"@type":"ImageObject","@id":"https:\/\/www.podermexico.mx\/?p=9301#authorImage","url":"https:\/\/secure.gravatar.com\/avatar\/19ee16554e9e7586cb347184fe6e73083491a075c74c9d33aa7d22ebe4b90db8?s=96&d=mm&r=g","width":96,"height":96,"caption":"Ana Paula S\u00e1nchez"}},{"@type":"WebPage","@id":"https:\/\/www.podermexico.mx\/?p=9301#webpage","url":"https:\/\/www.podermexico.mx\/?p=9301","name":"- Poder M\u00e9xico","description":"Siemens hizo efectivo el nombramiento de Markus Grabmeier como el CEO de su unidad de negocio Electrical Products adscrita a la divisi\u00f3n de Smart Infrastructure","inLanguage":"es-MX","isPartOf":{"@id":"https:\/\/www.podermexico.mx\/#website"},"breadcrumb":{"@id":"https:\/\/www.podermexico.mx\/?p=9301#breadcrumblist"},"author":{"@id":"https:\/\/www.podermexico.mx\/?author=10#author"},"creator":{"@id":"https:\/\/www.podermexico.mx\/?author=10#author"},"image":{"@type":"ImageObject","url":"https:\/\/www.podermexico.mx\/wp-content\/uploads\/2026\/06\/Nombramiento-hr-Siemens.png","@id":"https:\/\/www.podermexico.mx\/?p=9301\/#mainImage","width":1920,"height":1080},"primaryImageOfPage":{"@id":"https:\/\/www.podermexico.mx\/?p=9301#mainImage"},"datePublished":"2026-06-01T18:00:00-06:00","dateModified":"2026-06-01T17:46:06-06:00"},{"@type":"WebSite","@id":"https:\/\/www.podermexico.mx\/#website","url":"https:\/\/www.podermexico.mx\/","name":"Poder M\u00e9xico","description":"Donde los l\u00edderes definen el futuro, exploramos tendencias y desciframos el mundo de la pol\u00edtica y los negocios","inLanguage":"es-MX","publisher":{"@id":"https:\/\/www.podermexico.mx\/#organization"}}]},"og:locale":"es_MX","og:site_name":"Poder M\u00e9xico - Donde los l\u00edderes definen el futuro, exploramos tendencias y desciframos el mundo de la pol\u00edtica y los negocios","og:type":"article","og:title":"- Poder M\u00e9xico","og:description":"Siemens hizo efectivo el nombramiento de Markus Grabmeier como el CEO de su unidad de negocio Electrical Products adscrita a la divisi\u00f3n de Smart Infrastructure","og:url":"https:\/\/www.podermexico.mx\/?p=9301","article:published_time":"2026-06-02T00:00:00+00:00","article:modified_time":"2026-06-01T23:46:06+00:00","twitter:card":"summary_large_image","twitter:title":"- Poder M\u00e9xico","twitter:description":"Siemens hizo efectivo el nombramiento de Markus Grabmeier como el CEO de su unidad de negocio Electrical Products adscrita a la divisi\u00f3n de Smart Infrastructure"},"aioseo_meta_data":{"post_id":"9301","title":null,"description":"Siemens hizo efectivo el nombramiento de Markus Grabmeier como el CEO de su unidad de negocio Electrical Products adscrita a la divisi\u00f3n de Smart Infrastructure","keywords":null,"keyphrases":{"focus":{"keyphrase":"Siemens","score":87,"analysis":{"keyphraseInTitle":{"score":3,"maxScore":9,"error":1},"keyphraseInDescription":{"score":9,"maxScore":9,"error":0},"keyphraseLength":{"score":9,"maxScore":9,"error":0,"length":1},"keyphraseInIntroduction":{"score":9,"maxScore":9,"error":0},"keyphraseInSubHeadings":[],"keyphraseInImageAlt":[],"keywordDensity":{"type":"best","score":9,"maxScore":9,"error":0}}},"additional":[]},"primary_term":null,"canonical_url":null,"og_title":null,"og_description":null,"og_object_type":"default","og_image_type":"default","og_image_url":null,"og_image_width":null,"og_image_height":null,"og_image_custom_url":null,"og_image_custom_fields":null,"og_video":"","og_custom_url":null,"og_article_section":null,"og_article_tags":null,"twitter_use_og":false,"twitter_card":"default","twitter_image_type":"default","twitter_image_url":null,"twitter_image_custom_url":null,"twitter_image_custom_fields":null,"twitter_title":null,"twitter_description":null,"schema":{"blockGraphs":[],"customGraphs":[],"default":{"data":{"Article":[],"Course":[],"Dataset":[],"FAQPage":[],"Movie":[],"Person":[],"Product":[],"ProductReview":[],"Car":[],"Recipe":[],"Service":[],"SoftwareApplication":[],"WebPage":[]},"graphName":"BlogPosting","isEnabled":true},"graphs":[]},"schema_type":"default","schema_type_options":null,"pillar_content":false,"robots_default":true,"robots_noindex":false,"robots_noarchive":false,"robots_nosnippet":false,"robots_nofollow":false,"robots_noimageindex":false,"robots_noodp":false,"robots_notranslate":false,"robots_max_snippet":"-1","robots_max_videopreview":"-1","robots_max_imagepreview":"large","priority":null,"frequency":"default","local_seo":null,"breadcrumb_settings":null,"limit_modified_date":false,"ai":{"faqs":[],"keyPoints":[],"schemas":[],"titles":[],"descriptions":[],"socialPosts":{"email":[],"linkedin":[],"twitter":[],"facebook":[],"instagram":[]}},"created":"2026-06-01 23:46:06","updated":"2026-06-02 00:49:02","seo_analyzer_scan_date":null,"focus_keyword":"Siemens","additional_keywords":null,"truseo_locale":null},"aioseo_breadcrumb":"<div class=\"aioseo-breadcrumbs\"><span class=\"aioseo-breadcrumb\">\n\t\t\t<a href=\"https:\/\/www.podermexico.mx\" title=\"Home\">Home<\/a>\n\t\t<\/span><span class=\"aioseo-breadcrumb-separator\">&raquo;<\/span><span class=\"aioseo-breadcrumb\">\n\t\t\t<a href=\"https:\/\/www.podermexico.mx\/?cat=60\" title=\"Empresas y Negocios\">Empresas y Negocios<\/a>\n\t\t<\/span><span class=\"aioseo-breadcrumb-separator\">&raquo;<\/span><span class=\"aioseo-breadcrumb\">\n\t\t\t<a href=\"https:\/\/www.podermexico.mx\/?cat=2135\" title=\"Nombramiento\">Nombramiento<\/a>\n\t\t<\/span><span class=\"aioseo-breadcrumb-separator\">&raquo;<\/span><span class=\"aioseo-breadcrumb\">\n\t\t\t\n\t\t<\/span><\/div>","aioseo_breadcrumb_json":[{"label":"Home","link":"https:\/\/www.podermexico.mx"},{"label":"Empresas y Negocios","link":"https:\/\/www.podermexico.mx\/?cat=60"},{"label":"Nombramiento","link":"https:\/\/www.podermexico.mx\/?cat=2135"},{"label":"","link":"https:\/\/www.podermexico.mx\/?p=9301"}],"_links":{"self":[{"href":"https:\/\/www.podermexico.mx\/index.php?rest_route=\/wp\/v2\/posts\/9301","targetHints":{"allow":["GET"]}}],"collection":[{"href":"https:\/\/www.podermexico.mx\/index.php?rest_route=\/wp\/v2\/posts"}],"about":[{"href":"https:\/\/www.podermexico.mx\/index.php?rest_route=\/wp\/v2\/types\/post"}],"author":[{"embeddable":true,"href":"https:\/\/www.podermexico.mx\/index.php?rest_route=\/wp\/v2\/users\/10"}],"replies":[{"embeddable":true,"href":"https:\/\/www.podermexico.mx\/index.php?rest_route=%2Fwp%2Fv2%2Fcomments&post=9301"}],"version-history":[{"count":1,"href":"https:\/\/www.podermexico.mx\/index.php?rest_route=\/wp\/v2\/posts\/9301\/revisions"}],"predecessor-version":[{"id":9303,"href":"https:\/\/www.podermexico.mx\/index.php?rest_route=\/wp\/v2\/posts\/9301\/revisions\/9303"}],"wp:featuredmedia":[{"embeddable":true,"href":"https:\/\/www.podermexico.mx\/index.php?rest_route=\/wp\/v2\/media\/9302"}],"wp:attachment":[{"href":"https:\/\/www.podermexico.mx\/index.php?rest_route=%2Fwp%2Fv2%2Fmedia&parent=9301"}],"wp:term":[{"taxonomy":"category","embeddable":true,"href":"https:\/\/www.podermexico.mx\/index.php?rest_route=%2Fwp%2Fv2%2Fcategories&post=9301"},{"taxonomy":"post_tag","embeddable":true,"href":"https:\/\/www.podermexico.mx\/index.php?rest_route=%2Fwp%2Fv2%2Ftags&post=9301"}],"curies":[{"name":"wp","href":"https:\/\/api.w.org\/{rel}","templated":true}]}}