
{"id":9277,"date":"2026-06-01T08:00:00","date_gmt":"2026-06-01T14:00:00","guid":{"rendered":"https:\/\/www.podermexico.mx\/?p=9277"},"modified":"2026-06-01T07:58:19","modified_gmt":"2026-06-01T13:58:19","slug":"assa-y-aeromexico-conjuran-huelga","status":"publish","type":"post","link":"https:\/\/www.podermexico.mx\/?p=9277","title":{"rendered":"ASSA y Aerom\u00e9xico conjuran huelga"},"content":{"rendered":"\n<p class=\"wp-block-paragraph\"><strong>La Asociaci\u00f3n Sindical de Sobrecargos de Aviaci\u00f3n (ASSA) de M\u00e9xico<\/strong> formaliz\u00f3 un acuerdo definitivo con la aerol\u00ednea <strong>Aerom\u00e9xico<\/strong> y las autoridades del sector laboral, logrando conjurar el emplazamiento a huelga que se encontraba programado para iniciar en el primer segundo de este <strong>1 de junio. <\/strong><\/p>\n\n\n\n<p class=\"wp-block-paragraph\">El entendimiento se alcanz\u00f3 en el marco del proceso de la <strong>Revisi\u00f3n Contractual y Salarial 2026<\/strong>, luego de varias semanas de mesas de negociaci\u00f3n obligatorias. <\/p>\n\n\n\n<p class=\"wp-block-paragraph\">La propuesta de convenio fue presentada ante los miembros del gremio y result\u00f3 aprobada por mayor\u00eda de votos durante el desarrollo de la Asamblea General, la cual se mantendr\u00e1 declarada en sesi\u00f3n permanente para dar continuidad a las directrices establecidas por la legislaci\u00f3n laboral vigente en el pa\u00eds.<\/p>\n\n\n\n<p class=\"wp-block-paragraph\">Dentro de los puntos clave acordados en la negociaci\u00f3n destaca un incremento salarial general fijado en el <strong>4.16%<\/strong>, as\u00ed como un ajuste del 4% en el rubro de vi\u00e1ticos para determinados destinos de viaje. <\/p>\n\n\n\n<p class=\"wp-block-paragraph\">En el \u00e1mbito de las prestaciones a mediano y largo plazo, el pacto estipula la extensi\u00f3n por un periodo de dos a\u00f1os de la cl\u00e1usula de retiro y jubilaci\u00f3n correspondiente al denominado Contrato A, adem\u00e1s de la creaci\u00f3n de un nuevo quinquenio para el personal que opera bajo el esquema del Contrato B. <\/p>\n\n\n\n<p class=\"wp-block-paragraph\">El sindicato, bajo la gesti\u00f3n del secretario general<strong> Rafael Mungu\u00eda Almeida y el Comit\u00e9 Ejecutivo<\/strong>, detall\u00f3 que el documento incorpora modificaciones en diversos conceptos contractuales enfocados en mitigar la brecha econ\u00f3mica y de condiciones existente entre ambos modelos de contrataci\u00f3n de la aerol\u00ednea.<\/p>\n\n\n\n<p class=\"wp-block-paragraph\">El esquema financiero aprobado contempla una cl\u00e1usula de revisi\u00f3n bianual que establece de manera autom\u00e1tica para el a\u00f1o 2027 un incremento al salario equivalente al \u00edndice de inflaci\u00f3n registrado m\u00e1s un <strong>0.5%<\/strong> <strong>adicional<\/strong>. No obstante, los lineamientos del acuerdo precisan que en caso de que la inflaci\u00f3n general alcance o rebase el umbral del 6%, ambas instituciones estar\u00e1n obligadas a renegociar dicho porcentaje de ajuste. <\/p>\n\n\n\n<p class=\"wp-block-paragraph\">La representaci\u00f3n sindical enfatiz\u00f3 que una vez que se definan los plazos correspondientes por las autoridades competentes y se concluya con la socializaci\u00f3n integral del proyecto de revisi\u00f3n entre las bases, la propuesta definitiva ser\u00e1 sometida a un proceso formal de consulta ciudadana mediante el ejercicio del voto libre y secreto.<\/p>\n","protected":false},"excerpt":{"rendered":"<p>La Asociaci\u00f3n Sindical de Sobrecargos de Aviaci\u00f3n (ASSA) de M\u00e9xico formaliz\u00f3 un acuerdo definitivo con la aerol\u00ednea Aerom\u00e9xico y las autoridades del sector laboral, logrando conjurar el emplazamiento a huelga que se encontraba programado para iniciar en el primer segundo de este 1 de junio. El entendimiento se alcanz\u00f3 en el marco del proceso de la Revisi\u00f3n Contractual y Salarial &hellip;<\/p>\n","protected":false},"author":7,"featured_media":9278,"comment_status":"closed","ping_status":"closed","sticky":false,"template":"","format":"standard","meta":{"footnotes":""},"categories":[2189],"tags":[1504,2383],"class_list":["post-9277","post","type-post","status-publish","format-standard","has-post-thumbnail","hentry","category-economia","tag-aeromexico","tag-assa"],"aioseo_notices":[],"aioseo_head":"\n\t\t<!-- All in One SEO 5.0.0.1 - aioseo.com -->\n\t<meta name=\"description\" content=\"La ASSA de M\u00e9xico formaliz\u00f3 un acuerdo definitivo con Aerom\u00e9xico sobre el emplazamiento a huelga programado para iniciar este 1 de junio.\" \/>\n\t<meta name=\"robots\" content=\"max-image-preview:large\" \/>\n\t<meta name=\"author\" content=\"Poder M\u00e9xico\"\/>\n\t<link rel=\"canonical\" href=\"https:\/\/www.podermexico.mx\/?p=9277\" \/>\n\t<meta name=\"generator\" content=\"All in One SEO (AIOSEO) 5.0.0.1\" \/>\n\t\t<meta property=\"og:locale\" content=\"es_MX\" \/>\n\t\t<meta property=\"og:site_name\" content=\"Poder M\u00e9xico - Donde los l\u00edderes definen el futuro, exploramos tendencias y desciframos el mundo de la pol\u00edtica y los negocios\" \/>\n\t\t<meta property=\"og:type\" content=\"article\" \/>\n\t\t<meta property=\"og:title\" content=\"ASSA y Aerom\u00e9xico conjuran huelga - Poder M\u00e9xico\" \/>\n\t\t<meta property=\"og:description\" content=\"La ASSA de M\u00e9xico formaliz\u00f3 un acuerdo definitivo con Aerom\u00e9xico sobre el emplazamiento a huelga programado para iniciar este 1 de junio.\" \/>\n\t\t<meta property=\"og:url\" content=\"https:\/\/www.podermexico.mx\/?p=9277\" \/>\n\t\t<meta property=\"article:published_time\" content=\"2026-06-01T14:00:00+00:00\" \/>\n\t\t<meta property=\"article:modified_time\" content=\"2026-06-01T13:58:19+00:00\" \/>\n\t\t<meta name=\"twitter:card\" content=\"summary_large_image\" \/>\n\t\t<meta name=\"twitter:title\" content=\"ASSA y Aerom\u00e9xico conjuran huelga - Poder M\u00e9xico\" \/>\n\t\t<meta name=\"twitter:description\" content=\"La ASSA de M\u00e9xico formaliz\u00f3 un acuerdo definitivo con Aerom\u00e9xico sobre el emplazamiento a huelga programado para iniciar este 1 de junio.\" \/>\n\t\t<script type=\"application\/ld+json\" class=\"aioseo-schema\">\n\t\t\t{\"@context\":\"https:\\\/\\\/schema.org\",\"@graph\":[{\"@type\":\"BlogPosting\",\"@id\":\"https:\\\/\\\/www.podermexico.mx\\\/?p=9277#blogposting\",\"name\":\"ASSA y Aerom\\u00e9xico conjuran huelga - Poder M\\u00e9xico\",\"headline\":\"ASSA y Aerom\\u00e9xico conjuran huelga\",\"author\":{\"@id\":\"https:\\\/\\\/www.podermexico.mx\\\/?author=7#author\"},\"publisher\":{\"@id\":\"https:\\\/\\\/www.podermexico.mx\\\/#organization\"},\"image\":{\"@type\":\"ImageObject\",\"url\":\"https:\\\/\\\/www.podermexico.mx\\\/wp-content\\\/uploads\\\/2026\\\/06\\\/aeromexico-heulga.webp\",\"width\":1200,\"height\":900},\"datePublished\":\"2026-06-01T08:00:00-06:00\",\"dateModified\":\"2026-06-01T07:58:19-06:00\",\"inLanguage\":\"es-MX\",\"mainEntityOfPage\":{\"@id\":\"https:\\\/\\\/www.podermexico.mx\\\/?p=9277#webpage\"},\"isPartOf\":{\"@id\":\"https:\\\/\\\/www.podermexico.mx\\\/?p=9277#webpage\"},\"articleSection\":\"Econom\\u00eda, Aerom\\u00e9xico, ASSA\"},{\"@type\":\"BreadcrumbList\",\"@id\":\"https:\\\/\\\/www.podermexico.mx\\\/?p=9277#breadcrumblist\",\"itemListElement\":[{\"@type\":\"ListItem\",\"@id\":\"https:\\\/\\\/www.podermexico.mx#listItem\",\"position\":1,\"name\":\"Home\",\"item\":\"https:\\\/\\\/www.podermexico.mx\",\"nextItem\":{\"@type\":\"ListItem\",\"@id\":\"https:\\\/\\\/www.podermexico.mx\\\/?cat=2189#listItem\",\"name\":\"Econom\\u00eda\"}},{\"@type\":\"ListItem\",\"@id\":\"https:\\\/\\\/www.podermexico.mx\\\/?cat=2189#listItem\",\"position\":2,\"name\":\"Econom\\u00eda\",\"item\":\"https:\\\/\\\/www.podermexico.mx\\\/?cat=2189\",\"nextItem\":{\"@type\":\"ListItem\",\"@id\":\"https:\\\/\\\/www.podermexico.mx\\\/?p=9277#listItem\",\"name\":\"ASSA y Aerom\\u00e9xico conjuran huelga\"},\"previousItem\":{\"@type\":\"ListItem\",\"@id\":\"https:\\\/\\\/www.podermexico.mx#listItem\",\"name\":\"Home\"}},{\"@type\":\"ListItem\",\"@id\":\"https:\\\/\\\/www.podermexico.mx\\\/?p=9277#listItem\",\"position\":3,\"name\":\"ASSA y Aerom\\u00e9xico conjuran huelga\",\"previousItem\":{\"@type\":\"ListItem\",\"@id\":\"https:\\\/\\\/www.podermexico.mx\\\/?cat=2189#listItem\",\"name\":\"Econom\\u00eda\"}}]},{\"@type\":\"Organization\",\"@id\":\"https:\\\/\\\/www.podermexico.mx\\\/#organization\",\"name\":\"Poder M\\u00e9xico\",\"description\":\"Donde los l\\u00edderes definen el futuro, exploramos tendencias y desciframos el mundo de la pol\\u00edtica y los negocios\",\"url\":\"https:\\\/\\\/www.podermexico.mx\\\/\"},{\"@type\":\"Person\",\"@id\":\"https:\\\/\\\/www.podermexico.mx\\\/?author=7#author\",\"url\":\"https:\\\/\\\/www.podermexico.mx\\\/?author=7\",\"name\":\"Poder M\\u00e9xico\",\"image\":{\"@type\":\"ImageObject\",\"@id\":\"https:\\\/\\\/www.podermexico.mx\\\/?p=9277#authorImage\",\"url\":\"https:\\\/\\\/secure.gravatar.com\\\/avatar\\\/6873d270747c7f511ab0e491b4ef59ff185c68a5912118c90f83cdcd498e434b?s=96&d=mm&r=g\",\"width\":96,\"height\":96,\"caption\":\"Poder M\\u00e9xico\"}},{\"@type\":\"WebPage\",\"@id\":\"https:\\\/\\\/www.podermexico.mx\\\/?p=9277#webpage\",\"url\":\"https:\\\/\\\/www.podermexico.mx\\\/?p=9277\",\"name\":\"ASSA y Aerom\\u00e9xico conjuran huelga - Poder M\\u00e9xico\",\"description\":\"La ASSA de M\\u00e9xico formaliz\\u00f3 un acuerdo definitivo con Aerom\\u00e9xico sobre el emplazamiento a huelga programado para iniciar este 1 de junio.\",\"inLanguage\":\"es-MX\",\"isPartOf\":{\"@id\":\"https:\\\/\\\/www.podermexico.mx\\\/#website\"},\"breadcrumb\":{\"@id\":\"https:\\\/\\\/www.podermexico.mx\\\/?p=9277#breadcrumblist\"},\"author\":{\"@id\":\"https:\\\/\\\/www.podermexico.mx\\\/?author=7#author\"},\"creator\":{\"@id\":\"https:\\\/\\\/www.podermexico.mx\\\/?author=7#author\"},\"image\":{\"@type\":\"ImageObject\",\"url\":\"https:\\\/\\\/www.podermexico.mx\\\/wp-content\\\/uploads\\\/2026\\\/06\\\/aeromexico-heulga.webp\",\"@id\":\"https:\\\/\\\/www.podermexico.mx\\\/?p=9277\\\/#mainImage\",\"width\":1200,\"height\":900},\"primaryImageOfPage\":{\"@id\":\"https:\\\/\\\/www.podermexico.mx\\\/?p=9277#mainImage\"},\"datePublished\":\"2026-06-01T08:00:00-06:00\",\"dateModified\":\"2026-06-01T07:58:19-06:00\"},{\"@type\":\"WebSite\",\"@id\":\"https:\\\/\\\/www.podermexico.mx\\\/#website\",\"url\":\"https:\\\/\\\/www.podermexico.mx\\\/\",\"name\":\"Poder M\\u00e9xico\",\"description\":\"Donde los l\\u00edderes definen el futuro, exploramos tendencias y desciframos el mundo de la pol\\u00edtica y los negocios\",\"inLanguage\":\"es-MX\",\"publisher\":{\"@id\":\"https:\\\/\\\/www.podermexico.mx\\\/#organization\"}}]}\n\t\t<\/script>\n\t\t<!-- All in One SEO -->\n\n","aioseo_head_json":{"title":"ASSA y Aerom\u00e9xico conjuran huelga - Poder M\u00e9xico","description":"La ASSA de M\u00e9xico formaliz\u00f3 un acuerdo definitivo con Aerom\u00e9xico sobre el emplazamiento a huelga programado para iniciar este 1 de junio.","canonical_url":"https:\/\/www.podermexico.mx\/?p=9277","robots":"max-image-preview:large","keywords":"","webmasterTools":{"miscellaneous":""},"schema":{"@context":"https:\/\/schema.org","@graph":[{"@type":"BlogPosting","@id":"https:\/\/www.podermexico.mx\/?p=9277#blogposting","name":"ASSA y Aerom\u00e9xico conjuran huelga - Poder M\u00e9xico","headline":"ASSA y Aerom\u00e9xico conjuran huelga","author":{"@id":"https:\/\/www.podermexico.mx\/?author=7#author"},"publisher":{"@id":"https:\/\/www.podermexico.mx\/#organization"},"image":{"@type":"ImageObject","url":"https:\/\/www.podermexico.mx\/wp-content\/uploads\/2026\/06\/aeromexico-heulga.webp","width":1200,"height":900},"datePublished":"2026-06-01T08:00:00-06:00","dateModified":"2026-06-01T07:58:19-06:00","inLanguage":"es-MX","mainEntityOfPage":{"@id":"https:\/\/www.podermexico.mx\/?p=9277#webpage"},"isPartOf":{"@id":"https:\/\/www.podermexico.mx\/?p=9277#webpage"},"articleSection":"Econom\u00eda, Aerom\u00e9xico, ASSA"},{"@type":"BreadcrumbList","@id":"https:\/\/www.podermexico.mx\/?p=9277#breadcrumblist","itemListElement":[{"@type":"ListItem","@id":"https:\/\/www.podermexico.mx#listItem","position":1,"name":"Home","item":"https:\/\/www.podermexico.mx","nextItem":{"@type":"ListItem","@id":"https:\/\/www.podermexico.mx\/?cat=2189#listItem","name":"Econom\u00eda"}},{"@type":"ListItem","@id":"https:\/\/www.podermexico.mx\/?cat=2189#listItem","position":2,"name":"Econom\u00eda","item":"https:\/\/www.podermexico.mx\/?cat=2189","nextItem":{"@type":"ListItem","@id":"https:\/\/www.podermexico.mx\/?p=9277#listItem","name":"ASSA y Aerom\u00e9xico conjuran huelga"},"previousItem":{"@type":"ListItem","@id":"https:\/\/www.podermexico.mx#listItem","name":"Home"}},{"@type":"ListItem","@id":"https:\/\/www.podermexico.mx\/?p=9277#listItem","position":3,"name":"ASSA y Aerom\u00e9xico conjuran huelga","previousItem":{"@type":"ListItem","@id":"https:\/\/www.podermexico.mx\/?cat=2189#listItem","name":"Econom\u00eda"}}]},{"@type":"Organization","@id":"https:\/\/www.podermexico.mx\/#organization","name":"Poder M\u00e9xico","description":"Donde los l\u00edderes definen el futuro, exploramos tendencias y desciframos el mundo de la pol\u00edtica y los negocios","url":"https:\/\/www.podermexico.mx\/"},{"@type":"Person","@id":"https:\/\/www.podermexico.mx\/?author=7#author","url":"https:\/\/www.podermexico.mx\/?author=7","name":"Poder M\u00e9xico","image":{"@type":"ImageObject","@id":"https:\/\/www.podermexico.mx\/?p=9277#authorImage","url":"https:\/\/secure.gravatar.com\/avatar\/6873d270747c7f511ab0e491b4ef59ff185c68a5912118c90f83cdcd498e434b?s=96&d=mm&r=g","width":96,"height":96,"caption":"Poder M\u00e9xico"}},{"@type":"WebPage","@id":"https:\/\/www.podermexico.mx\/?p=9277#webpage","url":"https:\/\/www.podermexico.mx\/?p=9277","name":"ASSA y Aerom\u00e9xico conjuran huelga - Poder M\u00e9xico","description":"La ASSA de M\u00e9xico formaliz\u00f3 un acuerdo definitivo con Aerom\u00e9xico sobre el emplazamiento a huelga programado para iniciar este 1 de junio.","inLanguage":"es-MX","isPartOf":{"@id":"https:\/\/www.podermexico.mx\/#website"},"breadcrumb":{"@id":"https:\/\/www.podermexico.mx\/?p=9277#breadcrumblist"},"author":{"@id":"https:\/\/www.podermexico.mx\/?author=7#author"},"creator":{"@id":"https:\/\/www.podermexico.mx\/?author=7#author"},"image":{"@type":"ImageObject","url":"https:\/\/www.podermexico.mx\/wp-content\/uploads\/2026\/06\/aeromexico-heulga.webp","@id":"https:\/\/www.podermexico.mx\/?p=9277\/#mainImage","width":1200,"height":900},"primaryImageOfPage":{"@id":"https:\/\/www.podermexico.mx\/?p=9277#mainImage"},"datePublished":"2026-06-01T08:00:00-06:00","dateModified":"2026-06-01T07:58:19-06:00"},{"@type":"WebSite","@id":"https:\/\/www.podermexico.mx\/#website","url":"https:\/\/www.podermexico.mx\/","name":"Poder M\u00e9xico","description":"Donde los l\u00edderes definen el futuro, exploramos tendencias y desciframos el mundo de la pol\u00edtica y los negocios","inLanguage":"es-MX","publisher":{"@id":"https:\/\/www.podermexico.mx\/#organization"}}]},"og:locale":"es_MX","og:site_name":"Poder M\u00e9xico - Donde los l\u00edderes definen el futuro, exploramos tendencias y desciframos el mundo de la pol\u00edtica y los negocios","og:type":"article","og:title":"ASSA y Aerom\u00e9xico conjuran huelga - Poder M\u00e9xico","og:description":"La ASSA de M\u00e9xico formaliz\u00f3 un acuerdo definitivo con Aerom\u00e9xico sobre el emplazamiento a huelga programado para iniciar este 1 de junio.","og:url":"https:\/\/www.podermexico.mx\/?p=9277","article:published_time":"2026-06-01T14:00:00+00:00","article:modified_time":"2026-06-01T13:58:19+00:00","twitter:card":"summary_large_image","twitter:title":"ASSA y Aerom\u00e9xico conjuran huelga - Poder M\u00e9xico","twitter:description":"La ASSA de M\u00e9xico formaliz\u00f3 un acuerdo definitivo con Aerom\u00e9xico sobre el emplazamiento a huelga programado para iniciar este 1 de junio."},"aioseo_meta_data":{"post_id":"9277","title":null,"description":"La ASSA de M\u00e9xico formaliz\u00f3 un acuerdo definitivo con Aerom\u00e9xico sobre el emplazamiento a huelga programado para iniciar este 1 de junio.","keywords":null,"keyphrases":{"focus":{"keyphrase":"Aerom\u00e9xico","score":80,"analysis":{"keyphraseInTitle":{"score":9,"maxScore":9,"error":0},"keyphraseInDescription":{"score":9,"maxScore":9,"error":0},"keyphraseLength":{"score":9,"maxScore":9,"error":0,"length":2},"keyphraseInIntroduction":{"score":9,"maxScore":9,"error":0},"keyphraseInSubHeadings":[],"keyphraseInImageAlt":[],"keywordDensity":{"score":0,"type":"low","maxScore":9,"error":1}}},"additional":[]},"primary_term":null,"canonical_url":null,"og_title":null,"og_description":null,"og_object_type":"default","og_image_type":"default","og_image_url":null,"og_image_width":null,"og_image_height":null,"og_image_custom_url":null,"og_image_custom_fields":null,"og_video":"","og_custom_url":null,"og_article_section":null,"og_article_tags":null,"twitter_use_og":false,"twitter_card":"default","twitter_image_type":"default","twitter_image_url":null,"twitter_image_custom_url":null,"twitter_image_custom_fields":null,"twitter_title":null,"twitter_description":null,"schema":{"blockGraphs":[],"customGraphs":[],"default":{"data":{"Article":[],"Course":[],"Dataset":[],"FAQPage":[],"Movie":[],"Person":[],"Product":[],"ProductReview":[],"Car":[],"Recipe":[],"Service":[],"SoftwareApplication":[],"WebPage":[]},"graphName":"BlogPosting","isEnabled":true},"graphs":[]},"schema_type":"default","schema_type_options":null,"pillar_content":false,"robots_default":true,"robots_noindex":false,"robots_noarchive":false,"robots_nosnippet":false,"robots_nofollow":false,"robots_noimageindex":false,"robots_noodp":false,"robots_notranslate":false,"robots_max_snippet":"-1","robots_max_videopreview":"-1","robots_max_imagepreview":"large","priority":null,"frequency":"default","local_seo":null,"breadcrumb_settings":null,"limit_modified_date":false,"ai":{"faqs":[],"keyPoints":[],"schemas":[],"titles":[],"descriptions":[],"socialPosts":{"email":[],"linkedin":[],"twitter":[],"facebook":[],"instagram":[]}},"created":"2026-06-01 13:58:19","updated":"2026-06-01 15:31:59","seo_analyzer_scan_date":null,"focus_keyword":"Aerom\u00e9xico","additional_keywords":null,"truseo_locale":null},"aioseo_breadcrumb":"<div class=\"aioseo-breadcrumbs\"><span class=\"aioseo-breadcrumb\">\n\t\t\t<a href=\"https:\/\/www.podermexico.mx\" title=\"Home\">Home<\/a>\n\t\t<\/span><span class=\"aioseo-breadcrumb-separator\">&raquo;<\/span><span class=\"aioseo-breadcrumb\">\n\t\t\t<a href=\"https:\/\/www.podermexico.mx\/?cat=2189\" title=\"Econom\u00eda\">Econom\u00eda<\/a>\n\t\t<\/span><span class=\"aioseo-breadcrumb-separator\">&raquo;<\/span><span class=\"aioseo-breadcrumb\">\n\t\t\tASSA y Aerom\u00e9xico conjuran huelga\n\t\t<\/span><\/div>","aioseo_breadcrumb_json":[{"label":"Home","link":"https:\/\/www.podermexico.mx"},{"label":"Econom\u00eda","link":"https:\/\/www.podermexico.mx\/?cat=2189"},{"label":"ASSA y Aerom\u00e9xico conjuran huelga","link":"https:\/\/www.podermexico.mx\/?p=9277"}],"_links":{"self":[{"href":"https:\/\/www.podermexico.mx\/index.php?rest_route=\/wp\/v2\/posts\/9277","targetHints":{"allow":["GET"]}}],"collection":[{"href":"https:\/\/www.podermexico.mx\/index.php?rest_route=\/wp\/v2\/posts"}],"about":[{"href":"https:\/\/www.podermexico.mx\/index.php?rest_route=\/wp\/v2\/types\/post"}],"author":[{"embeddable":true,"href":"https:\/\/www.podermexico.mx\/index.php?rest_route=\/wp\/v2\/users\/7"}],"replies":[{"embeddable":true,"href":"https:\/\/www.podermexico.mx\/index.php?rest_route=%2Fwp%2Fv2%2Fcomments&post=9277"}],"version-history":[{"count":1,"href":"https:\/\/www.podermexico.mx\/index.php?rest_route=\/wp\/v2\/posts\/9277\/revisions"}],"predecessor-version":[{"id":9279,"href":"https:\/\/www.podermexico.mx\/index.php?rest_route=\/wp\/v2\/posts\/9277\/revisions\/9279"}],"wp:featuredmedia":[{"embeddable":true,"href":"https:\/\/www.podermexico.mx\/index.php?rest_route=\/wp\/v2\/media\/9278"}],"wp:attachment":[{"href":"https:\/\/www.podermexico.mx\/index.php?rest_route=%2Fwp%2Fv2%2Fmedia&parent=9277"}],"wp:term":[{"taxonomy":"category","embeddable":true,"href":"https:\/\/www.podermexico.mx\/index.php?rest_route=%2Fwp%2Fv2%2Fcategories&post=9277"},{"taxonomy":"post_tag","embeddable":true,"href":"https:\/\/www.podermexico.mx\/index.php?rest_route=%2Fwp%2Fv2%2Ftags&post=9277"}],"curies":[{"name":"wp","href":"https:\/\/api.w.org\/{rel}","templated":true}]}}