
{"id":9265,"date":"2026-05-29T17:00:00","date_gmt":"2026-05-29T23:00:00","guid":{"rendered":"https:\/\/www.podermexico.mx\/?p=9265"},"modified":"2026-05-29T15:31:32","modified_gmt":"2026-05-29T21:31:32","slug":"abbott-anuncia-inversion-de-3500-millones-de-pesos-en-el-estado-de-queretaro","status":"publish","type":"post","link":"https:\/\/www.podermexico.mx\/?p=9265","title":{"rendered":"ABBOTT anuncia inversi\u00f3n de 3,500 millones de pesos en el Estado de Quer\u00e9taro"},"content":{"rendered":"\n<p class=\"wp-block-paragraph\">La corporaci\u00f3n internacional de atenci\u00f3n m\u00e9dica <strong>Abbott<\/strong> formaliz\u00f3 un plan de inversi\u00f3n por un monto de <strong>3,500 millones de pesos<\/strong> destinado a la edificaci\u00f3n y equipamiento de una nueva planta de producci\u00f3n en el estado de Quer\u00e9taro. <\/p>\n\n\n\n<p class=\"wp-block-paragraph\">Este proyecto de infraestructura industrial se enfocar\u00e1 de forma prioritaria en la fabricaci\u00f3n de dispositivos m\u00e9dicos avanzados y soluciones de diagn\u00f3stico tecnol\u00f3gico, con el objetivo de abastecer tanto el mercado nacional como los canales de exportaci\u00f3n en la regi\u00f3n de Norteam\u00e9rica y Am\u00e9rica Latina. <\/p>\n\n\n\n<p class=\"wp-block-paragraph\">De acuerdo con las estimaciones de la compa\u00f1\u00eda y de las autoridades locales, el establecimiento de este complejo industrial proyecta la generaci\u00f3n directa de cientos de empleos especializados y oportunidades t\u00e9cnicas para profesionales del sector de la salud y la manufactura avanzada en la entidad.<\/p>\n\n\n\n<p class=\"wp-block-paragraph\">La decisi\u00f3n de la multinacional para consolidar este gasto de capital en el territorio queretano responde a las ventajas competitivas de la regi\u00f3n en materia de conectividad log\u00edstica, infraestructura industrial y la disponibilidad de capital humano altamente calificado. La planta contar\u00e1 con criterios avanzados de eficiencia operativa y tecnol\u00f3gica, aline\u00e1ndose con las normativas internacionales de calidad del sector m\u00e9dico y farmac\u00e9utico. <\/p>\n\n\n\n<p class=\"wp-block-paragraph\">Representantes corporativos se\u00f1alaron que esta expansi\u00f3n es clave para optimizar la cadena de suministro global de la firma y asegurar la trazabilidad y distribuci\u00f3n oportuna de insumos m\u00e9dicos cr\u00edticos, fortaleciendo el rol del pa\u00eds como un nodo estrat\u00e9gico de manufactura de alta tecnolog\u00eda.<\/p>\n\n\n\n<p class=\"wp-block-paragraph\">El anuncio de esta inversi\u00f3n se suma al dinamismo de la industria biom\u00e9dica y tecnol\u00f3gica en el Baj\u00edo, consolidando la confianza de las firmas globales en el entorno de certeza jur\u00eddica y estabilidad econ\u00f3mica que ofrece el estado. <\/p>\n\n\n\n<p class=\"wp-block-paragraph\">Las fases de construcci\u00f3n y desarrollo t\u00e9cnico de las instalaciones est\u00e1n previstas para ejecutarse bajo un calendario programado a corto y mediano plazo, contemplando adem\u00e1s programas de capacitaci\u00f3n especializada para el personal local que operar\u00e1 las l\u00edneas de producci\u00f3n. Con esta nueva infraestructura, Abbott busca incrementar significativamente su capacidad instalada y expandir su portafolio de atenci\u00f3n sanitaria a nivel regional mediante soluciones de manufactura sostenible y de \u00faltima generaci\u00f3n.<\/p>\n","protected":false},"excerpt":{"rendered":"<p>La corporaci\u00f3n internacional de atenci\u00f3n m\u00e9dica Abbott formaliz\u00f3 un plan de inversi\u00f3n por un monto de 3,500 millones de pesos destinado a la edificaci\u00f3n y equipamiento de una nueva planta de producci\u00f3n en el estado de Quer\u00e9taro. Este proyecto de infraestructura industrial se enfocar\u00e1 de forma prioritaria en la fabricaci\u00f3n de dispositivos m\u00e9dicos avanzados y soluciones de diagn\u00f3stico tecnol\u00f3gico, con &hellip;<\/p>\n","protected":false},"author":10,"featured_media":9267,"comment_status":"closed","ping_status":"closed","sticky":false,"template":"","format":"standard","meta":{"footnotes":""},"categories":[68],"tags":[2067,199,134],"class_list":["post-9265","post","type-post","status-publish","format-standard","has-post-thumbnail","hentry","category-salud","tag-abbott","tag-queretaro","tag-salud"],"aioseo_notices":[],"aioseo_head":"\n\t\t<!-- All in One SEO 5.0.0.1 - aioseo.com -->\n\t<meta name=\"description\" content=\"Abbott formaliz\u00f3 un plan de inversi\u00f3n por 3,500 mdp destinado a la edificaci\u00f3n y equipamiento de una nueva planta de producci\u00f3n en el estado de Quer\u00e9taro.\" \/>\n\t<meta name=\"robots\" content=\"max-image-preview:large\" \/>\n\t<meta name=\"author\" content=\"Ana Paula S\u00e1nchez\"\/>\n\t<link rel=\"canonical\" href=\"https:\/\/www.podermexico.mx\/?p=9265\" \/>\n\t<meta name=\"generator\" content=\"All in One SEO (AIOSEO) 5.0.0.1\" \/>\n\t\t<meta property=\"og:locale\" content=\"es_MX\" \/>\n\t\t<meta property=\"og:site_name\" content=\"Poder M\u00e9xico - Donde los l\u00edderes definen el futuro, exploramos tendencias y desciframos el mundo de la pol\u00edtica y los negocios\" \/>\n\t\t<meta property=\"og:type\" content=\"article\" \/>\n\t\t<meta property=\"og:title\" content=\"ABBOTT anuncia inversi\u00f3n de 3,500 millones de pesos en el Estado de Quer\u00e9taro - Poder M\u00e9xico\" \/>\n\t\t<meta property=\"og:description\" content=\"Abbott formaliz\u00f3 un plan de inversi\u00f3n por 3,500 mdp destinado a la edificaci\u00f3n y equipamiento de una nueva planta de producci\u00f3n en el estado de Quer\u00e9taro.\" \/>\n\t\t<meta property=\"og:url\" content=\"https:\/\/www.podermexico.mx\/?p=9265\" \/>\n\t\t<meta property=\"article:published_time\" content=\"2026-05-29T23:00:00+00:00\" \/>\n\t\t<meta property=\"article:modified_time\" content=\"2026-05-29T21:31:32+00:00\" \/>\n\t\t<meta name=\"twitter:card\" content=\"summary_large_image\" \/>\n\t\t<meta name=\"twitter:title\" content=\"ABBOTT anuncia inversi\u00f3n de 3,500 millones de pesos en el Estado de Quer\u00e9taro - Poder M\u00e9xico\" \/>\n\t\t<meta name=\"twitter:description\" content=\"Abbott formaliz\u00f3 un plan de inversi\u00f3n por 3,500 mdp destinado a la edificaci\u00f3n y equipamiento de una nueva planta de producci\u00f3n en el estado de Quer\u00e9taro.\" \/>\n\t\t<script type=\"application\/ld+json\" class=\"aioseo-schema\">\n\t\t\t{\"@context\":\"https:\\\/\\\/schema.org\",\"@graph\":[{\"@type\":\"BlogPosting\",\"@id\":\"https:\\\/\\\/www.podermexico.mx\\\/?p=9265#blogposting\",\"name\":\"ABBOTT anuncia inversi\\u00f3n de 3,500 millones de pesos en el Estado de Quer\\u00e9taro - Poder M\\u00e9xico\",\"headline\":\"ABBOTT anuncia inversi\\u00f3n de 3,500 millones de pesos en el Estado de Quer\\u00e9taro\",\"author\":{\"@id\":\"https:\\\/\\\/www.podermexico.mx\\\/?author=10#author\"},\"publisher\":{\"@id\":\"https:\\\/\\\/www.podermexico.mx\\\/#organization\"},\"image\":{\"@type\":\"ImageObject\",\"url\":\"https:\\\/\\\/www.podermexico.mx\\\/wp-content\\\/uploads\\\/2026\\\/05\\\/Abbott.webp\",\"width\":800,\"height\":534},\"datePublished\":\"2026-05-29T17:00:00-06:00\",\"dateModified\":\"2026-05-29T15:31:32-06:00\",\"inLanguage\":\"es-MX\",\"mainEntityOfPage\":{\"@id\":\"https:\\\/\\\/www.podermexico.mx\\\/?p=9265#webpage\"},\"isPartOf\":{\"@id\":\"https:\\\/\\\/www.podermexico.mx\\\/?p=9265#webpage\"},\"articleSection\":\"Salud, Abbott, Quer\\u00e9taro, Salud\"},{\"@type\":\"BreadcrumbList\",\"@id\":\"https:\\\/\\\/www.podermexico.mx\\\/?p=9265#breadcrumblist\",\"itemListElement\":[{\"@type\":\"ListItem\",\"@id\":\"https:\\\/\\\/www.podermexico.mx#listItem\",\"position\":1,\"name\":\"Home\",\"item\":\"https:\\\/\\\/www.podermexico.mx\",\"nextItem\":{\"@type\":\"ListItem\",\"@id\":\"https:\\\/\\\/www.podermexico.mx\\\/?cat=68#listItem\",\"name\":\"Salud\"}},{\"@type\":\"ListItem\",\"@id\":\"https:\\\/\\\/www.podermexico.mx\\\/?cat=68#listItem\",\"position\":2,\"name\":\"Salud\",\"item\":\"https:\\\/\\\/www.podermexico.mx\\\/?cat=68\",\"nextItem\":{\"@type\":\"ListItem\",\"@id\":\"https:\\\/\\\/www.podermexico.mx\\\/?p=9265#listItem\",\"name\":\"ABBOTT anuncia inversi\\u00f3n de 3,500 millones de pesos en el Estado de Quer\\u00e9taro\"},\"previousItem\":{\"@type\":\"ListItem\",\"@id\":\"https:\\\/\\\/www.podermexico.mx#listItem\",\"name\":\"Home\"}},{\"@type\":\"ListItem\",\"@id\":\"https:\\\/\\\/www.podermexico.mx\\\/?p=9265#listItem\",\"position\":3,\"name\":\"ABBOTT anuncia inversi\\u00f3n de 3,500 millones de pesos en el Estado de Quer\\u00e9taro\",\"previousItem\":{\"@type\":\"ListItem\",\"@id\":\"https:\\\/\\\/www.podermexico.mx\\\/?cat=68#listItem\",\"name\":\"Salud\"}}]},{\"@type\":\"Organization\",\"@id\":\"https:\\\/\\\/www.podermexico.mx\\\/#organization\",\"name\":\"Poder M\\u00e9xico\",\"description\":\"Donde los l\\u00edderes definen el futuro, exploramos tendencias y desciframos el mundo de la pol\\u00edtica y los negocios\",\"url\":\"https:\\\/\\\/www.podermexico.mx\\\/\"},{\"@type\":\"Person\",\"@id\":\"https:\\\/\\\/www.podermexico.mx\\\/?author=10#author\",\"url\":\"https:\\\/\\\/www.podermexico.mx\\\/?author=10\",\"name\":\"Ana Paula S\\u00e1nchez\",\"image\":{\"@type\":\"ImageObject\",\"@id\":\"https:\\\/\\\/www.podermexico.mx\\\/?p=9265#authorImage\",\"url\":\"https:\\\/\\\/secure.gravatar.com\\\/avatar\\\/19ee16554e9e7586cb347184fe6e73083491a075c74c9d33aa7d22ebe4b90db8?s=96&d=mm&r=g\",\"width\":96,\"height\":96,\"caption\":\"Ana Paula S\\u00e1nchez\"}},{\"@type\":\"WebPage\",\"@id\":\"https:\\\/\\\/www.podermexico.mx\\\/?p=9265#webpage\",\"url\":\"https:\\\/\\\/www.podermexico.mx\\\/?p=9265\",\"name\":\"ABBOTT anuncia inversi\\u00f3n de 3,500 millones de pesos en el Estado de Quer\\u00e9taro - Poder M\\u00e9xico\",\"description\":\"Abbott formaliz\\u00f3 un plan de inversi\\u00f3n por 3,500 mdp destinado a la edificaci\\u00f3n y equipamiento de una nueva planta de producci\\u00f3n en el estado de Quer\\u00e9taro.\",\"inLanguage\":\"es-MX\",\"isPartOf\":{\"@id\":\"https:\\\/\\\/www.podermexico.mx\\\/#website\"},\"breadcrumb\":{\"@id\":\"https:\\\/\\\/www.podermexico.mx\\\/?p=9265#breadcrumblist\"},\"author\":{\"@id\":\"https:\\\/\\\/www.podermexico.mx\\\/?author=10#author\"},\"creator\":{\"@id\":\"https:\\\/\\\/www.podermexico.mx\\\/?author=10#author\"},\"image\":{\"@type\":\"ImageObject\",\"url\":\"https:\\\/\\\/www.podermexico.mx\\\/wp-content\\\/uploads\\\/2026\\\/05\\\/Abbott.webp\",\"@id\":\"https:\\\/\\\/www.podermexico.mx\\\/?p=9265\\\/#mainImage\",\"width\":800,\"height\":534},\"primaryImageOfPage\":{\"@id\":\"https:\\\/\\\/www.podermexico.mx\\\/?p=9265#mainImage\"},\"datePublished\":\"2026-05-29T17:00:00-06:00\",\"dateModified\":\"2026-05-29T15:31:32-06:00\"},{\"@type\":\"WebSite\",\"@id\":\"https:\\\/\\\/www.podermexico.mx\\\/#website\",\"url\":\"https:\\\/\\\/www.podermexico.mx\\\/\",\"name\":\"Poder M\\u00e9xico\",\"description\":\"Donde los l\\u00edderes definen el futuro, exploramos tendencias y desciframos el mundo de la pol\\u00edtica y los negocios\",\"inLanguage\":\"es-MX\",\"publisher\":{\"@id\":\"https:\\\/\\\/www.podermexico.mx\\\/#organization\"}}]}\n\t\t<\/script>\n\t\t<!-- All in One SEO -->\n\n","aioseo_head_json":{"title":"ABBOTT anuncia inversi\u00f3n de 3,500 millones de pesos en el Estado de Quer\u00e9taro - Poder M\u00e9xico","description":"Abbott formaliz\u00f3 un plan de inversi\u00f3n por 3,500 mdp destinado a la edificaci\u00f3n y equipamiento de una nueva planta de producci\u00f3n en el estado de Quer\u00e9taro.","canonical_url":"https:\/\/www.podermexico.mx\/?p=9265","robots":"max-image-preview:large","keywords":"","webmasterTools":{"miscellaneous":""},"schema":{"@context":"https:\/\/schema.org","@graph":[{"@type":"BlogPosting","@id":"https:\/\/www.podermexico.mx\/?p=9265#blogposting","name":"ABBOTT anuncia inversi\u00f3n de 3,500 millones de pesos en el Estado de Quer\u00e9taro - Poder M\u00e9xico","headline":"ABBOTT anuncia inversi\u00f3n de 3,500 millones de pesos en el Estado de Quer\u00e9taro","author":{"@id":"https:\/\/www.podermexico.mx\/?author=10#author"},"publisher":{"@id":"https:\/\/www.podermexico.mx\/#organization"},"image":{"@type":"ImageObject","url":"https:\/\/www.podermexico.mx\/wp-content\/uploads\/2026\/05\/Abbott.webp","width":800,"height":534},"datePublished":"2026-05-29T17:00:00-06:00","dateModified":"2026-05-29T15:31:32-06:00","inLanguage":"es-MX","mainEntityOfPage":{"@id":"https:\/\/www.podermexico.mx\/?p=9265#webpage"},"isPartOf":{"@id":"https:\/\/www.podermexico.mx\/?p=9265#webpage"},"articleSection":"Salud, Abbott, Quer\u00e9taro, Salud"},{"@type":"BreadcrumbList","@id":"https:\/\/www.podermexico.mx\/?p=9265#breadcrumblist","itemListElement":[{"@type":"ListItem","@id":"https:\/\/www.podermexico.mx#listItem","position":1,"name":"Home","item":"https:\/\/www.podermexico.mx","nextItem":{"@type":"ListItem","@id":"https:\/\/www.podermexico.mx\/?cat=68#listItem","name":"Salud"}},{"@type":"ListItem","@id":"https:\/\/www.podermexico.mx\/?cat=68#listItem","position":2,"name":"Salud","item":"https:\/\/www.podermexico.mx\/?cat=68","nextItem":{"@type":"ListItem","@id":"https:\/\/www.podermexico.mx\/?p=9265#listItem","name":"ABBOTT anuncia inversi\u00f3n de 3,500 millones de pesos en el Estado de Quer\u00e9taro"},"previousItem":{"@type":"ListItem","@id":"https:\/\/www.podermexico.mx#listItem","name":"Home"}},{"@type":"ListItem","@id":"https:\/\/www.podermexico.mx\/?p=9265#listItem","position":3,"name":"ABBOTT anuncia inversi\u00f3n de 3,500 millones de pesos en el Estado de Quer\u00e9taro","previousItem":{"@type":"ListItem","@id":"https:\/\/www.podermexico.mx\/?cat=68#listItem","name":"Salud"}}]},{"@type":"Organization","@id":"https:\/\/www.podermexico.mx\/#organization","name":"Poder M\u00e9xico","description":"Donde los l\u00edderes definen el futuro, exploramos tendencias y desciframos el mundo de la pol\u00edtica y los negocios","url":"https:\/\/www.podermexico.mx\/"},{"@type":"Person","@id":"https:\/\/www.podermexico.mx\/?author=10#author","url":"https:\/\/www.podermexico.mx\/?author=10","name":"Ana Paula S\u00e1nchez","image":{"@type":"ImageObject","@id":"https:\/\/www.podermexico.mx\/?p=9265#authorImage","url":"https:\/\/secure.gravatar.com\/avatar\/19ee16554e9e7586cb347184fe6e73083491a075c74c9d33aa7d22ebe4b90db8?s=96&d=mm&r=g","width":96,"height":96,"caption":"Ana Paula S\u00e1nchez"}},{"@type":"WebPage","@id":"https:\/\/www.podermexico.mx\/?p=9265#webpage","url":"https:\/\/www.podermexico.mx\/?p=9265","name":"ABBOTT anuncia inversi\u00f3n de 3,500 millones de pesos en el Estado de Quer\u00e9taro - Poder M\u00e9xico","description":"Abbott formaliz\u00f3 un plan de inversi\u00f3n por 3,500 mdp destinado a la edificaci\u00f3n y equipamiento de una nueva planta de producci\u00f3n en el estado de Quer\u00e9taro.","inLanguage":"es-MX","isPartOf":{"@id":"https:\/\/www.podermexico.mx\/#website"},"breadcrumb":{"@id":"https:\/\/www.podermexico.mx\/?p=9265#breadcrumblist"},"author":{"@id":"https:\/\/www.podermexico.mx\/?author=10#author"},"creator":{"@id":"https:\/\/www.podermexico.mx\/?author=10#author"},"image":{"@type":"ImageObject","url":"https:\/\/www.podermexico.mx\/wp-content\/uploads\/2026\/05\/Abbott.webp","@id":"https:\/\/www.podermexico.mx\/?p=9265\/#mainImage","width":800,"height":534},"primaryImageOfPage":{"@id":"https:\/\/www.podermexico.mx\/?p=9265#mainImage"},"datePublished":"2026-05-29T17:00:00-06:00","dateModified":"2026-05-29T15:31:32-06:00"},{"@type":"WebSite","@id":"https:\/\/www.podermexico.mx\/#website","url":"https:\/\/www.podermexico.mx\/","name":"Poder M\u00e9xico","description":"Donde los l\u00edderes definen el futuro, exploramos tendencias y desciframos el mundo de la pol\u00edtica y los negocios","inLanguage":"es-MX","publisher":{"@id":"https:\/\/www.podermexico.mx\/#organization"}}]},"og:locale":"es_MX","og:site_name":"Poder M\u00e9xico - Donde los l\u00edderes definen el futuro, exploramos tendencias y desciframos el mundo de la pol\u00edtica y los negocios","og:type":"article","og:title":"ABBOTT anuncia inversi\u00f3n de 3,500 millones de pesos en el Estado de Quer\u00e9taro - Poder M\u00e9xico","og:description":"Abbott formaliz\u00f3 un plan de inversi\u00f3n por 3,500 mdp destinado a la edificaci\u00f3n y equipamiento de una nueva planta de producci\u00f3n en el estado de Quer\u00e9taro.","og:url":"https:\/\/www.podermexico.mx\/?p=9265","article:published_time":"2026-05-29T23:00:00+00:00","article:modified_time":"2026-05-29T21:31:32+00:00","twitter:card":"summary_large_image","twitter:title":"ABBOTT anuncia inversi\u00f3n de 3,500 millones de pesos en el Estado de Quer\u00e9taro - Poder M\u00e9xico","twitter:description":"Abbott formaliz\u00f3 un plan de inversi\u00f3n por 3,500 mdp destinado a la edificaci\u00f3n y equipamiento de una nueva planta de producci\u00f3n en el estado de Quer\u00e9taro."},"aioseo_meta_data":{"post_id":"9265","title":null,"description":"Abbott formaliz\u00f3 un plan de inversi\u00f3n por 3,500 mdp destinado a la edificaci\u00f3n y equipamiento de una nueva planta de producci\u00f3n en el estado de Quer\u00e9taro.","keywords":null,"keyphrases":{"focus":{"keyphrase":"abbott","score":100,"analysis":{"keyphraseInTitle":{"score":9,"maxScore":9,"error":0},"keyphraseInDescription":{"score":9,"maxScore":9,"error":0},"keyphraseLength":{"score":9,"maxScore":9,"error":0,"length":1},"keyphraseInIntroduction":{"score":9,"maxScore":9,"error":0},"keyphraseInSubHeadings":[],"keyphraseInImageAlt":[],"keywordDensity":{"type":"best","score":9,"maxScore":9,"error":0}}},"additional":[]},"primary_term":null,"canonical_url":null,"og_title":null,"og_description":null,"og_object_type":"default","og_image_type":"default","og_image_url":null,"og_image_width":null,"og_image_height":null,"og_image_custom_url":null,"og_image_custom_fields":null,"og_video":"","og_custom_url":null,"og_article_section":null,"og_article_tags":null,"twitter_use_og":false,"twitter_card":"default","twitter_image_type":"default","twitter_image_url":null,"twitter_image_custom_url":null,"twitter_image_custom_fields":null,"twitter_title":null,"twitter_description":null,"schema":{"blockGraphs":[],"customGraphs":[],"default":{"data":{"Article":[],"Course":[],"Dataset":[],"FAQPage":[],"Movie":[],"Person":[],"Product":[],"ProductReview":[],"Car":[],"Recipe":[],"Service":[],"SoftwareApplication":[],"WebPage":[]},"graphName":"BlogPosting","isEnabled":true},"graphs":[]},"schema_type":"default","schema_type_options":null,"pillar_content":false,"robots_default":true,"robots_noindex":false,"robots_noarchive":false,"robots_nosnippet":false,"robots_nofollow":false,"robots_noimageindex":false,"robots_noodp":false,"robots_notranslate":false,"robots_max_snippet":"-1","robots_max_videopreview":"-1","robots_max_imagepreview":"large","priority":null,"frequency":"default","local_seo":null,"breadcrumb_settings":null,"limit_modified_date":false,"ai":{"faqs":[],"keyPoints":[],"schemas":[],"titles":[],"descriptions":[],"socialPosts":{"email":[],"linkedin":[],"twitter":[],"facebook":[],"instagram":[]}},"created":"2026-05-29 21:31:32","updated":"2026-05-30 01:07:24","seo_analyzer_scan_date":null,"focus_keyword":"abbott","additional_keywords":null,"truseo_locale":null},"aioseo_breadcrumb":"<div class=\"aioseo-breadcrumbs\"><span class=\"aioseo-breadcrumb\">\n\t\t\t<a href=\"https:\/\/www.podermexico.mx\" title=\"Home\">Home<\/a>\n\t\t<\/span><span class=\"aioseo-breadcrumb-separator\">&raquo;<\/span><span class=\"aioseo-breadcrumb\">\n\t\t\t<a href=\"https:\/\/www.podermexico.mx\/?cat=68\" title=\"Salud\">Salud<\/a>\n\t\t<\/span><span class=\"aioseo-breadcrumb-separator\">&raquo;<\/span><span class=\"aioseo-breadcrumb\">\n\t\t\tABBOTT anuncia inversi\u00f3n de 3,500 millones de pesos en el Estado de Quer\u00e9taro\n\t\t<\/span><\/div>","aioseo_breadcrumb_json":[{"label":"Home","link":"https:\/\/www.podermexico.mx"},{"label":"Salud","link":"https:\/\/www.podermexico.mx\/?cat=68"},{"label":"ABBOTT anuncia inversi\u00f3n de 3,500 millones de pesos en el Estado de Quer\u00e9taro","link":"https:\/\/www.podermexico.mx\/?p=9265"}],"_links":{"self":[{"href":"https:\/\/www.podermexico.mx\/index.php?rest_route=\/wp\/v2\/posts\/9265","targetHints":{"allow":["GET"]}}],"collection":[{"href":"https:\/\/www.podermexico.mx\/index.php?rest_route=\/wp\/v2\/posts"}],"about":[{"href":"https:\/\/www.podermexico.mx\/index.php?rest_route=\/wp\/v2\/types\/post"}],"author":[{"embeddable":true,"href":"https:\/\/www.podermexico.mx\/index.php?rest_route=\/wp\/v2\/users\/10"}],"replies":[{"embeddable":true,"href":"https:\/\/www.podermexico.mx\/index.php?rest_route=%2Fwp%2Fv2%2Fcomments&post=9265"}],"version-history":[{"count":1,"href":"https:\/\/www.podermexico.mx\/index.php?rest_route=\/wp\/v2\/posts\/9265\/revisions"}],"predecessor-version":[{"id":9266,"href":"https:\/\/www.podermexico.mx\/index.php?rest_route=\/wp\/v2\/posts\/9265\/revisions\/9266"}],"wp:featuredmedia":[{"embeddable":true,"href":"https:\/\/www.podermexico.mx\/index.php?rest_route=\/wp\/v2\/media\/9267"}],"wp:attachment":[{"href":"https:\/\/www.podermexico.mx\/index.php?rest_route=%2Fwp%2Fv2%2Fmedia&parent=9265"}],"wp:term":[{"taxonomy":"category","embeddable":true,"href":"https:\/\/www.podermexico.mx\/index.php?rest_route=%2Fwp%2Fv2%2Fcategories&post=9265"},{"taxonomy":"post_tag","embeddable":true,"href":"https:\/\/www.podermexico.mx\/index.php?rest_route=%2Fwp%2Fv2%2Ftags&post=9265"}],"curies":[{"name":"wp","href":"https:\/\/api.w.org\/{rel}","templated":true}]}}