
{"id":8701,"date":"2026-05-02T11:00:00","date_gmt":"2026-05-02T17:00:00","guid":{"rendered":"https:\/\/www.podermexico.mx\/?p=8701"},"modified":"2026-05-01T20:24:31","modified_gmt":"2026-05-02T02:24:31","slug":"carlos-slim-y-arturo-elias-ayub-perfilan-su-regreso-a-la-liga-mx-con-la-compra-del-club-leon","status":"publish","type":"post","link":"https:\/\/www.podermexico.mx\/?p=8701","title":{"rendered":"Carlos Slim y Arturo El\u00edas Ayub perfilan su regreso a la Liga MX con la compra del Club Le\u00f3n"},"content":{"rendered":"\n<p>El entorno del <strong>Club Le\u00f3n<\/strong> atraviesa una transformaci\u00f3n estructural tras su eliminaci\u00f3n en el torneo Clausura 2026. Seg\u00fan reportes period\u00edsticos y declaraciones de l\u00edderes del sector, <strong>Am\u00e9rica M\u00f3vil<\/strong>, empresa propiedad de <strong>Carlos Slim<\/strong> y presidida por su yerno <strong>Arturo El\u00edas Ayub<\/strong>, se posiciona como el principal candidato para adquirir la mayor\u00eda accionaria del equipo. <\/p>\n\n\n\n<p>Esta operaci\u00f3n marcar\u00eda el retorno formal de ambos empresarios al f\u00fatbol mexicano, tras su exitosa etapa previa con los Pumas de la UNAM y su anterior v\u00ednculo con la instituci\u00f3n esmeralda.<\/p>\n\n\n\n<p>La posible venta es impulsada por la urgencia de <strong>Grupo Pachuca<\/strong> de cumplir con las normativas de la <strong>Liga MX<\/strong> para erradicar la <strong>multipropiedad<\/strong>. <\/p>\n\n\n\n<p>Jes\u00fas Mart\u00ednez, presidente de Grupo Pachuca, confirm\u00f3 que la desincorporaci\u00f3n del Club Le\u00f3n es una realidad necesaria para avanzar hacia el modelo de gobernanza denominado <strong>&#8220;G18&#8221;<\/strong>. <\/p>\n\n\n\n<p>Este esquema busca que los 18 equipos de la Primera Divisi\u00f3n operen bajo due\u00f1os independientes y tomen decisiones conjuntas para unificar y fortalecer el balompi\u00e9 nacional.<\/p>\n","protected":false},"excerpt":{"rendered":"<p>El entorno del Club Le\u00f3n atraviesa una transformaci\u00f3n estructural tras su eliminaci\u00f3n en el torneo Clausura 2026. Seg\u00fan reportes period\u00edsticos y declaraciones de l\u00edderes del sector, Am\u00e9rica M\u00f3vil, empresa propiedad de Carlos Slim y presidida por su yerno Arturo El\u00edas Ayub, se posiciona como el principal candidato para adquirir la mayor\u00eda accionaria del equipo. Esta operaci\u00f3n marcar\u00eda el retorno formal &hellip;<\/p>\n","protected":false},"author":7,"featured_media":8702,"comment_status":"closed","ping_status":"closed","sticky":false,"template":"","format":"standard","meta":{"footnotes":""},"categories":[59],"tags":[1792,417,2278],"class_list":["post-8701","post","type-post","status-publish","format-standard","has-post-thumbnail","hentry","category-deportes","tag-america-movil-2","tag-carlos-slim","tag-liga-leon"],"aioseo_notices":[],"_links":{"self":[{"href":"https:\/\/www.podermexico.mx\/index.php?rest_route=\/wp\/v2\/posts\/8701","targetHints":{"allow":["GET"]}}],"collection":[{"href":"https:\/\/www.podermexico.mx\/index.php?rest_route=\/wp\/v2\/posts"}],"about":[{"href":"https:\/\/www.podermexico.mx\/index.php?rest_route=\/wp\/v2\/types\/post"}],"author":[{"embeddable":true,"href":"https:\/\/www.podermexico.mx\/index.php?rest_route=\/wp\/v2\/users\/7"}],"replies":[{"embeddable":true,"href":"https:\/\/www.podermexico.mx\/index.php?rest_route=%2Fwp%2Fv2%2Fcomments&post=8701"}],"version-history":[{"count":1,"href":"https:\/\/www.podermexico.mx\/index.php?rest_route=\/wp\/v2\/posts\/8701\/revisions"}],"predecessor-version":[{"id":8703,"href":"https:\/\/www.podermexico.mx\/index.php?rest_route=\/wp\/v2\/posts\/8701\/revisions\/8703"}],"wp:featuredmedia":[{"embeddable":true,"href":"https:\/\/www.podermexico.mx\/index.php?rest_route=\/wp\/v2\/media\/8702"}],"wp:attachment":[{"href":"https:\/\/www.podermexico.mx\/index.php?rest_route=%2Fwp%2Fv2%2Fmedia&parent=8701"}],"wp:term":[{"taxonomy":"category","embeddable":true,"href":"https:\/\/www.podermexico.mx\/index.php?rest_route=%2Fwp%2Fv2%2Fcategories&post=8701"},{"taxonomy":"post_tag","embeddable":true,"href":"https:\/\/www.podermexico.mx\/index.php?rest_route=%2Fwp%2Fv2%2Ftags&post=8701"}],"curies":[{"name":"wp","href":"https:\/\/api.w.org\/{rel}","templated":true}]}}