
{"id":8695,"date":"2026-05-01T09:00:00","date_gmt":"2026-05-01T15:00:00","guid":{"rendered":"https:\/\/www.podermexico.mx\/?p=8695"},"modified":"2026-04-30T18:19:07","modified_gmt":"2026-05-01T00:19:07","slug":"tensiones-diplomaticas-y-comerciales-el-impacto-de-la-acusacion-contra-rocha-moya-en-la-agenda-mexico-ee-uu","status":"publish","type":"post","link":"https:\/\/www.podermexico.mx\/?p=8695","title":{"rendered":"Tensiones diplom\u00e1ticas y comerciales: El impacto de la acusaci\u00f3n contra Rocha Moya en la agenda M\u00e9xico-EE.UU."},"content":{"rendered":"\n<p>El destino del <strong>Tratado entre M\u00e9xico, Estados Unidos y Canad\u00e1 (T-MEC)<\/strong> y la estabilidad interna del partido <strong>Morena<\/strong> dependen de las decisiones que tome la presidenta <strong>Claudia Sheinbaum<\/strong> ante la in\u00e9dita acusaci\u00f3n penal de Estados Unidos contra el gobernador de Sinaloa, <strong>Rub\u00e9n Rocha Moya<\/strong>. <\/p>\n\n\n\n<p>La Fiscal\u00eda Federal de Nueva York ha se\u00f1alado a Rocha Moya y a otros nueve funcionarios por delitos de <strong>tr\u00e1fico de drogas, tr\u00e1fico de armas e importaci\u00f3n de narc\u00f3ticos<\/strong>, presuntamente a cambio de sobornos y apoyo pol\u00edtico. Esta crisis ocurre en un momento cr\u00edtico, previo a las negociaciones formales del acuerdo comercial y las elecciones intermedias de 2027.<\/p>\n\n\n\n<p>Analistas como <strong>Diego Marroqu\u00edn<\/strong>, del Centro de Estudios Estrat\u00e9gicos e Internacionales (CSIS), advierten que la respuesta del Gobierno de M\u00e9xico determinar\u00e1 no solo el ritmo de las negociaciones del T-MEC, sino tambi\u00e9n el futuro de la cooperaci\u00f3n en materia de seguridad.<\/p>\n\n\n\n<p> La tensi\u00f3n se ha intensificado tras las recientes presiones del gobierno de <strong>Donald Trump<\/strong>, quien impuso aranceles del <strong>25%<\/strong> a M\u00e9xico en enero de 2025 para frenar el flujo de fentanilo y la migraci\u00f3n. Por su parte, la presidenta Sheinbaum ha exigido a EE.UU. la presentaci\u00f3n de &#8220;pruebas contundentes&#8221;, sosteniendo que la postura de su administraci\u00f3n se basa en la <strong>verdad, justicia y defensa de la soberan\u00eda<\/strong>.<\/p>\n\n\n\n<p>El conflicto tambi\u00e9n tiene un fuerte impacto en la relaci\u00f3n bilateral y la seguridad de las inversiones. Apenas una semana antes de la acusaci\u00f3n, el embajador de EE.UU., <strong>Ronald Johnson<\/strong>, visit\u00f3 Sinaloa para la colocaci\u00f3n de la primera piedra de <strong>Pac\u00edfico Mexinol<\/strong>, una planta de metanol con una inversi\u00f3n de <strong>3,300 millones de d\u00f3lares<\/strong>. <\/p>\n\n\n\n<p>Durante el evento, Johnson fue enf\u00e1tico al declarar ante el gobernador Rocha Moya: <strong>\u201cSi queremos que proyectos como este tengan \u00e9xito&#8230; la corrupci\u00f3n ni la extorsi\u00f3n deben tener cabida\u201d<\/strong>. Mientras tanto, figuras de Morena como el senador <strong>Enrique Insunza<\/strong> \u2014tambi\u00e9n acusado\u2014 han calificado el se\u00f1alamiento como un ataque contra la <strong>Cuarta Transformaci\u00f3n<\/strong>.<\/p>\n\n\n\n<p><\/p>\n","protected":false},"excerpt":{"rendered":"<p>El destino del Tratado entre M\u00e9xico, Estados Unidos y Canad\u00e1 (T-MEC) y la estabilidad interna del partido Morena dependen de las decisiones que tome la presidenta Claudia Sheinbaum ante la in\u00e9dita acusaci\u00f3n penal de Estados Unidos contra el gobernador de Sinaloa, Rub\u00e9n Rocha Moya. La Fiscal\u00eda Federal de Nueva York ha se\u00f1alado a Rocha Moya y a otros nueve funcionarios &hellip;<\/p>\n","protected":false},"author":7,"featured_media":8696,"comment_status":"closed","ping_status":"closed","sticky":false,"template":"","format":"standard","meta":{"footnotes":""},"categories":[57],"tags":[132,85,104,2277],"class_list":["post-8695","post","type-post","status-publish","format-standard","has-post-thumbnail","hentry","category-geopolitica","tag-claudia-sheinbaum","tag-estados-unidos","tag-mexico","tag-ruben-rocha-moya"],"aioseo_notices":[],"_links":{"self":[{"href":"https:\/\/www.podermexico.mx\/index.php?rest_route=\/wp\/v2\/posts\/8695","targetHints":{"allow":["GET"]}}],"collection":[{"href":"https:\/\/www.podermexico.mx\/index.php?rest_route=\/wp\/v2\/posts"}],"about":[{"href":"https:\/\/www.podermexico.mx\/index.php?rest_route=\/wp\/v2\/types\/post"}],"author":[{"embeddable":true,"href":"https:\/\/www.podermexico.mx\/index.php?rest_route=\/wp\/v2\/users\/7"}],"replies":[{"embeddable":true,"href":"https:\/\/www.podermexico.mx\/index.php?rest_route=%2Fwp%2Fv2%2Fcomments&post=8695"}],"version-history":[{"count":1,"href":"https:\/\/www.podermexico.mx\/index.php?rest_route=\/wp\/v2\/posts\/8695\/revisions"}],"predecessor-version":[{"id":8697,"href":"https:\/\/www.podermexico.mx\/index.php?rest_route=\/wp\/v2\/posts\/8695\/revisions\/8697"}],"wp:featuredmedia":[{"embeddable":true,"href":"https:\/\/www.podermexico.mx\/index.php?rest_route=\/wp\/v2\/media\/8696"}],"wp:attachment":[{"href":"https:\/\/www.podermexico.mx\/index.php?rest_route=%2Fwp%2Fv2%2Fmedia&parent=8695"}],"wp:term":[{"taxonomy":"category","embeddable":true,"href":"https:\/\/www.podermexico.mx\/index.php?rest_route=%2Fwp%2Fv2%2Fcategories&post=8695"},{"taxonomy":"post_tag","embeddable":true,"href":"https:\/\/www.podermexico.mx\/index.php?rest_route=%2Fwp%2Fv2%2Ftags&post=8695"}],"curies":[{"name":"wp","href":"https:\/\/api.w.org\/{rel}","templated":true}]}}