
{"id":8689,"date":"2026-04-30T15:18:43","date_gmt":"2026-04-30T21:18:43","guid":{"rendered":"https:\/\/www.podermexico.mx\/?p=8689"},"modified":"2026-04-30T15:18:44","modified_gmt":"2026-04-30T21:18:44","slug":"rafael-fernandez-feo-asume-la-vicepresidencia-de-ventas-en-motorola-solutions","status":"publish","type":"post","link":"https:\/\/www.podermexico.mx\/?p=8689","title":{"rendered":"Rafael Fern\u00e1ndez Feo asume la Vicepresidencia de Ventas en Motorola Solutions"},"content":{"rendered":"\n<p>Motorola Solutions ha formalizado el nombramiento de Rafael Fern\u00e1ndez Feo como nuevo Vicepresidente de Ventas para Mercados Comerciales en Am\u00e9rica Latina. <\/p>\n\n\n\n<p>Con una trayectoria de m\u00e1s de 20 a\u00f1os dentro de la organizaci\u00f3n, Fern\u00e1ndez Feo asume este cargo estrat\u00e9gico aportando una formaci\u00f3n t\u00e9cnica como Ingeniero Electr\u00f3nico por la Universidad Nueva Esparta de Caracas y un Tech MBA por la Universidad de Barcelona \/ OBS Business School.<\/p>\n\n\n\n<p>Su experiencia previa incluye roles cr\u00edticos en ingenier\u00eda de campo y el liderazgo de programas de canales en mercados clave como M\u00e9xico, Colombia y Venezuela, adem\u00e1s de su reciente gesti\u00f3n en la regi\u00f3n norte de Am\u00e9rica Latina.<\/p>\n\n\n\n<p>La gesti\u00f3n de Fern\u00e1ndez Feo se centrar\u00e1 en acelerar la transformaci\u00f3n tecnol\u00f3gica del sector empresarial mediante la coordinaci\u00f3n de una red que integra a m\u00e1s de 642 socios de negocio y 22 distribuidores especializados. <\/p>\n\n\n\n<p>El objetivo primordial es impulsar la modernizaci\u00f3n de infraestructura y la eficiencia operativa a trav\u00e9s de soluciones integradas que combinan comunicaciones, software y servicios. <\/p>\n\n\n\n<p>Bajo este nuevo liderazgo, la compa\u00f1\u00eda priorizar\u00e1 la adopci\u00f3n de tecnolog\u00edas emergentes como la inteligencia artificial (IA), el an\u00e1lisis de datos y la automatizaci\u00f3n para mejorar la seguridad y la productividad de las organizaciones en la regi\u00f3n.<\/p>\n","protected":false},"excerpt":{"rendered":"<p>Motorola Solutions ha formalizado el nombramiento de Rafael Fern\u00e1ndez Feo como nuevo Vicepresidente de Ventas para Mercados Comerciales en Am\u00e9rica Latina. Con una trayectoria de m\u00e1s de 20 a\u00f1os dentro de la organizaci\u00f3n, Fern\u00e1ndez Feo asume este cargo estrat\u00e9gico aportando una formaci\u00f3n t\u00e9cnica como Ingeniero Electr\u00f3nico por la Universidad Nueva Esparta de Caracas y un Tech MBA por la Universidad &hellip;<\/p>\n","protected":false},"author":10,"featured_media":8690,"comment_status":"closed","ping_status":"closed","sticky":false,"template":"","format":"standard","meta":{"footnotes":""},"categories":[2135],"tags":[1391,115],"class_list":["post-8689","post","type-post","status-publish","format-standard","has-post-thumbnail","hentry","category-nombramiento","tag-motorola-solutions","tag-nombramiento"],"aioseo_notices":[],"_links":{"self":[{"href":"https:\/\/www.podermexico.mx\/index.php?rest_route=\/wp\/v2\/posts\/8689","targetHints":{"allow":["GET"]}}],"collection":[{"href":"https:\/\/www.podermexico.mx\/index.php?rest_route=\/wp\/v2\/posts"}],"about":[{"href":"https:\/\/www.podermexico.mx\/index.php?rest_route=\/wp\/v2\/types\/post"}],"author":[{"embeddable":true,"href":"https:\/\/www.podermexico.mx\/index.php?rest_route=\/wp\/v2\/users\/10"}],"replies":[{"embeddable":true,"href":"https:\/\/www.podermexico.mx\/index.php?rest_route=%2Fwp%2Fv2%2Fcomments&post=8689"}],"version-history":[{"count":1,"href":"https:\/\/www.podermexico.mx\/index.php?rest_route=\/wp\/v2\/posts\/8689\/revisions"}],"predecessor-version":[{"id":8691,"href":"https:\/\/www.podermexico.mx\/index.php?rest_route=\/wp\/v2\/posts\/8689\/revisions\/8691"}],"wp:featuredmedia":[{"embeddable":true,"href":"https:\/\/www.podermexico.mx\/index.php?rest_route=\/wp\/v2\/media\/8690"}],"wp:attachment":[{"href":"https:\/\/www.podermexico.mx\/index.php?rest_route=%2Fwp%2Fv2%2Fmedia&parent=8689"}],"wp:term":[{"taxonomy":"category","embeddable":true,"href":"https:\/\/www.podermexico.mx\/index.php?rest_route=%2Fwp%2Fv2%2Fcategories&post=8689"},{"taxonomy":"post_tag","embeddable":true,"href":"https:\/\/www.podermexico.mx\/index.php?rest_route=%2Fwp%2Fv2%2Ftags&post=8689"}],"curies":[{"name":"wp","href":"https:\/\/api.w.org\/{rel}","templated":true}]}}