
{"id":8681,"date":"2026-04-30T13:30:00","date_gmt":"2026-04-30T19:30:00","guid":{"rendered":"https:\/\/www.podermexico.mx\/?p=8681"},"modified":"2026-04-30T14:28:42","modified_gmt":"2026-04-30T20:28:42","slug":"amib-adjudica-record-de-inversiones-en-mexico-al-respaldo-del-gobierno","status":"publish","type":"post","link":"https:\/\/www.podermexico.mx\/?p=8681","title":{"rendered":"AMIB adjudica r\u00e9cord de inversiones en M\u00e9xico al respaldo del Gobierno"},"content":{"rendered":"\n<p>M\u00e9xico alcanz\u00f3 un hito hist\u00f3rico al acumular m\u00e1s de 5 billones de pesos en fondos de inversi\u00f3n. Al respecto, <strong>\u00c1lvaro Garc\u00eda Pimentel,<\/strong> presidente ejecutivo de la Asociaci\u00f3n Mexicana de Instituciones Burs\u00e1tiles (<strong>AMIB<\/strong>), asegur\u00f3 que dicho r\u00e9cord fue consecuencia del apoyo e impulso del Gobierno.<\/p>\n\n\n\n<p>\u201cUnos 32 a\u00f1os de consejero de la Naci\u00f3n y nunca hab\u00edamos tenido un gobierno que nos apoyara como lo hace este\u201d, dijo durante la Apertura de Mercado en la Bolsa Institucional de Valores, que se llev\u00f3 a cabo en las instalaciones de la misma entidad.<\/p>\n\n\n\n<p>El ejecutivo agradeci\u00f3 al presidente de la Comisi\u00f3n Nacional Bancaria y de Valores (CNBV), con quien se terminaron de afinar los detalles de la Ley del Mercado de Valores,<\/p>\n\n\n\n<p>\u201cAs\u00ed es que le debemos much\u00edsimo al mercado de valores. Son 5 millones de millones. Muchas gracias\u201d, dijo Garc\u00eda Pimentel.<\/p>\n\n\n\n<p>De acuerdo con <strong>Mar\u00eda Ariza,<\/strong> directora general de la Bolsa Institucional de Valores (BIVA), dicho crecimiento fue acompa\u00f1ado de rendimientos consistentes que en promedio superaron 9% nominal cada a\u00f1o y cuya reinversi\u00f3n represent\u00f3 53% de crecimiento registrado.<\/p>\n\n\n\n<p>\u201cFortaleciendo el papel de los fondos de inversi\u00f3n como una alternativa s\u00f3lida dentro del portafolio de los inversionistas\u201d, asegur\u00f3.<\/p>\n\n\n\n<p><strong>Ariza<\/strong> explic\u00f3 que dicho avance fue posible tras el trabajo de las 29 operadoras que conforman la industria. La directiva describi\u00f3 que esta labor fue fundamental para fortalecer el ecosistema financiero.<\/p>\n\n\n\n<p>\u201cAcercar a 17 millones de mexicanos a mecanismos de inversi\u00f3n eficientes y accesibles y aportar al mercado la liquidez necesaria para una asignaci\u00f3n de de precios m\u00e1s eficiente\u201d, mencion\u00f3.<\/p>\n\n\n\n<p>Coment\u00f3 que a trav\u00e9s de la experiencia de las operadoras y la capacidad de gesti\u00f3n, asegur\u00f3 que las operadoras han hecho posible que los inversionistas cuenten con acceso a una canasta de instrumentos financieros diversificada, dise\u00f1ada y administrada por expertos, acompa\u00f1ando de manera consistente las decisiones de ahorro y construcci\u00f3n patrimonial.<\/p>\n\n\n\n<figure class=\"wp-block-image size-large\"><img fetchpriority=\"high\" decoding=\"async\" width=\"1024\" height=\"768\" src=\"https:\/\/www.podermexico.mx\/wp-content\/uploads\/2026\/04\/WhatsApp-Image-2026-04-30-at-12.12.22-PM-1024x768.jpeg\" alt=\"\" class=\"wp-image-8683\"\/><\/figure>\n\n\n\n<h2 class=\"wp-block-heading\">El crecimiento del sector<\/h2>\n\n\n\n<p>De acuerdo con cifras presentadas por Ariza, en los \u00faltimos 6 a\u00f1os las cuentas de fondos de inversi\u00f3n se multiplicaron por cinco y en el \u00faltimo a\u00f1o el n\u00famero de clientes creci\u00f3 33 por ciento.<\/p>\n\n\n\n<p>\u201cA trav\u00e9s de estos mecanismos que abren las puertas a la inversi\u00f3n desde 10 pesos, millones de personas fortalecen su capacidad de ahorro, ampl\u00edan sus oportunidades financieras y avanzan con mayor certidumbre en la construcci\u00f3n de un futuro\u201d, dijo.<\/p>\n\n\n\n<p>La directiva asegur\u00f3 que cada decisi\u00f3n de inversi\u00f3n abre nuevas posibilidades, impulsa proyectos productivos y construye el crecimiento sostenido del pa\u00eds, donde el ahorro de los inversionistas termina financiando empresas, viviendas, carreteras y proyectos productivos.<\/p>\n\n\n\n<p><strong>\u201cHoy reconocemos los enormes logros de este camino recorrido por esta luz\u201d, <\/strong>concluy\u00f3.<\/p>\n\n\n\n<p>Un camino que abre rutas de crecimiento, que se ampl\u00eda y que invita a m\u00e1s mexicanos a recorrerlo. Con esta misma visi\u00f3n, quiero invitarlos a mirar hacia el horizonte, un horizonte con una industria que seguramente continuar\u00e1 evolucionando, generando nuevas oportunidades y ampliando el acceso a m\u00e1s mexicanos.<\/p>\n\n\n\n<p>Por su parte, <strong>\u00c1lvaro Garc\u00eda<\/strong> se\u00f1al\u00f3 que en el 2025 se generaron rendimientos por m\u00e1s de 500,000 millones de pesos en los fondos de inversi\u00f3n, donde hasta en muchos casos hubo rendimientos por arriba de 40 por ciento.<\/p>\n\n\n\n<p>\u201c<strong>El crecimiento de los activos bajo administraci\u00f3n cumple con una meta social de mucha relevancia. Ya que m\u00e1s de 60% de los activos, es decir, m\u00e1s de 3 millones de pesos est\u00e1n invertidos en instrumentos emitidos por el gobierno federal y algunos lo gobiernos estatales y municipales<\/strong>\u201d, explic\u00f3.<\/p>\n\n\n\n<p>De acuerdo con el presidente ejecutivo, a estos datos se suma el crecimiento que ha tenido el n\u00famero de clientes de los fondos de inversi\u00f3n de forma directa, alcanzando m\u00e1s de 17 millones, adem\u00e1s unos 9 millones pertenecen a cuentas de clientes en forma indirecta.<\/p>\n\n\n\n<p>\u201cRebasando estas dos cifras juntas, el n\u00famero de personas que cotizamos en el Instituto Mexicano del Seguro Social y rebasando 50% del n\u00famero de personas econ\u00f3micamente activas de nuestro pa\u00eds\u201d, indic\u00f3.<\/p>\n\n\n\n<figure class=\"wp-block-image size-large\"><img decoding=\"async\" width=\"1024\" height=\"768\" src=\"https:\/\/www.podermexico.mx\/wp-content\/uploads\/2026\/04\/WhatsApp-Image-2026-04-30-at-12.07.05-PM-1024x768.jpeg\" alt=\"\" class=\"wp-image-8684\"\/><\/figure>\n","protected":false},"excerpt":{"rendered":"<p>M\u00e9xico alcanz\u00f3 un hito hist\u00f3rico al acumular m\u00e1s de 5 billones de pesos en fondos de inversi\u00f3n. Al respecto, \u00c1lvaro Garc\u00eda Pimentel, presidente ejecutivo de la Asociaci\u00f3n Mexicana de Instituciones Burs\u00e1tiles (AMIB), asegur\u00f3 que dicho r\u00e9cord fue consecuencia del apoyo e impulso del Gobierno. \u201cUnos 32 a\u00f1os de consejero de la Naci\u00f3n y nunca hab\u00edamos tenido un gobierno que nos &hellip;<\/p>\n","protected":false},"author":12,"featured_media":8682,"comment_status":"closed","ping_status":"closed","sticky":false,"template":"","format":"standard","meta":{"footnotes":""},"categories":[2189,66],"tags":[],"class_list":["post-8681","post","type-post","status-publish","format-standard","has-post-thumbnail","hentry","category-economia","category-nacional"],"aioseo_notices":[],"_links":{"self":[{"href":"https:\/\/www.podermexico.mx\/index.php?rest_route=\/wp\/v2\/posts\/8681","targetHints":{"allow":["GET"]}}],"collection":[{"href":"https:\/\/www.podermexico.mx\/index.php?rest_route=\/wp\/v2\/posts"}],"about":[{"href":"https:\/\/www.podermexico.mx\/index.php?rest_route=\/wp\/v2\/types\/post"}],"author":[{"embeddable":true,"href":"https:\/\/www.podermexico.mx\/index.php?rest_route=\/wp\/v2\/users\/12"}],"replies":[{"embeddable":true,"href":"https:\/\/www.podermexico.mx\/index.php?rest_route=%2Fwp%2Fv2%2Fcomments&post=8681"}],"version-history":[{"count":1,"href":"https:\/\/www.podermexico.mx\/index.php?rest_route=\/wp\/v2\/posts\/8681\/revisions"}],"predecessor-version":[{"id":8685,"href":"https:\/\/www.podermexico.mx\/index.php?rest_route=\/wp\/v2\/posts\/8681\/revisions\/8685"}],"wp:featuredmedia":[{"embeddable":true,"href":"https:\/\/www.podermexico.mx\/index.php?rest_route=\/wp\/v2\/media\/8682"}],"wp:attachment":[{"href":"https:\/\/www.podermexico.mx\/index.php?rest_route=%2Fwp%2Fv2%2Fmedia&parent=8681"}],"wp:term":[{"taxonomy":"category","embeddable":true,"href":"https:\/\/www.podermexico.mx\/index.php?rest_route=%2Fwp%2Fv2%2Fcategories&post=8681"},{"taxonomy":"post_tag","embeddable":true,"href":"https:\/\/www.podermexico.mx\/index.php?rest_route=%2Fwp%2Fv2%2Ftags&post=8681"}],"curies":[{"name":"wp","href":"https:\/\/api.w.org\/{rel}","templated":true}]}}