
{"id":8661,"date":"2026-04-28T19:30:00","date_gmt":"2026-04-29T01:30:00","guid":{"rendered":"https:\/\/www.podermexico.mx\/?p=8661"},"modified":"2026-04-28T19:23:48","modified_gmt":"2026-04-29T01:23:48","slug":"guillermo-zambrano-martinez-asume-la-presidencia-del-consejo-de-administracion-de-grupo-proeza","status":"publish","type":"post","link":"https:\/\/www.podermexico.mx\/?p=8661","title":{"rendered":"Guillermo Zambrano Mart\u00ednez asume la presidencia del Consejo de Administraci\u00f3n de Grupo Proeza"},"content":{"rendered":"\n<p>En el marco de su Asamblea Anual Ordinaria, <strong>Grupo Proeza<\/strong> formaliz\u00f3 un cambio generacional en su estructura de mando con la designaci\u00f3n de <strong>Guillermo Zambrano Mart\u00ednez<\/strong> como nuevo presidente del Consejo de Administraci\u00f3n. <\/p>\n\n\n\n<p>Zambrano Mart\u00ednez sucede en el cargo a <strong>Enrique Zambrano Ben\u00edtez<\/strong>, quien tras una gesti\u00f3n de casi tres d\u00e9cadas ha sido nombrado <strong>Presidente Em\u00e9rito<\/strong> del conglomerado. <\/p>\n\n\n\n<p>Esta transici\u00f3n marca el inicio de una nueva etapa para una de las organizaciones industriales m\u00e1s influyentes del norte de M\u00e9xico, con el mandato de dar continuidad a la expansi\u00f3n global y solidez operativa que caracteriza al grupo.<\/p>\n\n\n\n<p>Durante el liderazgo de Enrique Zambrano, Grupo Proeza experiment\u00f3 una transformaci\u00f3n significativa, consolid\u00e1ndose como un actor global con presencia en <strong>3 continentes y 9 pa\u00edses<\/strong>. <\/p>\n\n\n\n<p>Con una fuerza laboral superior a los <strong>14,000 empleados<\/strong>, el conglomerado report\u00f3 ventas netas que superaron los <strong>61,000 millones de pesos<\/strong> en 2023. <\/p>\n\n\n\n<p>Sus unidades de negocio principales, <strong>Metalsa<\/strong> y <strong>Citrofrut<\/strong>, se mantienen como l\u00edderes competitivos en los sectores automotriz y agroindustrial, respectivamente, enfrentando los retos de industrias internacionales altamente exigentes bajo una visi\u00f3n de largo plazo que ahora recae en la nueva presidencia.<\/p>\n","protected":false},"excerpt":{"rendered":"<p>En el marco de su Asamblea Anual Ordinaria, Grupo Proeza formaliz\u00f3 un cambio generacional en su estructura de mando con la designaci\u00f3n de Guillermo Zambrano Mart\u00ednez como nuevo presidente del Consejo de Administraci\u00f3n. Zambrano Mart\u00ednez sucede en el cargo a Enrique Zambrano Ben\u00edtez, quien tras una gesti\u00f3n de casi tres d\u00e9cadas ha sido nombrado Presidente Em\u00e9rito del conglomerado. Esta transici\u00f3n &hellip;<\/p>\n","protected":false},"author":10,"featured_media":8662,"comment_status":"closed","ping_status":"closed","sticky":false,"template":"","format":"standard","meta":{"footnotes":""},"categories":[2135],"tags":[2272,115],"class_list":["post-8661","post","type-post","status-publish","format-standard","has-post-thumbnail","hentry","category-nombramiento","tag-grupo-proeza","tag-nombramiento"],"aioseo_notices":[],"_links":{"self":[{"href":"https:\/\/www.podermexico.mx\/index.php?rest_route=\/wp\/v2\/posts\/8661","targetHints":{"allow":["GET"]}}],"collection":[{"href":"https:\/\/www.podermexico.mx\/index.php?rest_route=\/wp\/v2\/posts"}],"about":[{"href":"https:\/\/www.podermexico.mx\/index.php?rest_route=\/wp\/v2\/types\/post"}],"author":[{"embeddable":true,"href":"https:\/\/www.podermexico.mx\/index.php?rest_route=\/wp\/v2\/users\/10"}],"replies":[{"embeddable":true,"href":"https:\/\/www.podermexico.mx\/index.php?rest_route=%2Fwp%2Fv2%2Fcomments&post=8661"}],"version-history":[{"count":1,"href":"https:\/\/www.podermexico.mx\/index.php?rest_route=\/wp\/v2\/posts\/8661\/revisions"}],"predecessor-version":[{"id":8663,"href":"https:\/\/www.podermexico.mx\/index.php?rest_route=\/wp\/v2\/posts\/8661\/revisions\/8663"}],"wp:featuredmedia":[{"embeddable":true,"href":"https:\/\/www.podermexico.mx\/index.php?rest_route=\/wp\/v2\/media\/8662"}],"wp:attachment":[{"href":"https:\/\/www.podermexico.mx\/index.php?rest_route=%2Fwp%2Fv2%2Fmedia&parent=8661"}],"wp:term":[{"taxonomy":"category","embeddable":true,"href":"https:\/\/www.podermexico.mx\/index.php?rest_route=%2Fwp%2Fv2%2Fcategories&post=8661"},{"taxonomy":"post_tag","embeddable":true,"href":"https:\/\/www.podermexico.mx\/index.php?rest_route=%2Fwp%2Fv2%2Ftags&post=8661"}],"curies":[{"name":"wp","href":"https:\/\/api.w.org\/{rel}","templated":true}]}}