
{"id":8652,"date":"2026-04-28T15:00:00","date_gmt":"2026-04-28T21:00:00","guid":{"rendered":"https:\/\/www.podermexico.mx\/?p=8652"},"modified":"2026-04-28T14:40:52","modified_gmt":"2026-04-28T20:40:52","slug":"blanca-trevino-deja-la-direccion-general-de-softtek","status":"publish","type":"post","link":"https:\/\/www.podermexico.mx\/?p=8652","title":{"rendered":"Blanca Trevi\u00f1o deja la direcci\u00f3n general de Softtek"},"content":{"rendered":"\n<p><strong>Blanca Trevi\u00f1o<\/strong>, cofundadora y figura emblem\u00e1tica de la industria tecnol\u00f3gica en M\u00e9xico, dejar\u00e1 la direcci\u00f3n general de <strong>Softtek<\/strong> tras una gesti\u00f3n de 26 a\u00f1os al frente de la compa\u00f1\u00eda de servicios de TI e ingenier\u00eda de software. <\/p>\n\n\n\n<p>En su lugar, la empresa ha nombrado a <strong>David Jim\u00e9nez<\/strong> como el nuevo <strong>CEO global<\/strong>, cargo que asumir\u00e1 formalmente a partir del <strong>1 de octubre de 2026<\/strong>. <\/p>\n\n\n\n<p>Este cambio forma parte de una reestructuraci\u00f3n organizacional dise\u00f1ada para separar las funciones de visi\u00f3n estrat\u00e9gica y ejecuci\u00f3n operativa.<\/p>\n\n\n\n<p>Tras el relevo, Trevi\u00f1o continuar\u00e1 ligada a la organizaci\u00f3n como presidenta del Consejo de Administraci\u00f3n y asumir\u00e1 la nueva posici\u00f3n de <strong>presidenta ejecutiva<\/strong>. <\/p>\n\n\n\n<p>En este rol, ser\u00e1 responsable de definir la estrategia de largo plazo y mantener la participaci\u00f3n activa en las relaciones institucionales de la firma. <\/p>\n\n\n\n<p>La compa\u00f1\u00eda indic\u00f3 que esta transici\u00f3n refleja la convicci\u00f3n de que cada una de estas funciones requiere una dedicaci\u00f3n y concentraci\u00f3n plenas para fortalecer el liderazgo de Softtek en el mercado global.<\/p>\n","protected":false},"excerpt":{"rendered":"<p>Blanca Trevi\u00f1o, cofundadora y figura emblem\u00e1tica de la industria tecnol\u00f3gica en M\u00e9xico, dejar\u00e1 la direcci\u00f3n general de Softtek tras una gesti\u00f3n de 26 a\u00f1os al frente de la compa\u00f1\u00eda de servicios de TI e ingenier\u00eda de software. En su lugar, la empresa ha nombrado a David Jim\u00e9nez como el nuevo CEO global, cargo que asumir\u00e1 formalmente a partir del 1 &hellip;<\/p>\n","protected":false},"author":7,"featured_media":8659,"comment_status":"closed","ping_status":"closed","sticky":false,"template":"","format":"standard","meta":{"footnotes":""},"categories":[60],"tags":[2271],"class_list":["post-8652","post","type-post","status-publish","format-standard","has-post-thumbnail","hentry","category-empresas","tag-softek"],"aioseo_notices":[],"_links":{"self":[{"href":"https:\/\/www.podermexico.mx\/index.php?rest_route=\/wp\/v2\/posts\/8652","targetHints":{"allow":["GET"]}}],"collection":[{"href":"https:\/\/www.podermexico.mx\/index.php?rest_route=\/wp\/v2\/posts"}],"about":[{"href":"https:\/\/www.podermexico.mx\/index.php?rest_route=\/wp\/v2\/types\/post"}],"author":[{"embeddable":true,"href":"https:\/\/www.podermexico.mx\/index.php?rest_route=\/wp\/v2\/users\/7"}],"replies":[{"embeddable":true,"href":"https:\/\/www.podermexico.mx\/index.php?rest_route=%2Fwp%2Fv2%2Fcomments&post=8652"}],"version-history":[{"count":1,"href":"https:\/\/www.podermexico.mx\/index.php?rest_route=\/wp\/v2\/posts\/8652\/revisions"}],"predecessor-version":[{"id":8660,"href":"https:\/\/www.podermexico.mx\/index.php?rest_route=\/wp\/v2\/posts\/8652\/revisions\/8660"}],"wp:featuredmedia":[{"embeddable":true,"href":"https:\/\/www.podermexico.mx\/index.php?rest_route=\/wp\/v2\/media\/8659"}],"wp:attachment":[{"href":"https:\/\/www.podermexico.mx\/index.php?rest_route=%2Fwp%2Fv2%2Fmedia&parent=8652"}],"wp:term":[{"taxonomy":"category","embeddable":true,"href":"https:\/\/www.podermexico.mx\/index.php?rest_route=%2Fwp%2Fv2%2Fcategories&post=8652"},{"taxonomy":"post_tag","embeddable":true,"href":"https:\/\/www.podermexico.mx\/index.php?rest_route=%2Fwp%2Fv2%2Ftags&post=8652"}],"curies":[{"name":"wp","href":"https:\/\/api.w.org\/{rel}","templated":true}]}}