
{"id":8640,"date":"2026-04-27T16:06:07","date_gmt":"2026-04-27T22:06:07","guid":{"rendered":"https:\/\/www.podermexico.mx\/?p=8640"},"modified":"2026-04-27T16:06:07","modified_gmt":"2026-04-27T22:06:07","slug":"real-adquiere-re-max-por-880-millones-de-dolares","status":"publish","type":"post","link":"https:\/\/www.podermexico.mx\/?p=8640","title":{"rendered":"Real adquiere RE\/MAX por 880 millones de d\u00f3lares"},"content":{"rendered":"\n<p>En un movimiento transformador para el sector inmobiliario mundial, <strong>The Real Brokerage Inc. (Real)<\/strong> ha anunciado un acuerdo definitivo para adquirir <strong>RE\/MAX Holdings, Inc.<\/strong>, integrando ambas compa\u00f1\u00edas bajo una nueva estructura denominada <strong>Real REMAX Group<\/strong>. <\/p>\n\n\n\n<p>La transacci\u00f3n implica un valor de empresa para RE\/MAX de aproximadamente <strong>880 millones de d\u00f3lares<\/strong>, lo que representa un m\u00faltiplo de <strong>7x el EBITDA proyectado para 2025<\/strong>. Esta uni\u00f3n combina la avanzada plataforma impulsada por Inteligencia Artificial de Real con la ic\u00f3nica marca y la red de franquicias global de RE\/MAX, que cuenta con presencia en m\u00e1s de <strong>120 pa\u00edses<\/strong> y territorios.<\/p>\n\n\n\n<p>La nueva entidad operar\u00e1 con una escala sin precedentes, sumando m\u00e1s de <strong>180,000 profesionales inmobiliarios<\/strong> y una base pro forma de ingresos anuales de <strong>2,300 millones de d\u00f3lares<\/strong>. Seg\u00fan los t\u00e9rminos del acuerdo, los accionistas de RE\/MAX recibir\u00e1n una contraprestaci\u00f3n valorada en <strong>$13.80 d\u00f3lares por acci\u00f3n<\/strong> (basado en el cierre del 24 de abril de 2026), con la opci\u00f3n de elegir entre acciones de la nueva compa\u00f1\u00eda o efectivo (sujeto a prorrateo). <\/p>\n\n\n\n<p>Se espera que la operaci\u00f3n sea beneficiosa para las ganancias por acci\u00f3n y el margen EBITDA de Real dentro del primer a\u00f1o fiscal completo tras el cierre, proyectado para la segunda mitad de 2026.<\/p>\n\n\n\n<p>Desde el punto de vista operativo, <strong>Tamir Poleg<\/strong>, actual CEO de Real, asumir\u00e1 la presidencia y direcci\u00f3n general del grupo, cuya sede principal estar\u00e1 en <strong>Miami<\/strong> con operaciones significativas en <strong>Denver<\/strong>. Las marcas <strong>RE\/MAX<\/strong> y <strong>Motto Mortgage<\/strong> mantendr\u00e1n su identidad actual bajo el modelo de franquicia, mientras que Real continuar\u00e1 operando como una corredur\u00eda propia. <\/p>\n\n\n\n<p>Esta integraci\u00f3n estrat\u00e9gica no solo busca expandir el alcance de la plataforma tecnol\u00f3gica <strong>reZEN<\/strong> y las herramientas de IA a una red masiva de agentes, sino que tambi\u00e9n proyecta sinergias de costos anuales por <strong>30 millones de d\u00f3lares<\/strong>, optimizando los servicios compartidos y la infraestructura tecnol\u00f3gica global.<\/p>\n\n\n\n<p><\/p>\n","protected":false},"excerpt":{"rendered":"<p>En un movimiento transformador para el sector inmobiliario mundial, The Real Brokerage Inc. (Real) ha anunciado un acuerdo definitivo para adquirir RE\/MAX Holdings, Inc., integrando ambas compa\u00f1\u00edas bajo una nueva estructura denominada Real REMAX Group. La transacci\u00f3n implica un valor de empresa para RE\/MAX de aproximadamente 880 millones de d\u00f3lares, lo que representa un m\u00faltiplo de 7x el EBITDA proyectado &hellip;<\/p>\n","protected":false},"author":10,"featured_media":8641,"comment_status":"closed","ping_status":"closed","sticky":false,"template":"","format":"standard","meta":{"footnotes":""},"categories":[1],"tags":[],"class_list":["post-8640","post","type-post","status-publish","format-standard","has-post-thumbnail","hentry","category-uncategorized"],"aioseo_notices":[],"_links":{"self":[{"href":"https:\/\/www.podermexico.mx\/index.php?rest_route=\/wp\/v2\/posts\/8640","targetHints":{"allow":["GET"]}}],"collection":[{"href":"https:\/\/www.podermexico.mx\/index.php?rest_route=\/wp\/v2\/posts"}],"about":[{"href":"https:\/\/www.podermexico.mx\/index.php?rest_route=\/wp\/v2\/types\/post"}],"author":[{"embeddable":true,"href":"https:\/\/www.podermexico.mx\/index.php?rest_route=\/wp\/v2\/users\/10"}],"replies":[{"embeddable":true,"href":"https:\/\/www.podermexico.mx\/index.php?rest_route=%2Fwp%2Fv2%2Fcomments&post=8640"}],"version-history":[{"count":1,"href":"https:\/\/www.podermexico.mx\/index.php?rest_route=\/wp\/v2\/posts\/8640\/revisions"}],"predecessor-version":[{"id":8642,"href":"https:\/\/www.podermexico.mx\/index.php?rest_route=\/wp\/v2\/posts\/8640\/revisions\/8642"}],"wp:featuredmedia":[{"embeddable":true,"href":"https:\/\/www.podermexico.mx\/index.php?rest_route=\/wp\/v2\/media\/8641"}],"wp:attachment":[{"href":"https:\/\/www.podermexico.mx\/index.php?rest_route=%2Fwp%2Fv2%2Fmedia&parent=8640"}],"wp:term":[{"taxonomy":"category","embeddable":true,"href":"https:\/\/www.podermexico.mx\/index.php?rest_route=%2Fwp%2Fv2%2Fcategories&post=8640"},{"taxonomy":"post_tag","embeddable":true,"href":"https:\/\/www.podermexico.mx\/index.php?rest_route=%2Fwp%2Fv2%2Ftags&post=8640"}],"curies":[{"name":"wp","href":"https:\/\/api.w.org\/{rel}","templated":true}]}}