
{"id":8614,"date":"2026-04-26T11:01:53","date_gmt":"2026-04-26T17:01:53","guid":{"rendered":"https:\/\/www.podermexico.mx\/?p=8614"},"modified":"2026-04-25T11:03:42","modified_gmt":"2026-04-25T17:03:42","slug":"vicente-magana-es-nombrado-ceo-de-edgenet-data-technologies","status":"publish","type":"post","link":"https:\/\/www.podermexico.mx\/?p=8614","title":{"rendered":"Vicente Maga\u00f1a es nombrado CEO de Edgenet Data Technologies"},"content":{"rendered":"\n<p><strong>Edgenet Data Technologies<\/strong> ha anunciado la incorporaci\u00f3n de <strong>Vicente Maga\u00f1a<\/strong> como su nuevo CEO, encomend\u00e1ndole la tarea de acelerar el crecimiento de su plataforma de infraestructura digital en M\u00e9xico. <\/p>\n\n\n\n<p>Con una misi\u00f3n clara de fortalecer la ejecuci\u00f3n y la disciplina operativa, Maga\u00f1a liderar\u00e1 el despliegue de una red de <strong>30 centros de datos<\/strong> dise\u00f1ados para ser &#8220;AI Ready&#8221;. <\/p>\n\n\n\n<p>Su gesti\u00f3n priorizar\u00e1 la baja latencia y la soberan\u00eda del dato, elementos fundamentales para impulsar la nueva econom\u00eda digital y asegurar que el procesamiento de informaci\u00f3n estrat\u00e9gica cuente con capacidades locales robustas.<\/p>\n\n\n\n<p>Reconocido como un ejecutivo de transformaci\u00f3n y crecimiento de negocio, Maga\u00f1a llega a Edgenet con el respaldo del Consejo de Administraci\u00f3n y socios inversionistas para consolidar a la empresa como un referente del <em>Edge Computing<\/em> en la regi\u00f3n. <\/p>\n\n\n\n<p>Su enfoque en la innovaci\u00f3n tecnol\u00f3gica y el orgullo por lo &#8220;Hecho en M\u00e9xico&#8221; marca el inicio de una etapa de expansi\u00f3n para la compa\u00f1\u00eda, que busca ofrecer soluciones de infraestructura resilientes y escalables para las industrias que lideran la transici\u00f3n digital y energ\u00e9tica en el pa\u00eds.<\/p>\n","protected":false},"excerpt":{"rendered":"<p>Edgenet Data Technologies ha anunciado la incorporaci\u00f3n de Vicente Maga\u00f1a como su nuevo CEO, encomend\u00e1ndole la tarea de acelerar el crecimiento de su plataforma de infraestructura digital en M\u00e9xico. Con una misi\u00f3n clara de fortalecer la ejecuci\u00f3n y la disciplina operativa, Maga\u00f1a liderar\u00e1 el despliegue de una red de 30 centros de datos dise\u00f1ados para ser &#8220;AI Ready&#8221;. Su gesti\u00f3n &hellip;<\/p>\n","protected":false},"author":7,"featured_media":8615,"comment_status":"closed","ping_status":"closed","sticky":false,"template":"","format":"standard","meta":{"footnotes":""},"categories":[2135],"tags":[115],"class_list":["post-8614","post","type-post","status-publish","format-standard","has-post-thumbnail","hentry","category-nombramiento","tag-nombramiento"],"aioseo_notices":[],"_links":{"self":[{"href":"https:\/\/www.podermexico.mx\/index.php?rest_route=\/wp\/v2\/posts\/8614","targetHints":{"allow":["GET"]}}],"collection":[{"href":"https:\/\/www.podermexico.mx\/index.php?rest_route=\/wp\/v2\/posts"}],"about":[{"href":"https:\/\/www.podermexico.mx\/index.php?rest_route=\/wp\/v2\/types\/post"}],"author":[{"embeddable":true,"href":"https:\/\/www.podermexico.mx\/index.php?rest_route=\/wp\/v2\/users\/7"}],"replies":[{"embeddable":true,"href":"https:\/\/www.podermexico.mx\/index.php?rest_route=%2Fwp%2Fv2%2Fcomments&post=8614"}],"version-history":[{"count":1,"href":"https:\/\/www.podermexico.mx\/index.php?rest_route=\/wp\/v2\/posts\/8614\/revisions"}],"predecessor-version":[{"id":8616,"href":"https:\/\/www.podermexico.mx\/index.php?rest_route=\/wp\/v2\/posts\/8614\/revisions\/8616"}],"wp:featuredmedia":[{"embeddable":true,"href":"https:\/\/www.podermexico.mx\/index.php?rest_route=\/wp\/v2\/media\/8615"}],"wp:attachment":[{"href":"https:\/\/www.podermexico.mx\/index.php?rest_route=%2Fwp%2Fv2%2Fmedia&parent=8614"}],"wp:term":[{"taxonomy":"category","embeddable":true,"href":"https:\/\/www.podermexico.mx\/index.php?rest_route=%2Fwp%2Fv2%2Fcategories&post=8614"},{"taxonomy":"post_tag","embeddable":true,"href":"https:\/\/www.podermexico.mx\/index.php?rest_route=%2Fwp%2Fv2%2Ftags&post=8614"}],"curies":[{"name":"wp","href":"https:\/\/api.w.org\/{rel}","templated":true}]}}