
{"id":7875,"date":"2026-03-13T08:00:00","date_gmt":"2026-03-13T14:00:00","guid":{"rendered":"https:\/\/www.podermexico.mx\/?p=7875"},"modified":"2026-03-12T14:46:57","modified_gmt":"2026-03-12T20:46:57","slug":"imef-aumenta-expectativa-de-pib-para-mexico-a-1-4-aun-lejos-de-la-prevision-de-hacienda","status":"publish","type":"post","link":"https:\/\/www.podermexico.mx\/?p=7875","title":{"rendered":"IMEF aumenta expectativa de PIB para M\u00e9xico a 1.4%; a\u00fan lejos de la previsi\u00f3n de Hacienda"},"content":{"rendered":"<div class=\"wp-block-post-author\"><div class=\"wp-block-post-author__avatar\"><img alt='' src='https:\/\/secure.gravatar.com\/avatar\/6873d270747c7f511ab0e491b4ef59ff185c68a5912118c90f83cdcd498e434b?s=48&#038;d=mm&#038;r=g' srcset='https:\/\/secure.gravatar.com\/avatar\/6873d270747c7f511ab0e491b4ef59ff185c68a5912118c90f83cdcd498e434b?s=96&#038;d=mm&#038;r=g 2x' class='avatar avatar-48 photo' height='48' width='48' \/><\/div><div class=\"wp-block-post-author__content\"><p class=\"wp-block-post-author__byline\">Deigo Aguilar<\/p><p class=\"wp-block-post-author__name\">Poder M\u00e9xico<\/p><\/div><\/div>\n\n\n<p><strong>La econom\u00eda de M\u00e9xico crecer\u00eda 1.4% en 2026, de acuerdo con el Instituto Mexicano de Ejecutivos de Finanzas (IMEF)<\/strong>, sin embargo, esta proyecci\u00f3n a\u00fan est\u00e1 lejos del escenario donde se crecer\u00eda hasta 2.8%, el cual pertenece a la Secretar\u00eda de Hacienda y Cr\u00e9dito P\u00fablico (SHCP).<\/p>\n\n\n\n<p>La estimaci\u00f3n de marzo para el Producto Interno Bruto (PIB) nacional aument\u00f3 en 0.1 puntos porcentuales, ya que en febrero pasado se previ\u00f3 una econom\u00eda en expansi\u00f3n de 1.3%. Hacienda, dirigida por \u00c9dgar Amador Zamora, proyect\u00f3 un rango inicial de 1.8% hasta la previsi\u00f3n mencionada anteriormente.<\/p>\n\n\n\n<p>\u201cEn marzo, 30% de los participantes incrementaron su estimaci\u00f3n, ubicando a la mediana en 1.40%\u201d, destac\u00f3 el IMEF en su encuesta mensual de expectativas.<\/p>\n\n\n\n<p><strong>De acuerdo con la instituci\u00f3n, el pron\u00f3stico m\u00e1s optimista se ubic\u00f3 en 2.50% y el m\u00e1s pesimista en 0.40% anual<\/strong>. En 2025, la econom\u00eda habr\u00eda crecido 0.8% a tasa anual y con cifras desestacionalizadas, de acuerdo con el Instituto Nacional de Estad\u00edstica y Geograf\u00eda (Inegi).<\/p>\n\n\n\n<p>El resultado de las expectativas de la encuesta del IMEF es similar a la del Fondo Monetario Internacional (FMI) y a la del Banco Mundial (BM), que estimaron un PIB de 1.5 y 1.3%, respectivamente.<\/p>\n\n\n\n<p>Otra modificaci\u00f3n en la expectativa de los analistas fue la del balance p\u00fablico tradicional. Los consultados por el IMEF elevaron su pron\u00f3stico de d\u00e9ficit como proporci\u00f3n del PIB a un nivel de -4.00%. Esta cifra representa una presi\u00f3n adicional sobre las finanzas del Estado en comparaci\u00f3n con las mediciones previas, lo que indica un mayor requerimiento de financiamiento por parte del sector p\u00fablico para cumplir con sus obligaciones presupuestarias antes de que concluya el a\u00f1o.<\/p>\n\n\n\n<h3 class=\"wp-block-heading\">Pol\u00edtica monetaria e inflacion<\/h3>\n\n\n\n<p>En lo que respecta a la pol\u00edtica monetaria, el consenso de los analistas sit\u00faa la tasa de referencia en un nivel de 6.50% para el cierre de 2026. Esta proyecci\u00f3n sugiere que el Banco de M\u00e9xico (Banxico) mantendr\u00e1 una postura que busque equilibrar el costo del dinero con la necesidad de controlar los precios.<\/p>\n\n\n\n<p><strong>Actualmente, la tasa se encuentra en un nivel de 7%<\/strong> y una parte del consenso estima un recorte para el pr\u00f3ximo 26 de marzo de al menos 25 puntos base.<\/p>\n\n\n\n<p>El nivel de 6.50% es un indicador clave para las instituciones financieras y los inversionistas, ya que determina el costo de los cr\u00e9ditos y el rendimiento de los instrumentos de ahorro en el mercado nacional.<\/p>\n\n\n\n<p>La inflaci\u00f3n se mantuvo como una variable bajo control dentro de las expectativas del instituto. La estimaci\u00f3n para el cierre de 2026 permanece sin cambios en un 4.0%. A penas dentro del objetivo de Banxico, que es de 3% m\u00e1s o menos un punto porcentual.<\/p>\n\n\n\n<p>En lo que respecta al mercado laboral, la encuesta se\u00f1al\u00f3 que los analistas del IMEF mantuvieron su pron\u00f3stico de <strong>creaci\u00f3n de empleo en 280 mil plazas afiliadas al Instituto Mexicano del Seguro Social (IMSS) <\/strong> para el cierre de 2026.<\/p>\n\n\n\n<p>Esta cifra es un term\u00f3metro de la capacidad de la econom\u00eda formal para integrar nuevos trabajadores y refleja una expectativa de crecimiento constante en la n\u00f3mina nacional sin variaciones bruscas respecto al mes anterior.<\/p>\n\n\n\n<p>Por \u00faltimo, el tipo de cambio experiment\u00f3 una revisi\u00f3n a la baja en las proyecciones de los expertos. La estimaci\u00f3n para el cierre del a\u00f1o se redujo a 18.35 pesos por d\u00f3lar, una cifra menor a los 18.50 pesos por d\u00f3lar proyectados durante el mes de febrero.<\/p>\n","protected":false},"excerpt":{"rendered":"<p>La econom\u00eda de M\u00e9xico crecer\u00eda 1.4% en 2026, de acuerdo con el Instituto Mexicano de Ejecutivos de Finanzas (IMEF), sin embargo, esta proyecci\u00f3n a\u00fan est\u00e1 lejos del escenario donde se crecer\u00eda hasta 2.8%, el cual pertenece a la Secretar\u00eda de Hacienda y Cr\u00e9dito P\u00fablico (SHCP). La estimaci\u00f3n de marzo para el Producto Interno Bruto (PIB) nacional aument\u00f3 en 0.1 puntos &hellip;<\/p>\n","protected":false},"author":7,"featured_media":7876,"comment_status":"closed","ping_status":"closed","sticky":false,"template":"","format":"standard","meta":{"footnotes":""},"categories":[66],"tags":[220,104,1977],"class_list":["post-7875","post","type-post","status-publish","format-standard","has-post-thumbnail","hentry","category-nacional","tag-imef","tag-mexico","tag-pib"],"aioseo_notices":[],"_links":{"self":[{"href":"https:\/\/www.podermexico.mx\/index.php?rest_route=\/wp\/v2\/posts\/7875","targetHints":{"allow":["GET"]}}],"collection":[{"href":"https:\/\/www.podermexico.mx\/index.php?rest_route=\/wp\/v2\/posts"}],"about":[{"href":"https:\/\/www.podermexico.mx\/index.php?rest_route=\/wp\/v2\/types\/post"}],"author":[{"embeddable":true,"href":"https:\/\/www.podermexico.mx\/index.php?rest_route=\/wp\/v2\/users\/7"}],"replies":[{"embeddable":true,"href":"https:\/\/www.podermexico.mx\/index.php?rest_route=%2Fwp%2Fv2%2Fcomments&post=7875"}],"version-history":[{"count":1,"href":"https:\/\/www.podermexico.mx\/index.php?rest_route=\/wp\/v2\/posts\/7875\/revisions"}],"predecessor-version":[{"id":7877,"href":"https:\/\/www.podermexico.mx\/index.php?rest_route=\/wp\/v2\/posts\/7875\/revisions\/7877"}],"wp:featuredmedia":[{"embeddable":true,"href":"https:\/\/www.podermexico.mx\/index.php?rest_route=\/wp\/v2\/media\/7876"}],"wp:attachment":[{"href":"https:\/\/www.podermexico.mx\/index.php?rest_route=%2Fwp%2Fv2%2Fmedia&parent=7875"}],"wp:term":[{"taxonomy":"category","embeddable":true,"href":"https:\/\/www.podermexico.mx\/index.php?rest_route=%2Fwp%2Fv2%2Fcategories&post=7875"},{"taxonomy":"post_tag","embeddable":true,"href":"https:\/\/www.podermexico.mx\/index.php?rest_route=%2Fwp%2Fv2%2Ftags&post=7875"}],"curies":[{"name":"wp","href":"https:\/\/api.w.org\/{rel}","templated":true}]}}