
{"id":7869,"date":"2026-03-12T15:00:00","date_gmt":"2026-03-12T21:00:00","guid":{"rendered":"https:\/\/www.podermexico.mx\/?p=7869"},"modified":"2026-03-12T12:45:08","modified_gmt":"2026-03-12T18:45:08","slug":"cemex-acuerda-la-venta-de-activos-estrategicos-en-colombia-por-555-millones-de-dolares","status":"publish","type":"post","link":"https:\/\/www.podermexico.mx\/?p=7869","title":{"rendered":"Cemex acuerda la venta de activos estrat\u00e9gicos en Colombia por 555 millones de d\u00f3lares"},"content":{"rendered":"\n<p>La multinacional mexicana <strong>Cemex<\/strong> ha iniciado un proceso de desinversi\u00f3n parcial de sus operaciones en Colombia, una medida que se alinea con su estrategia global de optimizaci\u00f3n de portafolio y fortalecimiento financiero. <\/p>\n\n\n\n<p>El monto total de las transacciones proyectadas asciende a aproximadamente <strong>555 millones de d\u00f3lares<\/strong>, cifra que representa un m\u00faltiplo de cerca de <strong>10 veces el EBITDA de 2025<\/strong>. <\/p>\n\n\n\n<p>Esta operaci\u00f3n se divide en varias etapas, siendo la m\u00e1s significativa el acuerdo alcanzado con <strong>Holcim Group<\/strong> por un valor de <strong>485 millones de d\u00f3lares<\/strong>, el cual incluye activos cr\u00edticos de producci\u00f3n y distribuci\u00f3n en el pa\u00eds sudamericano.<\/p>\n\n\n\n<p>Dentro de los activos transferidos a Holcim destacan la planta de cemento <strong>Caracolito<\/strong>, el molino de molienda <strong>Santa Rosa<\/strong>, as\u00ed como una cartera diversificada de plantas de concreto premezclado, agregados, mortero y aditivos. Se espera que esta transacci\u00f3n se formalice al cierre del presente a\u00f1o, una vez obtenidas las aprobaciones regulatorias correspondientes. <\/p>\n\n\n\n<p>Adicionalmente, Cemex se encuentra en negociaciones con otros terceros para la venta de activos remanentes en la misma zona geogr\u00e1fica, lo que generar\u00eda ingresos adicionales por <strong>70 millones de d\u00f3lares<\/strong>. <\/p>\n\n\n\n<p>Estas acciones forman parte de un esfuerzo de reequilibrio de activos iniciado en 2018 para concentrar recursos en mercados con mayor potencial de crecimiento.<\/p>\n\n\n\n<p>A pesar de esta reducci\u00f3n, la compa\u00f1\u00eda mantendr\u00e1 una presencia operativa relevante en Colombia para seguir atendiendo la demanda local. Cemex conservar\u00e1 dos plantas de cemento ubicadas en <strong>Maceo y C\u00facuta<\/strong>, con una capacidad instalada conjunta de <strong>1.6 millones de toneladas anuales<\/strong>. <\/p>\n\n\n\n<p>Asimismo, mantendr\u00e1 la propiedad del molino de molienda <strong>Clemencia<\/strong>, junto con diversas canteras de agregados y plantas de concreto. Seg\u00fan <strong>Jaime Muguiro<\/strong>, CEO de Cemex, estos movimientos permiten a la empresa centrar sus inversiones en geograf\u00edas clave como <strong>Estados Unidos, Europa y M\u00e9xico<\/strong>, consolidando una estructura corporativa m\u00e1s \u00e1gil y eficiente frente a los retos de la industria de la construcci\u00f3n global.<\/p>\n","protected":false},"excerpt":{"rendered":"<p>La multinacional mexicana Cemex ha iniciado un proceso de desinversi\u00f3n parcial de sus operaciones en Colombia, una medida que se alinea con su estrategia global de optimizaci\u00f3n de portafolio y fortalecimiento financiero. El monto total de las transacciones proyectadas asciende a aproximadamente 555 millones de d\u00f3lares, cifra que representa un m\u00faltiplo de cerca de 10 veces el EBITDA de 2025. &hellip;<\/p>\n","protected":false},"author":7,"featured_media":7870,"comment_status":"closed","ping_status":"closed","sticky":false,"template":"","format":"standard","meta":{"footnotes":""},"categories":[60],"tags":[116,228,1885],"class_list":["post-7869","post","type-post","status-publish","format-standard","has-post-thumbnail","hentry","category-empresas","tag-cemex","tag-colombia","tag-holcim"],"aioseo_notices":[],"_links":{"self":[{"href":"https:\/\/www.podermexico.mx\/index.php?rest_route=\/wp\/v2\/posts\/7869","targetHints":{"allow":["GET"]}}],"collection":[{"href":"https:\/\/www.podermexico.mx\/index.php?rest_route=\/wp\/v2\/posts"}],"about":[{"href":"https:\/\/www.podermexico.mx\/index.php?rest_route=\/wp\/v2\/types\/post"}],"author":[{"embeddable":true,"href":"https:\/\/www.podermexico.mx\/index.php?rest_route=\/wp\/v2\/users\/7"}],"replies":[{"embeddable":true,"href":"https:\/\/www.podermexico.mx\/index.php?rest_route=%2Fwp%2Fv2%2Fcomments&post=7869"}],"version-history":[{"count":1,"href":"https:\/\/www.podermexico.mx\/index.php?rest_route=\/wp\/v2\/posts\/7869\/revisions"}],"predecessor-version":[{"id":7871,"href":"https:\/\/www.podermexico.mx\/index.php?rest_route=\/wp\/v2\/posts\/7869\/revisions\/7871"}],"wp:featuredmedia":[{"embeddable":true,"href":"https:\/\/www.podermexico.mx\/index.php?rest_route=\/wp\/v2\/media\/7870"}],"wp:attachment":[{"href":"https:\/\/www.podermexico.mx\/index.php?rest_route=%2Fwp%2Fv2%2Fmedia&parent=7869"}],"wp:term":[{"taxonomy":"category","embeddable":true,"href":"https:\/\/www.podermexico.mx\/index.php?rest_route=%2Fwp%2Fv2%2Fcategories&post=7869"},{"taxonomy":"post_tag","embeddable":true,"href":"https:\/\/www.podermexico.mx\/index.php?rest_route=%2Fwp%2Fv2%2Ftags&post=7869"}],"curies":[{"name":"wp","href":"https:\/\/api.w.org\/{rel}","templated":true}]}}