
{"id":7856,"date":"2026-03-12T09:00:00","date_gmt":"2026-03-12T15:00:00","guid":{"rendered":"https:\/\/www.podermexico.mx\/?p=7856"},"modified":"2026-03-11T22:28:49","modified_gmt":"2026-03-12T04:28:49","slug":"vuelve-la-inflacion-al-4-en-febrero-banxico-continuara-con-el-ciclo-de-recortes","status":"publish","type":"post","link":"https:\/\/www.podermexico.mx\/?p=7856","title":{"rendered":"Vuelve la inflaci\u00f3n al 4% en febrero; \u00bfBanxico continuar\u00e1 con el ciclo de recortes?"},"content":{"rendered":"\n<p>Diego Aguilar<\/p>\n\n\n<div class=\"wp-block-post-author\"><div class=\"wp-block-post-author__avatar\"><img alt='' src='https:\/\/secure.gravatar.com\/avatar\/6873d270747c7f511ab0e491b4ef59ff185c68a5912118c90f83cdcd498e434b?s=48&#038;d=mm&#038;r=g' srcset='https:\/\/secure.gravatar.com\/avatar\/6873d270747c7f511ab0e491b4ef59ff185c68a5912118c90f83cdcd498e434b?s=96&#038;d=mm&#038;r=g 2x' class='avatar avatar-48 photo' height='48' width='48' \/><\/div><div class=\"wp-block-post-author__content\"><p class=\"wp-block-post-author__byline\">Diego Aguilar<\/p><p class=\"wp-block-post-author__name\">Poder M\u00e9xico<\/p><\/div><\/div>\n\n\n<p>La inflaci\u00f3n general de M\u00e9xico volvi\u00f3 a un <strong>nivel superior a 4% anual, <\/strong>de acuerdo con el \u00cdndice Nacional de Precios al Consumidor (INPC) publicado este lunes por el Instituto Nacional de Estad\u00edstica y Geograf\u00eda (Inegi). Este incremento se dio mientras Banco de M\u00e9xico (Banxico) podr\u00eda recortar su tasa de inter\u00e9s a finales de este mes, decisi\u00f3n que expertos la han calificado como precipitada,<\/p>\n\n\n\n<p>De acuerdo con la directora del \u00e1rea de An\u00e1lisis Econ\u00f3mico de Banco Base, La inflaci\u00f3n repunt\u00f3 en M\u00e9xico pese a que a\u00fan no iniciaba la guerra en Medio Oriente, ni tampoco hab\u00eda presi\u00f3n sobre los precios de energ\u00e9ticos, situaci\u00f3n que tambi\u00e9n deriva del conflicto en Asia.<\/p>\n\n\n\n<p><strong>\u201cAnte este escenario Banco de M\u00e9xico no deber\u00eda recortar su tasa de inter\u00e9s\u201d, alert\u00f3 la economista.<\/strong><\/p>\n\n\n\n<p>Y es que la Junta de Gobierno de Banxico, de acuerdo con su gu\u00eda prospectiva de pol\u00edtica monetaria, considera recortar en <strong>25 puntos base (pb)<\/strong> la tasa de inter\u00e9s interbancaria de referencia, estacion\u00e1ndola en un 6.75%.<\/p>\n\n\n\n<p>La gobernadora de la entidad<strong>, Victoria Rodr\u00edguez Ceja<\/strong>, asegur\u00f3 recientemente, durante la presentaci\u00f3n de su reporte del \u00faltimo trimestre de 2025, que los efectos del incremento en el IEPS ser\u00edan limitados y que probablemente no impactar\u00edan de forma significativa a la inflaci\u00f3n.<\/p>\n\n\n\n<p>\u201cSer\u00eda un grave error de pol\u00edtica monetaria recortar la tasa de inter\u00e9s en M\u00e9xico. La inflaci\u00f3n ya est\u00e1 de nuevo encima de 4% y existen muchos riesgos de que siga subiendo\u201d, agreg\u00f3 Siller.<\/p>\n\n\n\n<p>El alza o recorte en la tasa de inter\u00e9s de referencia es una herramienta monetaria que los bancos centrales utilizan para, de forma general, incentivar o limitar el consumo, uno de los motores de la econom\u00eda.<\/p>\n\n\n\n<p>Si la tasa de inter\u00e9s aumenta, el cr\u00e9dito se encarece, lo que acota el uso de pr\u00e9stamos bancarios, por ejemplo. Sin embargo, incentiva el ahorro, ya que las tasas de retorno incrementan.<\/p>\n\n\n\n<p>Por el contrario, de recortarse, el cr\u00e9dito se abarata, permitiendo que la solicitud de pr\u00e9stamos o el uso de tarjetas de cr\u00e9dito, por ejemplo, incremente. En este caso, se castiga el ahorro, ya que las tasas de retorno disminuyen,<\/p>\n\n\n\n<p>Esta situaci\u00f3n impacta al consumo y al precio de los bienes y servicios, ya que a mayor consumo, es decir: demanda, la oferta se encarece.<\/p>\n\n\n\n<h3 class=\"wp-block-heading\">Alimentos y bebidas empujan la inflaci\u00f3n<\/h3>\n\n\n\n<p>El INEGI inform\u00f3 que la inflaci\u00f3n <strong>alcanz\u00f3 un nivel anual de 4.02% durante febrero de 2025<\/strong>, nivel que super\u00f3 sutilmente el objetivo de Banco de M\u00e9xico, que es de 3% m\u00e1s o menos un punto porcentual; es decir: m\u00ednima de 2% y m\u00e1xima de 4%.<\/p>\n\n\n\n<p>Cabe se\u00f1alar que desde junio de 2024 no se observaba que el INPC superara el 4%, en aquel mes y de acuerdo con el INEGI, el nivel inflacionario fue de 4.32%, precedido de un <strong>4.42% en mayo inmediato<\/strong>.<\/p>\n\n\n\n<p>La inflaci\u00f3n est\u00e1 compuesta por dos indicadores:<strong> el subyacente y el no subyacente. <\/strong>En el primer caso, el \u00edndice no contempla los precios de alimentos no procesados, como los agropecuarios, ni tampoco de los energ\u00e9ticos, esto debido a su alta volatilidad y el efecto que puedan tener en su resultado.<\/p>\n\n\n\n<p>En este sentido, <strong>la inflaci\u00f3n subyacente se ubic\u00f3 en 4.50%<\/strong>. Los precios de los alimentos, bebidas y tabaco fueron el concepto con mayor incidencia en este sector. Esto puede explicarse debido a que desde enero de este a\u00f1o, el Impuesto Especial Sobre Producci\u00f3n y Servicios (IEPS)<strong> se actualiz\u00f3 con un alza de hasta 4.5% <\/strong>en productos como refrescos, jugos, cigarros y otras bebidas azucaradas.<\/p>\n\n\n\n<p>La educaci\u00f3n (colegiaturas) alcanz\u00f3 un nivel de 6.04% anual, siendo el segundo concepto con mayor incidencia en este \u00edndice. Los precios en las loncher\u00edas, fondas, taquer\u00edas y restaurantes ocuparon el tercer lugar, con un nivel de 5.20% anual.<\/p>\n\n\n\n<p>Por otro lado, la inflaci\u00f3n no subyacente registr\u00f3 una variaci\u00f3n porcentual de 2.44. En ella i<strong>nfluy\u00f3 el incremento anual de 9.88%<\/strong> en el precio de frutas y verduras, as\u00ed como el de las tarifas el\u00e9ctricas autorizadas por el gobierno, con una variaci\u00f3n de 5.82% anual.<\/p>\n\n\n\n<p><strong>La pr\u00f3xima reuni\u00f3n de Banxico ser\u00e1 el 26 de marzo.<\/strong><\/p>\n","protected":false},"excerpt":{"rendered":"<p>Diego Aguilar La inflaci\u00f3n general de M\u00e9xico volvi\u00f3 a un nivel superior a 4% anual, de acuerdo con el \u00cdndice Nacional de Precios al Consumidor (INPC) publicado este lunes por el Instituto Nacional de Estad\u00edstica y Geograf\u00eda (Inegi). Este incremento se dio mientras Banco de M\u00e9xico (Banxico) podr\u00eda recortar su tasa de inter\u00e9s a finales de este mes, decisi\u00f3n que &hellip;<\/p>\n","protected":false},"author":7,"featured_media":7857,"comment_status":"closed","ping_status":"closed","sticky":false,"template":"","format":"standard","meta":{"footnotes":""},"categories":[61,66],"tags":[735,1390,104],"class_list":["post-7856","post","type-post","status-publish","format-standard","has-post-thumbnail","hentry","category-inversiones","category-nacional","tag-banxico","tag-inflacion","tag-mexico"],"aioseo_notices":[],"_links":{"self":[{"href":"https:\/\/www.podermexico.mx\/index.php?rest_route=\/wp\/v2\/posts\/7856","targetHints":{"allow":["GET"]}}],"collection":[{"href":"https:\/\/www.podermexico.mx\/index.php?rest_route=\/wp\/v2\/posts"}],"about":[{"href":"https:\/\/www.podermexico.mx\/index.php?rest_route=\/wp\/v2\/types\/post"}],"author":[{"embeddable":true,"href":"https:\/\/www.podermexico.mx\/index.php?rest_route=\/wp\/v2\/users\/7"}],"replies":[{"embeddable":true,"href":"https:\/\/www.podermexico.mx\/index.php?rest_route=%2Fwp%2Fv2%2Fcomments&post=7856"}],"version-history":[{"count":1,"href":"https:\/\/www.podermexico.mx\/index.php?rest_route=\/wp\/v2\/posts\/7856\/revisions"}],"predecessor-version":[{"id":7858,"href":"https:\/\/www.podermexico.mx\/index.php?rest_route=\/wp\/v2\/posts\/7856\/revisions\/7858"}],"wp:featuredmedia":[{"embeddable":true,"href":"https:\/\/www.podermexico.mx\/index.php?rest_route=\/wp\/v2\/media\/7857"}],"wp:attachment":[{"href":"https:\/\/www.podermexico.mx\/index.php?rest_route=%2Fwp%2Fv2%2Fmedia&parent=7856"}],"wp:term":[{"taxonomy":"category","embeddable":true,"href":"https:\/\/www.podermexico.mx\/index.php?rest_route=%2Fwp%2Fv2%2Fcategories&post=7856"},{"taxonomy":"post_tag","embeddable":true,"href":"https:\/\/www.podermexico.mx\/index.php?rest_route=%2Fwp%2Fv2%2Ftags&post=7856"}],"curies":[{"name":"wp","href":"https:\/\/api.w.org\/{rel}","templated":true}]}}