
{"id":7850,"date":"2026-03-11T13:30:00","date_gmt":"2026-03-11T19:30:00","guid":{"rendered":"https:\/\/www.podermexico.mx\/?p=7850"},"modified":"2026-03-11T13:23:18","modified_gmt":"2026-03-11T19:23:18","slug":"claudia-sheinbaum-encabeza-un-encuentro-estrategico-con-empresas-del-grupo-wallenberg","status":"publish","type":"post","link":"https:\/\/www.podermexico.mx\/?p=7850","title":{"rendered":"Claudia Sheinbaum encabeza un encuentro estrat\u00e9gico con empresas del grupo Wallenberg."},"content":{"rendered":"\n<p>La presidenta de M\u00e9xico, Claudia Sheinbaum Pardo, encabez\u00f3 un encuentro estrat\u00e9gico con una delegaci\u00f3n de 100 directivos y ejecutivos de empresas de Suecia, Noruega, Finlandia y Dinamarca.<\/p>\n\n\n\n<p>Esta reuni\u00f3n, celebrada en Palacio Nacional, tuvo como eje central la presentaci\u00f3n del &#8216;Plan M\u00e9xico&#8217; y la b\u00fasqueda de sinergias en sectores cr\u00edticos como la energ\u00eda, las <strong>telecomunicaciones<\/strong> y la <strong>salud<\/strong>.<\/p>\n\n\n\n<p>Bajo la coordinaci\u00f3n de la Secretar\u00eda de Relaciones Exteriores y la participaci\u00f3n de su titular, Juan Ram\u00f3n de la Fuente, el gobierno federal destac\u00f3 que el pa\u00eds se posiciona como un destino seguro y atractivo para el capital extranjero, especialmente para corporaciones que buscan estabilidad y un entorno propicio para la innovaci\u00f3n t\u00e9cnica.<\/p>\n\n\n\n<p>Durante el di\u00e1logo se enfatiz\u00f3 la relevancia de la relaci\u00f3n comercial con los pa\u00edses n\u00f3rdicos, la cual se traduce en una red de m\u00e1s de 500 empresas operando en territorio mexicano y un intercambio comercial anual que ronda los 5,000 millones de d\u00f3lares.<\/p>\n\n\n\n<p>Directivos de firmas globales como <a href=\"https:\/\/www.linkedin.com\/company\/104086734\/admin\/page-posts\/published\/?share=true#\">ABB<\/a>, <a href=\"https:\/\/www.linkedin.com\/company\/104086734\/admin\/page-posts\/published\/?share=true#\">AstraZeneca<\/a>, <a href=\"https:\/\/www.linkedin.com\/company\/104086734\/admin\/page-posts\/published\/?share=true#\">Ericsson<\/a>, <a href=\"https:\/\/www.linkedin.com\/company\/104086734\/admin\/page-posts\/published\/?share=true#\">the LEGO Group<\/a>, <a href=\"https:\/\/www.linkedin.com\/company\/104086734\/admin\/page-posts\/published\/?share=true#\">Nokia<\/a> y <a href=\"https:\/\/www.linkedin.com\/company\/104086734\/admin\/page-posts\/published\/?share=true#\">Volvo Group<\/a> manifestaron su inter\u00e9s por profundizar su presencia en el pa\u00eds mediante proyectos de largo alcance.<\/p>\n\n\n\n<p>El canciller de la Fuente subray\u00f3 que la reuni\u00f3n permiti\u00f3 resolver inquietudes espec\u00edficas sobre el panorama regulatorio y las proyecciones de crecimiento para el actual sexenio, reforzando la percepci\u00f3n de M\u00e9xico como un centro neur\u00e1lgico para la inversi\u00f3n en el marco de la relocalizaci\u00f3n de cadenas productivas.<\/p>\n","protected":false},"excerpt":{"rendered":"<p>La presidenta de M\u00e9xico, Claudia Sheinbaum Pardo, encabez\u00f3 un encuentro estrat\u00e9gico con una delegaci\u00f3n de 100 directivos y ejecutivos de empresas de Suecia, Noruega, Finlandia y Dinamarca. Esta reuni\u00f3n, celebrada en Palacio Nacional, tuvo como eje central la presentaci\u00f3n del &#8216;Plan M\u00e9xico&#8217; y la b\u00fasqueda de sinergias en sectores cr\u00edticos como la energ\u00eda, las telecomunicaciones y la salud. Bajo la &hellip;<\/p>\n","protected":false},"author":7,"featured_media":7851,"comment_status":"closed","ping_status":"closed","sticky":false,"template":"","format":"standard","meta":{"footnotes":""},"categories":[60,66],"tags":[132,2143],"class_list":["post-7850","post","type-post","status-publish","format-standard","has-post-thumbnail","hentry","category-empresas","category-nacional","tag-claudia-sheinbaum","tag-grupo-wallenberg"],"aioseo_notices":[],"_links":{"self":[{"href":"https:\/\/www.podermexico.mx\/index.php?rest_route=\/wp\/v2\/posts\/7850","targetHints":{"allow":["GET"]}}],"collection":[{"href":"https:\/\/www.podermexico.mx\/index.php?rest_route=\/wp\/v2\/posts"}],"about":[{"href":"https:\/\/www.podermexico.mx\/index.php?rest_route=\/wp\/v2\/types\/post"}],"author":[{"embeddable":true,"href":"https:\/\/www.podermexico.mx\/index.php?rest_route=\/wp\/v2\/users\/7"}],"replies":[{"embeddable":true,"href":"https:\/\/www.podermexico.mx\/index.php?rest_route=%2Fwp%2Fv2%2Fcomments&post=7850"}],"version-history":[{"count":1,"href":"https:\/\/www.podermexico.mx\/index.php?rest_route=\/wp\/v2\/posts\/7850\/revisions"}],"predecessor-version":[{"id":7852,"href":"https:\/\/www.podermexico.mx\/index.php?rest_route=\/wp\/v2\/posts\/7850\/revisions\/7852"}],"wp:featuredmedia":[{"embeddable":true,"href":"https:\/\/www.podermexico.mx\/index.php?rest_route=\/wp\/v2\/media\/7851"}],"wp:attachment":[{"href":"https:\/\/www.podermexico.mx\/index.php?rest_route=%2Fwp%2Fv2%2Fmedia&parent=7850"}],"wp:term":[{"taxonomy":"category","embeddable":true,"href":"https:\/\/www.podermexico.mx\/index.php?rest_route=%2Fwp%2Fv2%2Fcategories&post=7850"},{"taxonomy":"post_tag","embeddable":true,"href":"https:\/\/www.podermexico.mx\/index.php?rest_route=%2Fwp%2Fv2%2Ftags&post=7850"}],"curies":[{"name":"wp","href":"https:\/\/api.w.org\/{rel}","templated":true}]}}