
{"id":7832,"date":"2026-03-10T18:00:00","date_gmt":"2026-03-11T00:00:00","guid":{"rendered":"https:\/\/www.podermexico.mx\/?p=7832"},"modified":"2026-03-11T22:52:50","modified_gmt":"2026-03-12T04:52:50","slug":"fernando-ramirez-asume-la-vicepresidencia-y-gerencia-general-de-clorox-mexico","status":"publish","type":"post","link":"https:\/\/www.podermexico.mx\/?p=7832","title":{"rendered":"Fernando Ram\u00edrez M del C asume la vicepresidencia y gerencia general de Clorox M\u00e9xico"},"content":{"rendered":"\n<p>En una fase de consolidaci\u00f3n para el sector de productos de consumo masivo, <strong>The Clorox Company<\/strong> ha formalizado el nombramiento de <strong>Fernando Ram\u00edrez<\/strong> como su nuevo <strong>VP General Manager para M\u00e9xico<\/strong>. <\/p>\n\n\n\n<p>Este movimiento estrat\u00e9gico ocurre en un momento en que la compa\u00f1\u00eda busca acelerar su crecimiento sostenible y fortalecer su presencia en el mercado nacional a trav\u00e9s de una cultura orientada a prop\u00f3sitos y el desarrollo de marcas de confianza. <\/p>\n\n\n\n<p>La incorporaci\u00f3n de Ram\u00edrez a la direcci\u00f3n mexicana tiene como objetivo principal la entrega de resultados mediante una gesti\u00f3n centrada en la escucha activa, la claridad operativa y la aceleraci\u00f3n del negocio en la regi\u00f3n de Latinoam\u00e9rica.<\/p>\n\n\n\n<p>La llegada del nuevo directivo se alinea con la visi\u00f3n global de Clorox de construir valor a trav\u00e9s del desempe\u00f1o y los principios \u00e9ticos. Con un enfoque declarado en el desarrollo de talento excepcional y la excelencia en el servicio al cliente, la estrategia bajo este nuevo liderazgo se centrar\u00e1 en la ejecuci\u00f3n \u00e1gil para responder a las demandas de un consumidor mexicano cada vez m\u00e1s consciente de la calidad y la sostenibilidad. <\/p>\n\n\n\n<p>Se espera que Clorox M\u00e9xico implemente iniciativas para optimizar su cadena de suministro y potenciar sus marcas l\u00edderes en higiene y cuidado del hogar, buscando un equilibrio entre la rentabilidad y el impacto positivo en la comunidad.<\/p>\n","protected":false},"excerpt":{"rendered":"<p>En una fase de consolidaci\u00f3n para el sector de productos de consumo masivo, The Clorox Company ha formalizado el nombramiento de Fernando Ram\u00edrez como su nuevo VP General Manager para M\u00e9xico. Este movimiento estrat\u00e9gico ocurre en un momento en que la compa\u00f1\u00eda busca acelerar su crecimiento sostenible y fortalecer su presencia en el mercado nacional a trav\u00e9s de una cultura &hellip;<\/p>\n","protected":false},"author":10,"featured_media":7860,"comment_status":"closed","ping_status":"closed","sticky":false,"template":"","format":"standard","meta":{"footnotes":""},"categories":[2135],"tags":[2138,104,115],"class_list":["post-7832","post","type-post","status-publish","format-standard","has-post-thumbnail","hentry","category-nombramiento","tag-clorox","tag-mexico","tag-nombramiento"],"aioseo_notices":[],"_links":{"self":[{"href":"https:\/\/www.podermexico.mx\/index.php?rest_route=\/wp\/v2\/posts\/7832","targetHints":{"allow":["GET"]}}],"collection":[{"href":"https:\/\/www.podermexico.mx\/index.php?rest_route=\/wp\/v2\/posts"}],"about":[{"href":"https:\/\/www.podermexico.mx\/index.php?rest_route=\/wp\/v2\/types\/post"}],"author":[{"embeddable":true,"href":"https:\/\/www.podermexico.mx\/index.php?rest_route=\/wp\/v2\/users\/10"}],"replies":[{"embeddable":true,"href":"https:\/\/www.podermexico.mx\/index.php?rest_route=%2Fwp%2Fv2%2Fcomments&post=7832"}],"version-history":[{"count":2,"href":"https:\/\/www.podermexico.mx\/index.php?rest_route=\/wp\/v2\/posts\/7832\/revisions"}],"predecessor-version":[{"id":7862,"href":"https:\/\/www.podermexico.mx\/index.php?rest_route=\/wp\/v2\/posts\/7832\/revisions\/7862"}],"wp:featuredmedia":[{"embeddable":true,"href":"https:\/\/www.podermexico.mx\/index.php?rest_route=\/wp\/v2\/media\/7860"}],"wp:attachment":[{"href":"https:\/\/www.podermexico.mx\/index.php?rest_route=%2Fwp%2Fv2%2Fmedia&parent=7832"}],"wp:term":[{"taxonomy":"category","embeddable":true,"href":"https:\/\/www.podermexico.mx\/index.php?rest_route=%2Fwp%2Fv2%2Fcategories&post=7832"},{"taxonomy":"post_tag","embeddable":true,"href":"https:\/\/www.podermexico.mx\/index.php?rest_route=%2Fwp%2Fv2%2Ftags&post=7832"}],"curies":[{"name":"wp","href":"https:\/\/api.w.org\/{rel}","templated":true}]}}