
{"id":7814,"date":"2026-03-09T18:00:00","date_gmt":"2026-03-10T00:00:00","guid":{"rendered":"https:\/\/www.podermexico.mx\/?p=7814"},"modified":"2026-03-09T16:53:03","modified_gmt":"2026-03-09T22:53:03","slug":"sanofi-nombra-a-ignacio-saez-torres-barroso-nuevo-director-general-de-farma-para-america-latina","status":"publish","type":"post","link":"https:\/\/www.podermexico.mx\/?p=7814","title":{"rendered":"Sanofi nombra a Ignacio Saez-Torres Barroso nuevo director general de farma para Am\u00e9rica Latina"},"content":{"rendered":"\n<p>En el marco de su 97 aniversario en M\u00e9xico, Sanofi refuerza su compromiso con la regi\u00f3n mediante dos anuncios de alto impacto: el nombramiento de Ignacio S\u00e1ez-Torres como nuevo director general de Farma para Am\u00e9rica Latina y una inversi\u00f3n hist\u00f3rica de 14,000 millones de pesos hacia 2030.<\/p>\n\n\n\n<p>Con una formaci\u00f3n en Ciencias F\u00edsicas y m\u00e1s de dos d\u00e9cadas de experiencia internacional, S\u00e1ez-Torres asume el reto de liderar una transformaci\u00f3n operativa basada en datos, enfocada en acelerar el acceso a terapias innovadoras y fortalecer la soberan\u00eda sanitaria a trav\u00e9s de la producci\u00f3n local.<\/p>\n\n\n\n<p>Esta inversi\u00f3n se centrar\u00e1 en tres pilares fundamentales: la modernizaci\u00f3n de la cadena de suministro, el impulso a la investigaci\u00f3n cl\u00ednica y la generaci\u00f3n de un impacto social sostenible.<\/p>\n\n\n\n<p>En un entorno global que exige mayor eficiencia y resiliencia en el sector biofarmac\u00e9utico, la apuesta de Sanofi posiciona a M\u00e9xico como el epicentro de su estrategia de crecimiento para los pr\u00f3ximos a\u00f1os.<\/p>\n\n\n\n<p>Bajo este nuevo liderazgo, la compa\u00f1\u00eda busca no solo consolidar su rendimiento de negocio, sino transformar la vida de millones de pacientes mediante la integraci\u00f3n de ciencia de vanguardia y ejecuci\u00f3n disciplinada.<\/p>\n\n\n\n<p><\/p>\n","protected":false},"excerpt":{"rendered":"<p>En el marco de su 97 aniversario en M\u00e9xico, Sanofi refuerza su compromiso con la regi\u00f3n mediante dos anuncios de alto impacto: el nombramiento de Ignacio S\u00e1ez-Torres como nuevo director general de Farma para Am\u00e9rica Latina y una inversi\u00f3n hist\u00f3rica de 14,000 millones de pesos hacia 2030. Con una formaci\u00f3n en Ciencias F\u00edsicas y m\u00e1s de dos d\u00e9cadas de experiencia &hellip;<\/p>\n","protected":false},"author":10,"featured_media":7815,"comment_status":"closed","ping_status":"closed","sticky":false,"template":"","format":"standard","meta":{"footnotes":""},"categories":[60,2135],"tags":[115,305],"class_list":["post-7814","post","type-post","status-publish","format-standard","has-post-thumbnail","hentry","category-empresas","category-nombramiento","tag-nombramiento","tag-sanofi"],"aioseo_notices":[],"_links":{"self":[{"href":"https:\/\/www.podermexico.mx\/index.php?rest_route=\/wp\/v2\/posts\/7814","targetHints":{"allow":["GET"]}}],"collection":[{"href":"https:\/\/www.podermexico.mx\/index.php?rest_route=\/wp\/v2\/posts"}],"about":[{"href":"https:\/\/www.podermexico.mx\/index.php?rest_route=\/wp\/v2\/types\/post"}],"author":[{"embeddable":true,"href":"https:\/\/www.podermexico.mx\/index.php?rest_route=\/wp\/v2\/users\/10"}],"replies":[{"embeddable":true,"href":"https:\/\/www.podermexico.mx\/index.php?rest_route=%2Fwp%2Fv2%2Fcomments&post=7814"}],"version-history":[{"count":1,"href":"https:\/\/www.podermexico.mx\/index.php?rest_route=\/wp\/v2\/posts\/7814\/revisions"}],"predecessor-version":[{"id":7816,"href":"https:\/\/www.podermexico.mx\/index.php?rest_route=\/wp\/v2\/posts\/7814\/revisions\/7816"}],"wp:featuredmedia":[{"embeddable":true,"href":"https:\/\/www.podermexico.mx\/index.php?rest_route=\/wp\/v2\/media\/7815"}],"wp:attachment":[{"href":"https:\/\/www.podermexico.mx\/index.php?rest_route=%2Fwp%2Fv2%2Fmedia&parent=7814"}],"wp:term":[{"taxonomy":"category","embeddable":true,"href":"https:\/\/www.podermexico.mx\/index.php?rest_route=%2Fwp%2Fv2%2Fcategories&post=7814"},{"taxonomy":"post_tag","embeddable":true,"href":"https:\/\/www.podermexico.mx\/index.php?rest_route=%2Fwp%2Fv2%2Ftags&post=7814"}],"curies":[{"name":"wp","href":"https:\/\/api.w.org\/{rel}","templated":true}]}}