
{"id":7805,"date":"2026-03-09T13:30:00","date_gmt":"2026-03-09T19:30:00","guid":{"rendered":"https:\/\/www.podermexico.mx\/?p=7805"},"modified":"2026-03-09T13:04:11","modified_gmt":"2026-03-09T19:04:11","slug":"bayer-enfrenta-resolucion-critica-de-la-corte-suprema-por-demandas-de-glifosato-en-ee-uu","status":"publish","type":"post","link":"https:\/\/www.podermexico.mx\/?p=7805","title":{"rendered":"Bayer enfrenta resoluci\u00f3n cr\u00edtica de la Corte Suprema por demandas de glifosato en EE. UU."},"content":{"rendered":"\n<p>La multinacional alemana <strong>Bayer<\/strong> se encuentra en un punto de inflexi\u00f3n estrat\u00e9gico mientras aguarda una resoluci\u00f3n definitiva de la <strong>Corte Suprema de Estados Unidos<\/strong>, prevista para <strong>junio de 2026<\/strong>. <\/p>\n\n\n\n<p>El n\u00facleo del conflicto legal radica en determinar si las clasificaciones de la Agencia de Protecci\u00f3n Ambiental (<strong>EPA<\/strong>), que considera al glifosato como no cancer\u00edgeno, tienen car\u00e1cter vinculante sobre las leyes estatales que exigen advertencias de riesgo en el etiquetado. <\/p>\n\n\n\n<p>Desde la adquisici\u00f3n de <strong>Monsanto<\/strong> en 2018, la compa\u00f1\u00eda ha gestionado un volumen masivo de litigios, sumando un total de <strong>170,000 demandas<\/strong>, de las cuales aproximadamente <strong>65,000 permanecen activas<\/strong> en los tribunales norteamericanos.<\/p>\n\n\n\n<p>El impacto financiero de este asedio legal es profundo. Bayer ha advertido sobre p\u00e9rdidas proyectadas de <strong>3,600 millones de euros<\/strong> para el cierre del ejercicio fiscal 2025, atribuidas principalmente a las provisiones para acuerdos y costos de defensa. <\/p>\n\n\n\n<p>Aunque en febrero de 2026 se anunci\u00f3 un acuerdo colectivo propuesto por <strong>7,250 millones de d\u00f3lares<\/strong> para resolver las causas pendientes, el proceso enfrenta retrasos debido a que diversos bufetes de abogados solicitan extensiones para evaluar las cl\u00e1usulas de compensaci\u00f3n. La compa\u00f1\u00eda mantiene una postura de optimismo cauteloso, argumentando que el respaldo regulatorio en m\u00e1s de <strong>50 pa\u00edses<\/strong> valida la seguridad del herbicida, a pesar de la clasificaci\u00f3n de la <strong>OMS<\/strong> que define al ingrediente como &#8220;probablemente cancer\u00edgeno&#8221;.<\/p>\n\n\n\n<p>Durante el primer semestre de <strong>2026<\/strong>, la atenci\u00f3n de los mercados financieros se centrar\u00e1 en la capacidad de Bayer para cerrar este cap\u00edtulo litigioso. La incertidumbre sobre si la Corte Suprema validar\u00e1 la preeminencia de la normativa federal de la EPA sobre las facultades de advertencia de los estados ser\u00e1 el factor determinante para la valoraci\u00f3n de las acciones del grupo. <\/p>\n\n\n\n<p>De no obtener un fallo favorable, la empresa podr\u00eda enfrentar una nueva oleada de reclamaciones, lo que obligar\u00eda a una reestructuraci\u00f3n de su estrategia de capital y de su divisi\u00f3n de <strong>Crop Science<\/strong> para mitigar el riesgo reputacional y operativo derivado de la herencia de Monsanto.<\/p>\n","protected":false},"excerpt":{"rendered":"<p>La multinacional alemana Bayer se encuentra en un punto de inflexi\u00f3n estrat\u00e9gico mientras aguarda una resoluci\u00f3n definitiva de la Corte Suprema de Estados Unidos, prevista para junio de 2026. El n\u00facleo del conflicto legal radica en determinar si las clasificaciones de la Agencia de Protecci\u00f3n Ambiental (EPA), que considera al glifosato como no cancer\u00edgeno, tienen car\u00e1cter vinculante sobre las leyes &hellip;<\/p>\n","protected":false},"author":7,"featured_media":7806,"comment_status":"closed","ping_status":"closed","sticky":false,"template":"","format":"standard","meta":{"footnotes":""},"categories":[60,68,64],"tags":[1100],"class_list":["post-7805","post","type-post","status-publish","format-standard","has-post-thumbnail","hentry","category-empresas","category-salud","category-tecnologia","tag-bayer"],"aioseo_notices":[],"_links":{"self":[{"href":"https:\/\/www.podermexico.mx\/index.php?rest_route=\/wp\/v2\/posts\/7805","targetHints":{"allow":["GET"]}}],"collection":[{"href":"https:\/\/www.podermexico.mx\/index.php?rest_route=\/wp\/v2\/posts"}],"about":[{"href":"https:\/\/www.podermexico.mx\/index.php?rest_route=\/wp\/v2\/types\/post"}],"author":[{"embeddable":true,"href":"https:\/\/www.podermexico.mx\/index.php?rest_route=\/wp\/v2\/users\/7"}],"replies":[{"embeddable":true,"href":"https:\/\/www.podermexico.mx\/index.php?rest_route=%2Fwp%2Fv2%2Fcomments&post=7805"}],"version-history":[{"count":1,"href":"https:\/\/www.podermexico.mx\/index.php?rest_route=\/wp\/v2\/posts\/7805\/revisions"}],"predecessor-version":[{"id":7807,"href":"https:\/\/www.podermexico.mx\/index.php?rest_route=\/wp\/v2\/posts\/7805\/revisions\/7807"}],"wp:featuredmedia":[{"embeddable":true,"href":"https:\/\/www.podermexico.mx\/index.php?rest_route=\/wp\/v2\/media\/7806"}],"wp:attachment":[{"href":"https:\/\/www.podermexico.mx\/index.php?rest_route=%2Fwp%2Fv2%2Fmedia&parent=7805"}],"wp:term":[{"taxonomy":"category","embeddable":true,"href":"https:\/\/www.podermexico.mx\/index.php?rest_route=%2Fwp%2Fv2%2Fcategories&post=7805"},{"taxonomy":"post_tag","embeddable":true,"href":"https:\/\/www.podermexico.mx\/index.php?rest_route=%2Fwp%2Fv2%2Ftags&post=7805"}],"curies":[{"name":"wp","href":"https:\/\/api.w.org\/{rel}","templated":true}]}}