
{"id":7801,"date":"2026-03-09T12:00:00","date_gmt":"2026-03-09T18:00:00","guid":{"rendered":"https:\/\/www.podermexico.mx\/?p=7801"},"modified":"2026-03-09T11:11:15","modified_gmt":"2026-03-09T17:11:15","slug":"ford-anticipa-el-fin-del-auge-de-los-suv-y-planea-el-regreso-de-sus-modelos-clasicos","status":"publish","type":"post","link":"https:\/\/www.podermexico.mx\/?p=7801","title":{"rendered":"Ford anticipa el fin del auge de los SUV y planea el regreso de sus modelos cl\u00e1sicos"},"content":{"rendered":"\n<p>En un giro inesperado que redefine el futuro de la industria, <strong>Ford Motor Company<\/strong> ha reconocido formalmente que la era de dominio absoluto de los <strong>SUV<\/strong> (Veh\u00edculos Utilitarios Deportivos) ha comenzado a enfriarse. <\/p>\n\n\n\n<p>Este anuncio, realizado en este <strong>marzo de 2026<\/strong>, marca una ruptura con la estrategia que la firma de Detroit implement\u00f3 hace casi una d\u00e9cada, cuando decidi\u00f3 eliminar la mayor\u00eda de sus sedanes y hatchbacks de los mercados occidentales. <\/p>\n\n\n\n<p>La compa\u00f1\u00eda admite ahora que la saturaci\u00f3n del segmento SUV y las cambiantes demandas de eficiencia y dise\u00f1o est\u00e1n abriendo la puerta para el <strong>regreso de modelos cl\u00e1sicos<\/strong> bajo nuevas plataformas tecnol\u00f3gicas.<\/p>\n\n\n\n<p>La nueva hoja de ruta de Ford sugiere que la eficiencia aerodin\u00e1mica, cr\u00edtica para maximizar la autonom\u00eda en los <strong>veh\u00edculos el\u00e9ctricos (EV)<\/strong>, favorece nuevamente a los veh\u00edculos de perfil bajo como los sedanes y los compactos. Los directivos de la marca se\u00f1alan que, si bien los SUV siguen siendo rentables, el mercado muestra signos de fatiga ante dise\u00f1os uniformes y costos de operaci\u00f3n m\u00e1s elevados. <\/p>\n\n\n\n<p>El plan maestro contempla la utilizaci\u00f3n de nombres ic\u00f3nicos del pasado de Ford para bautizar a una nueva generaci\u00f3n de autos que combinen la est\u00e9tica retro-moderna con arquitecturas de propulsi\u00f3n h\u00edbrida y el\u00e9ctrica, buscando capturar tanto a las nuevas generaciones como a los conductores nost\u00e1lgicos.<\/p>\n\n\n\n<p>Durante el resto de <strong>2026<\/strong>, Ford se enfocar\u00e1 en el desarrollo de plataformas modulares que permitan una producci\u00f3n \u00e1gil de diversos estilos de carrocer\u00eda. Este cambio de paradigma no solo busca mejorar los coeficientes de arrastre para optimizar el rendimiento energ\u00e9tico, sino tambi\u00e9n ofrecer opciones de movilidad m\u00e1s accesibles en t\u00e9rminos de precio frente a los SUV de gran tama\u00f1o. <\/p>\n\n\n\n<p>La transici\u00f3n hacia el retorno de los &#8220;cl\u00e1sicos&#8221; es vista como una medida necesaria para diversificar el portafolio y asegurar la relevancia de la marca en un entorno global donde la sostenibilidad y la diferenciaci\u00f3n est\u00e9tica est\u00e1n ganando terreno sobre la robustez tradicional de las camionetas.<\/p>\n\n\n\n<p><\/p>\n","protected":false},"excerpt":{"rendered":"<p>En un giro inesperado que redefine el futuro de la industria, Ford Motor Company ha reconocido formalmente que la era de dominio absoluto de los SUV (Veh\u00edculos Utilitarios Deportivos) ha comenzado a enfriarse. Este anuncio, realizado en este marzo de 2026, marca una ruptura con la estrategia que la firma de Detroit implement\u00f3 hace casi una d\u00e9cada, cuando decidi\u00f3 eliminar &hellip;<\/p>\n","protected":false},"author":7,"featured_media":7802,"comment_status":"closed","ping_status":"closed","sticky":false,"template":"","format":"standard","meta":{"footnotes":""},"categories":[1],"tags":[],"class_list":["post-7801","post","type-post","status-publish","format-standard","has-post-thumbnail","hentry","category-uncategorized"],"aioseo_notices":[],"_links":{"self":[{"href":"https:\/\/www.podermexico.mx\/index.php?rest_route=\/wp\/v2\/posts\/7801","targetHints":{"allow":["GET"]}}],"collection":[{"href":"https:\/\/www.podermexico.mx\/index.php?rest_route=\/wp\/v2\/posts"}],"about":[{"href":"https:\/\/www.podermexico.mx\/index.php?rest_route=\/wp\/v2\/types\/post"}],"author":[{"embeddable":true,"href":"https:\/\/www.podermexico.mx\/index.php?rest_route=\/wp\/v2\/users\/7"}],"replies":[{"embeddable":true,"href":"https:\/\/www.podermexico.mx\/index.php?rest_route=%2Fwp%2Fv2%2Fcomments&post=7801"}],"version-history":[{"count":1,"href":"https:\/\/www.podermexico.mx\/index.php?rest_route=\/wp\/v2\/posts\/7801\/revisions"}],"predecessor-version":[{"id":7803,"href":"https:\/\/www.podermexico.mx\/index.php?rest_route=\/wp\/v2\/posts\/7801\/revisions\/7803"}],"wp:featuredmedia":[{"embeddable":true,"href":"https:\/\/www.podermexico.mx\/index.php?rest_route=\/wp\/v2\/media\/7802"}],"wp:attachment":[{"href":"https:\/\/www.podermexico.mx\/index.php?rest_route=%2Fwp%2Fv2%2Fmedia&parent=7801"}],"wp:term":[{"taxonomy":"category","embeddable":true,"href":"https:\/\/www.podermexico.mx\/index.php?rest_route=%2Fwp%2Fv2%2Fcategories&post=7801"},{"taxonomy":"post_tag","embeddable":true,"href":"https:\/\/www.podermexico.mx\/index.php?rest_route=%2Fwp%2Fv2%2Ftags&post=7801"}],"curies":[{"name":"wp","href":"https:\/\/api.w.org\/{rel}","templated":true}]}}