
{"id":6357,"date":"2025-11-10T09:00:00","date_gmt":"2025-11-10T15:00:00","guid":{"rendered":"https:\/\/www.podermexico.mx\/?p=6357"},"modified":"2025-11-10T08:49:13","modified_gmt":"2025-11-10T14:49:13","slug":"uber-apuesta-por-mexico-como-mercado-estrategico-y-motor-de-innovacion-tecnologica","status":"publish","type":"post","link":"https:\/\/www.podermexico.mx\/?p=6357","title":{"rendered":"Uber apuesta por M\u00e9xico como mercado estrat\u00e9gico y motor de innovaci\u00f3n tecnol\u00f3gica"},"content":{"rendered":"\n<p class=\"wp-block-paragraph\">El director general de <a href=\"https:\/\/www.podermexico.mx\/?s=uber\" title=\"Uber\">Uber<\/a> en M\u00e9xico, Juan Pablo Eiroa, detalla la relevancia del pa\u00eds como uno de<strong> los cinco mercados m\u00e1s importantes para la empresa a nivel globa<\/strong>l, el impacto de la plataforma en la movilidad urbana, su papel como motor econ\u00f3mico para m\u00e1s <strong>de 250 mil socios conductores<\/strong> y las iniciativas para avanzar en <strong>accesibilidad, sustentabilidad y transformaci\u00f3n tecnol\u00f3gica.<\/strong><\/p>\n\n\n\n<hr class=\"wp-block-separator has-alpha-channel-opacity\"\/>\n\n\n\n<p class=\"wp-block-paragraph\">El sector de la movilidad urbana en M\u00e9xico atraviesa un proceso de redefinici\u00f3n en el que la tecnolog\u00eda, la eficiencia operativa y las nuevas demandas sociales marcan la agenda. En este contexto, <a href=\"https:\/\/www.linkedin.com\/in\/jpeiroa\/\" title=\"Juan Pablo Eiroa,\">Juan Pablo Eiroa,<\/a> director general de Uber, explica c\u00f3mo la compa\u00f1\u00eda ha consolidado su presencia en m\u00e1s de 70 ciudades del pa\u00eds y definido estrategias para <strong>mantener a M\u00e9xico en el top cinco de mercados globales de la plataforma<\/strong>. <\/p>\n\n\n\n<p class=\"wp-block-paragraph\">\u201cM\u00e9xico tiene muchas oportunidades de seguir mejorando la movilidad de las personas. En un pa\u00eds con ciudades tan grandes, la <strong>movilidad pasa a ser un componente cr\u00edtico del d\u00eda a d\u00eda<\/strong>. Uber como compa\u00f1\u00eda tiene los ojos bien puestos en M\u00e9xico para seguir creciendo\u201d, afirma.<\/p>\n\n\n\n<p class=\"wp-block-paragraph\">La relevancia de la aplicaci\u00f3n se refleja en su uso cotidiano. \u201c<strong>M\u00e1s de 8 millones de mexicanos nos eligen mensualmente<\/strong>. Esa es una de las m\u00e9tricas m\u00e1s claras: el consumidor es muy inteligente y solo utiliza productos que le dan un beneficio\u201d, se\u00f1ala. <\/p>\n\n\n\n<p class=\"wp-block-paragraph\">El directivo explica que la empresa ha desarrollado <strong>algoritmos de inteligencia artificial que permiten optimizar las rutas y reducir los traslados innecesarios de los conductores<\/strong>. \u201cAl asegurarnos de que las personas utilizan el tramo m\u00e1s eficiente, ayudamos a mejorar el tr\u00e1fico. Adem\u00e1s, el hecho de que los conductores no tengan que circular con el coche vac\u00edo para buscar un pasajero genera eficiencia para la ciudad\u201d. <\/p>\n\n\n\n<p class=\"wp-block-paragraph\">Los tiempos de espera para los usuarios son una m\u00e9trica clave: \u201cEso refleja cu\u00e1n eficientes son las rutas que estamos definiendo y, en consecuencia, <strong>c\u00f3mo contribuimos a que las ciudades se muevan mejor<\/strong>\u201d.<\/p>\n\n\n\n<h4 class=\"wp-block-heading\"><strong>Dimensi\u00f3n econ\u00f3mica<\/strong><\/h4>\n\n\n\n<p class=\"wp-block-paragraph\">El tama\u00f1o del mercado mexicano para la empresa es tal que se encuentra junto a Estados Unidos, Brasil e India en el grupo de los principales mercados globales. Para Eiroa, no se trata solo de un servicio de movilidad: \u201c<strong>Es muy importante entender a Uber tambi\u00e9n como un motor econ\u00f3mico<\/strong>. <strong>M\u00e1s de 250 mil personas eligen utilizar la aplicaci\u00f3n para generar ingresos de forma flexible<\/strong>\u201d.<\/p>\n\n\n\n<p class=\"wp-block-paragraph\">La estrategia de innovaci\u00f3n de Uber se nutre de experiencias internacionales, pero tambi\u00e9n responde a necesidades locales. \u201cUn ejemplo fue Canc\u00fan, donde vimos una innovaci\u00f3n en Estados Unidos que permit\u00eda reservar viajes, y la adaptamos para mejorar la experiencia en el aeropuerto. As\u00ed logramos que los usuarios pudieran reservar sus traslados vinculados con la llegada de su vuelo\u201d, explica.<\/p>\n\n\n\n<p class=\"wp-block-paragraph\">Otra innovaci\u00f3n surgida desde Am\u00e9rica Latina fue la posibilidad de pagar en efectivo. \u201cCuando Uber lleg\u00f3 a M\u00e9xico solo se pod\u00eda pagar con tarjeta. <strong>Fue desde Latinoam\u00e9rica que se impuls\u00f3 que globalmente Uber aceptara efectivo<\/strong>. Hoy esa opci\u00f3n existe en muchos pa\u00edses, pero naci\u00f3 de una necesidad local\u201d, subraya.<\/p>\n\n\n\n<h4 class=\"wp-block-heading\"><strong>Sustentabilidad y transici\u00f3n energ\u00e9tica<\/strong><\/h4>\n\n\n\n<p class=\"wp-block-paragraph\">Uno de los ejes centrales de la estrategia es la <strong>sustentabilidad<\/strong>. El avance de la electromovilidad dentro de la plataforma coincide con las metas nacionales de transici\u00f3n energ\u00e9tica y con una tendencia regional hacia modelos de transporte con menor huella de carbono. <\/p>\n\n\n\n<p class=\"wp-block-paragraph\">Ejemplos de ello son iniciativas como <strong>Uber Planet, que permite a los usuarios compensar la huella de carbono<\/strong> de sus viajes mediante un costo adicional por kil\u00f3metro. Ese fondo se destina a proyectos ambientales en M\u00e9xico y a <strong>facilitar el acceso de los conductores a veh\u00edculos h\u00edbridos y el\u00e9ctricos<\/strong>.<\/p>\n\n\n\n<p class=\"wp-block-paragraph\">\u201cEmpezamos con menos de 200 veh\u00edculos el\u00e9ctricos y hoy tenemos <strong>m\u00e1s de 4 mil en la plataforma, un crecimiento que se dio en los \u00faltimos 18 meses<\/strong>. Trabajamos con flotillas para que el costo inicial de estos autos sea m\u00e1s accesible. Aunque la inversi\u00f3n inicial es mayor, nuestros estudios muestran que, en el uso cotidiano, <strong>un veh\u00edculo el\u00e9ctrico resulta m\u00e1s eficiente para los conductores<\/strong>\u201d, explica.<\/p>\n\n\n\n<p class=\"wp-block-paragraph\">Los modelos de financiamiento buscan que, tras algunos a\u00f1os de uso y pago de cuotas, el veh\u00edculo sea propiedad del conductor. \u201c<strong>Ayudamos a que los socios vean el beneficio econ\u00f3mico y ambiental de migrar a esta tecnolog\u00eda<\/strong>\u201d, a\u00f1ade Eiroa.<\/p>\n\n\n\n<h4 class=\"wp-block-heading\"><strong>La visi\u00f3n de futuro<\/strong><\/h4>\n\n\n\n<p class=\"wp-block-paragraph\">Al proyectar la pr\u00f3xima d\u00e9cada, el director general de Uber plantea un escenario donde <strong>la aplicaci\u00f3n se integre como primera opci\u00f3n de movilidad para los mexicanos<\/strong>. \u201cMe gustar\u00eda que al pensar en c\u00f3mo moverse, todo mexicano piense primero en Uber. Eso implica ofrecer variedad de productos y estar conectados a un ecosistema mayor de transporte\u201d.<\/p>\n\n\n\n<p class=\"wp-block-paragraph\">La visi\u00f3n tambi\u00e9n incluye el papel de la plataforma como generadora de ingresos. \u201c<strong>Queremos que Uber siga siendo una de las principales alternativas econ\u00f3micas para quienes buscan generar ingresos<\/strong>. Ese impacto positivo en el pa\u00eds es parte central de nuestra misi\u00f3n\u201d.<\/p>\n\n\n\n<p class=\"wp-block-paragraph\">Finalmente, Eiroa subraya que Uber se define como una <strong>empresa tecnol\u00f3gica antes que de movilidad<\/strong>. \u201cEs la tecnolog\u00eda la que nos permite pensar en un futuro optimista. Integrar distintos modos de transporte, ser m\u00e1s eficientes y m\u00e1s seguros, todo eso es gracias a la tecnolog\u00eda\u201d.<\/p>\n\n\n\n<p class=\"wp-block-paragraph\">La compa\u00f1\u00eda ya aplica algoritmos de <strong>inteligencia artificial para predecir la demanda y dirigir a los conductores a las zonas con mayor necesidad<\/strong>. \u201cEso significa que el usuario espera menos porque los conductores ya est\u00e1n en el lugar adecuado. La predictibilidad es fundamental\u201d.<\/p>\n\n\n\n<p class=\"wp-block-paragraph\">De cara a los pr\u00f3ximos a\u00f1os, Uber busca consolidar en M\u00e9xico un <strong>modelo de movilidad eficiente, accesible, sustentable y conectado<\/strong>, en el que la tecnolog\u00eda y la innovaci\u00f3n sigan siendo la base de su operaci\u00f3n, concluye el directivo.<\/p>\n\n\n\n<p class=\"wp-block-paragraph\"><\/p>\n","protected":false},"excerpt":{"rendered":"<p>El director general de Uber en M\u00e9xico, Juan Pablo Eiroa, detalla la relevancia del pa\u00eds como uno de los cinco mercados m\u00e1s importantes para la empresa a nivel global, el impacto de la plataforma en la movilidad urbana, su papel como motor econ\u00f3mico para m\u00e1s de 250 mil socios conductores y las iniciativas para avanzar en accesibilidad, sustentabilidad y transformaci\u00f3n &hellip;<\/p>\n","protected":false},"author":2,"featured_media":6358,"comment_status":"closed","ping_status":"closed","sticky":false,"template":"","format":"standard","meta":{"footnotes":""},"categories":[60,1806,1805],"tags":[351,1920],"class_list":["post-6357","post","type-post","status-publish","format-standard","has-post-thumbnail","hentry","category-empresas","category-newsletter","category-perspectiva","tag-uber","tag-uber-mexico"],"aioseo_notices":[],"aioseo_head":"\n\t\t<!-- All in One SEO 5.0.0.1 - aioseo.com -->\n\t<meta name=\"description\" content=\"El CEO de Uber en M\u00e9xico, Juan Pablo Eiroa, detalla la relevancia del pa\u00eds como uno de los cinco mercados m\u00e1s importantes para la empresa a nivel global\" \/>\n\t<meta name=\"robots\" content=\"max-image-preview:large\" \/>\n\t<meta name=\"author\" content=\"Kathya Santoyo\"\/>\n\t<link rel=\"canonical\" href=\"https:\/\/www.podermexico.mx\/?p=6357\" \/>\n\t<meta name=\"generator\" content=\"All in One SEO (AIOSEO) 5.0.0.1\" \/>\n\t\t<meta property=\"og:locale\" content=\"es_MX\" \/>\n\t\t<meta property=\"og:site_name\" content=\"Poder M\u00e9xico - Donde los l\u00edderes definen el futuro, exploramos tendencias y desciframos el mundo de la pol\u00edtica y los negocios\" \/>\n\t\t<meta property=\"og:type\" content=\"article\" \/>\n\t\t<meta property=\"og:title\" content=\"Uber apuesta por M\u00e9xico como mercado estrat\u00e9gico y motor de innovaci\u00f3n tecnol\u00f3gica - Poder M\u00e9xico\" \/>\n\t\t<meta property=\"og:description\" content=\"El CEO de Uber en M\u00e9xico, Juan Pablo Eiroa, detalla la relevancia del pa\u00eds como uno de los cinco mercados m\u00e1s importantes para la empresa a nivel global\" \/>\n\t\t<meta property=\"og:url\" content=\"https:\/\/www.podermexico.mx\/?p=6357\" \/>\n\t\t<meta property=\"article:published_time\" content=\"2025-11-10T15:00:00+00:00\" \/>\n\t\t<meta property=\"article:modified_time\" content=\"2025-11-10T14:49:13+00:00\" \/>\n\t\t<meta name=\"twitter:card\" content=\"summary_large_image\" \/>\n\t\t<meta name=\"twitter:title\" content=\"Uber apuesta por M\u00e9xico como mercado estrat\u00e9gico y motor de innovaci\u00f3n tecnol\u00f3gica - Poder M\u00e9xico\" \/>\n\t\t<meta name=\"twitter:description\" content=\"El CEO de Uber en M\u00e9xico, Juan Pablo Eiroa, detalla la relevancia del pa\u00eds como uno de los cinco mercados m\u00e1s importantes para la empresa a nivel global\" \/>\n\t\t<script type=\"application\/ld+json\" class=\"aioseo-schema\">\n\t\t\t{\"@context\":\"https:\\\/\\\/schema.org\",\"@graph\":[{\"@type\":\"BlogPosting\",\"@id\":\"https:\\\/\\\/www.podermexico.mx\\\/?p=6357#blogposting\",\"name\":\"Uber apuesta por M\\u00e9xico como mercado estrat\\u00e9gico y motor de innovaci\\u00f3n tecnol\\u00f3gica - Poder M\\u00e9xico\",\"headline\":\"Uber apuesta por M\\u00e9xico como mercado estrat\\u00e9gico y motor de innovaci\\u00f3n tecnol\\u00f3gica\",\"author\":{\"@id\":\"https:\\\/\\\/www.podermexico.mx\\\/?author=2#author\"},\"publisher\":{\"@id\":\"https:\\\/\\\/www.podermexico.mx\\\/#organization\"},\"image\":{\"@type\":\"ImageObject\",\"url\":\"https:\\\/\\\/www.podermexico.mx\\\/wp-content\\\/uploads\\\/2025\\\/11\\\/Perspectiva-UBER-1-hr.png\",\"width\":1920,\"height\":1080},\"datePublished\":\"2025-11-10T09:00:00-06:00\",\"dateModified\":\"2025-11-10T08:49:13-06:00\",\"inLanguage\":\"es-MX\",\"mainEntityOfPage\":{\"@id\":\"https:\\\/\\\/www.podermexico.mx\\\/?p=6357#webpage\"},\"isPartOf\":{\"@id\":\"https:\\\/\\\/www.podermexico.mx\\\/?p=6357#webpage\"},\"articleSection\":\"Empresas y Negocios, Newsletter, Perspectiva, Uber, Uber M\\u00e9xico\"},{\"@type\":\"BreadcrumbList\",\"@id\":\"https:\\\/\\\/www.podermexico.mx\\\/?p=6357#breadcrumblist\",\"itemListElement\":[{\"@type\":\"ListItem\",\"@id\":\"https:\\\/\\\/www.podermexico.mx#listItem\",\"position\":1,\"name\":\"Home\",\"item\":\"https:\\\/\\\/www.podermexico.mx\",\"nextItem\":{\"@type\":\"ListItem\",\"@id\":\"https:\\\/\\\/www.podermexico.mx\\\/?cat=55#listItem\",\"name\":\"Opiniones\"}},{\"@type\":\"ListItem\",\"@id\":\"https:\\\/\\\/www.podermexico.mx\\\/?cat=55#listItem\",\"position\":2,\"name\":\"Opiniones\",\"item\":\"https:\\\/\\\/www.podermexico.mx\\\/?cat=55\",\"nextItem\":{\"@type\":\"ListItem\",\"@id\":\"https:\\\/\\\/www.podermexico.mx\\\/?cat=1805#listItem\",\"name\":\"Perspectiva\"},\"previousItem\":{\"@type\":\"ListItem\",\"@id\":\"https:\\\/\\\/www.podermexico.mx#listItem\",\"name\":\"Home\"}},{\"@type\":\"ListItem\",\"@id\":\"https:\\\/\\\/www.podermexico.mx\\\/?cat=1805#listItem\",\"position\":3,\"name\":\"Perspectiva\",\"item\":\"https:\\\/\\\/www.podermexico.mx\\\/?cat=1805\",\"nextItem\":{\"@type\":\"ListItem\",\"@id\":\"https:\\\/\\\/www.podermexico.mx\\\/?p=6357#listItem\",\"name\":\"Uber apuesta por M\\u00e9xico como mercado estrat\\u00e9gico y motor de innovaci\\u00f3n tecnol\\u00f3gica\"},\"previousItem\":{\"@type\":\"ListItem\",\"@id\":\"https:\\\/\\\/www.podermexico.mx\\\/?cat=55#listItem\",\"name\":\"Opiniones\"}},{\"@type\":\"ListItem\",\"@id\":\"https:\\\/\\\/www.podermexico.mx\\\/?p=6357#listItem\",\"position\":4,\"name\":\"Uber apuesta por M\\u00e9xico como mercado estrat\\u00e9gico y motor de innovaci\\u00f3n tecnol\\u00f3gica\",\"previousItem\":{\"@type\":\"ListItem\",\"@id\":\"https:\\\/\\\/www.podermexico.mx\\\/?cat=1805#listItem\",\"name\":\"Perspectiva\"}}]},{\"@type\":\"Organization\",\"@id\":\"https:\\\/\\\/www.podermexico.mx\\\/#organization\",\"name\":\"Poder M\\u00e9xico\",\"description\":\"Donde los l\\u00edderes definen el futuro, exploramos tendencias y desciframos el mundo de la pol\\u00edtica y los negocios\",\"url\":\"https:\\\/\\\/www.podermexico.mx\\\/\"},{\"@type\":\"Person\",\"@id\":\"https:\\\/\\\/www.podermexico.mx\\\/?author=2#author\",\"url\":\"https:\\\/\\\/www.podermexico.mx\\\/?author=2\",\"name\":\"Kathya Santoyo\",\"image\":{\"@type\":\"ImageObject\",\"@id\":\"https:\\\/\\\/www.podermexico.mx\\\/?p=6357#authorImage\",\"url\":\"https:\\\/\\\/secure.gravatar.com\\\/avatar\\\/cf2178a41906c925b3591169925182dc5eebcec5f1155ce7fcdf138752b6fd09?s=96&d=mm&r=g\",\"width\":96,\"height\":96,\"caption\":\"Kathya Santoyo\"}},{\"@type\":\"WebPage\",\"@id\":\"https:\\\/\\\/www.podermexico.mx\\\/?p=6357#webpage\",\"url\":\"https:\\\/\\\/www.podermexico.mx\\\/?p=6357\",\"name\":\"Uber apuesta por M\\u00e9xico como mercado estrat\\u00e9gico y motor de innovaci\\u00f3n tecnol\\u00f3gica - Poder M\\u00e9xico\",\"description\":\"El CEO de Uber en M\\u00e9xico, Juan Pablo Eiroa, detalla la relevancia del pa\\u00eds como uno de los cinco mercados m\\u00e1s importantes para la empresa a nivel global\",\"inLanguage\":\"es-MX\",\"isPartOf\":{\"@id\":\"https:\\\/\\\/www.podermexico.mx\\\/#website\"},\"breadcrumb\":{\"@id\":\"https:\\\/\\\/www.podermexico.mx\\\/?p=6357#breadcrumblist\"},\"author\":{\"@id\":\"https:\\\/\\\/www.podermexico.mx\\\/?author=2#author\"},\"creator\":{\"@id\":\"https:\\\/\\\/www.podermexico.mx\\\/?author=2#author\"},\"image\":{\"@type\":\"ImageObject\",\"url\":\"https:\\\/\\\/www.podermexico.mx\\\/wp-content\\\/uploads\\\/2025\\\/11\\\/Perspectiva-UBER-1-hr.png\",\"@id\":\"https:\\\/\\\/www.podermexico.mx\\\/?p=6357\\\/#mainImage\",\"width\":1920,\"height\":1080},\"primaryImageOfPage\":{\"@id\":\"https:\\\/\\\/www.podermexico.mx\\\/?p=6357#mainImage\"},\"datePublished\":\"2025-11-10T09:00:00-06:00\",\"dateModified\":\"2025-11-10T08:49:13-06:00\"},{\"@type\":\"WebSite\",\"@id\":\"https:\\\/\\\/www.podermexico.mx\\\/#website\",\"url\":\"https:\\\/\\\/www.podermexico.mx\\\/\",\"name\":\"Poder M\\u00e9xico\",\"description\":\"Donde los l\\u00edderes definen el futuro, exploramos tendencias y desciframos el mundo de la pol\\u00edtica y los negocios\",\"inLanguage\":\"es-MX\",\"publisher\":{\"@id\":\"https:\\\/\\\/www.podermexico.mx\\\/#organization\"}}]}\n\t\t<\/script>\n\t\t<!-- All in One SEO -->\n\n","aioseo_head_json":{"title":"Uber apuesta por M\u00e9xico como mercado estrat\u00e9gico y motor de innovaci\u00f3n tecnol\u00f3gica - Poder M\u00e9xico","description":"El CEO de Uber en M\u00e9xico, Juan Pablo Eiroa, detalla la relevancia del pa\u00eds como uno de los cinco mercados m\u00e1s importantes para la empresa a nivel global","canonical_url":"https:\/\/www.podermexico.mx\/?p=6357","robots":"max-image-preview:large","keywords":"","webmasterTools":{"miscellaneous":""},"schema":{"@context":"https:\/\/schema.org","@graph":[{"@type":"BlogPosting","@id":"https:\/\/www.podermexico.mx\/?p=6357#blogposting","name":"Uber apuesta por M\u00e9xico como mercado estrat\u00e9gico y motor de innovaci\u00f3n tecnol\u00f3gica - Poder M\u00e9xico","headline":"Uber apuesta por M\u00e9xico como mercado estrat\u00e9gico y motor de innovaci\u00f3n tecnol\u00f3gica","author":{"@id":"https:\/\/www.podermexico.mx\/?author=2#author"},"publisher":{"@id":"https:\/\/www.podermexico.mx\/#organization"},"image":{"@type":"ImageObject","url":"https:\/\/www.podermexico.mx\/wp-content\/uploads\/2025\/11\/Perspectiva-UBER-1-hr.png","width":1920,"height":1080},"datePublished":"2025-11-10T09:00:00-06:00","dateModified":"2025-11-10T08:49:13-06:00","inLanguage":"es-MX","mainEntityOfPage":{"@id":"https:\/\/www.podermexico.mx\/?p=6357#webpage"},"isPartOf":{"@id":"https:\/\/www.podermexico.mx\/?p=6357#webpage"},"articleSection":"Empresas y Negocios, Newsletter, Perspectiva, Uber, Uber M\u00e9xico"},{"@type":"BreadcrumbList","@id":"https:\/\/www.podermexico.mx\/?p=6357#breadcrumblist","itemListElement":[{"@type":"ListItem","@id":"https:\/\/www.podermexico.mx#listItem","position":1,"name":"Home","item":"https:\/\/www.podermexico.mx","nextItem":{"@type":"ListItem","@id":"https:\/\/www.podermexico.mx\/?cat=55#listItem","name":"Opiniones"}},{"@type":"ListItem","@id":"https:\/\/www.podermexico.mx\/?cat=55#listItem","position":2,"name":"Opiniones","item":"https:\/\/www.podermexico.mx\/?cat=55","nextItem":{"@type":"ListItem","@id":"https:\/\/www.podermexico.mx\/?cat=1805#listItem","name":"Perspectiva"},"previousItem":{"@type":"ListItem","@id":"https:\/\/www.podermexico.mx#listItem","name":"Home"}},{"@type":"ListItem","@id":"https:\/\/www.podermexico.mx\/?cat=1805#listItem","position":3,"name":"Perspectiva","item":"https:\/\/www.podermexico.mx\/?cat=1805","nextItem":{"@type":"ListItem","@id":"https:\/\/www.podermexico.mx\/?p=6357#listItem","name":"Uber apuesta por M\u00e9xico como mercado estrat\u00e9gico y motor de innovaci\u00f3n tecnol\u00f3gica"},"previousItem":{"@type":"ListItem","@id":"https:\/\/www.podermexico.mx\/?cat=55#listItem","name":"Opiniones"}},{"@type":"ListItem","@id":"https:\/\/www.podermexico.mx\/?p=6357#listItem","position":4,"name":"Uber apuesta por M\u00e9xico como mercado estrat\u00e9gico y motor de innovaci\u00f3n tecnol\u00f3gica","previousItem":{"@type":"ListItem","@id":"https:\/\/www.podermexico.mx\/?cat=1805#listItem","name":"Perspectiva"}}]},{"@type":"Organization","@id":"https:\/\/www.podermexico.mx\/#organization","name":"Poder M\u00e9xico","description":"Donde los l\u00edderes definen el futuro, exploramos tendencias y desciframos el mundo de la pol\u00edtica y los negocios","url":"https:\/\/www.podermexico.mx\/"},{"@type":"Person","@id":"https:\/\/www.podermexico.mx\/?author=2#author","url":"https:\/\/www.podermexico.mx\/?author=2","name":"Kathya Santoyo","image":{"@type":"ImageObject","@id":"https:\/\/www.podermexico.mx\/?p=6357#authorImage","url":"https:\/\/secure.gravatar.com\/avatar\/cf2178a41906c925b3591169925182dc5eebcec5f1155ce7fcdf138752b6fd09?s=96&d=mm&r=g","width":96,"height":96,"caption":"Kathya Santoyo"}},{"@type":"WebPage","@id":"https:\/\/www.podermexico.mx\/?p=6357#webpage","url":"https:\/\/www.podermexico.mx\/?p=6357","name":"Uber apuesta por M\u00e9xico como mercado estrat\u00e9gico y motor de innovaci\u00f3n tecnol\u00f3gica - Poder M\u00e9xico","description":"El CEO de Uber en M\u00e9xico, Juan Pablo Eiroa, detalla la relevancia del pa\u00eds como uno de los cinco mercados m\u00e1s importantes para la empresa a nivel global","inLanguage":"es-MX","isPartOf":{"@id":"https:\/\/www.podermexico.mx\/#website"},"breadcrumb":{"@id":"https:\/\/www.podermexico.mx\/?p=6357#breadcrumblist"},"author":{"@id":"https:\/\/www.podermexico.mx\/?author=2#author"},"creator":{"@id":"https:\/\/www.podermexico.mx\/?author=2#author"},"image":{"@type":"ImageObject","url":"https:\/\/www.podermexico.mx\/wp-content\/uploads\/2025\/11\/Perspectiva-UBER-1-hr.png","@id":"https:\/\/www.podermexico.mx\/?p=6357\/#mainImage","width":1920,"height":1080},"primaryImageOfPage":{"@id":"https:\/\/www.podermexico.mx\/?p=6357#mainImage"},"datePublished":"2025-11-10T09:00:00-06:00","dateModified":"2025-11-10T08:49:13-06:00"},{"@type":"WebSite","@id":"https:\/\/www.podermexico.mx\/#website","url":"https:\/\/www.podermexico.mx\/","name":"Poder M\u00e9xico","description":"Donde los l\u00edderes definen el futuro, exploramos tendencias y desciframos el mundo de la pol\u00edtica y los negocios","inLanguage":"es-MX","publisher":{"@id":"https:\/\/www.podermexico.mx\/#organization"}}]},"og:locale":"es_MX","og:site_name":"Poder M\u00e9xico - Donde los l\u00edderes definen el futuro, exploramos tendencias y desciframos el mundo de la pol\u00edtica y los negocios","og:type":"article","og:title":"Uber apuesta por M\u00e9xico como mercado estrat\u00e9gico y motor de innovaci\u00f3n tecnol\u00f3gica - Poder M\u00e9xico","og:description":"El CEO de Uber en M\u00e9xico, Juan Pablo Eiroa, detalla la relevancia del pa\u00eds como uno de los cinco mercados m\u00e1s importantes para la empresa a nivel global","og:url":"https:\/\/www.podermexico.mx\/?p=6357","article:published_time":"2025-11-10T15:00:00+00:00","article:modified_time":"2025-11-10T14:49:13+00:00","twitter:card":"summary_large_image","twitter:title":"Uber apuesta por M\u00e9xico como mercado estrat\u00e9gico y motor de innovaci\u00f3n tecnol\u00f3gica - Poder M\u00e9xico","twitter:description":"El CEO de Uber en M\u00e9xico, Juan Pablo Eiroa, detalla la relevancia del pa\u00eds como uno de los cinco mercados m\u00e1s importantes para la empresa a nivel global"},"aioseo_meta_data":{"post_id":"6357","title":null,"description":"El CEO de Uber en M\u00e9xico, Juan Pablo Eiroa, detalla la relevancia del pa\u00eds como uno de los cinco mercados m\u00e1s importantes para la empresa a nivel global","keywords":null,"keyphrases":{"focus":{"keyphrase":"Uber","score":100,"analysis":{"keyphraseInTitle":{"score":9,"maxScore":9,"error":0},"keyphraseInDescription":{"score":9,"maxScore":9,"error":0},"keyphraseLength":{"score":9,"maxScore":9,"error":0,"length":1},"keyphraseInIntroduction":{"score":9,"maxScore":9,"error":0},"keyphraseInSubHeadings":[],"keyphraseInImageAlt":[],"keywordDensity":{"type":"best","score":9,"maxScore":9,"error":0}}},"additional":[]},"primary_term":null,"canonical_url":null,"og_title":null,"og_description":null,"og_object_type":"default","og_image_type":"default","og_image_url":null,"og_image_width":null,"og_image_height":null,"og_image_custom_url":null,"og_image_custom_fields":null,"og_video":"","og_custom_url":null,"og_article_section":null,"og_article_tags":null,"twitter_use_og":false,"twitter_card":"default","twitter_image_type":"default","twitter_image_url":null,"twitter_image_custom_url":null,"twitter_image_custom_fields":null,"twitter_title":null,"twitter_description":null,"schema":{"blockGraphs":[],"customGraphs":[],"default":{"data":{"Article":[],"Course":[],"Dataset":[],"FAQPage":[],"Movie":[],"Person":[],"Product":[],"ProductReview":[],"Car":[],"Recipe":[],"Service":[],"SoftwareApplication":[],"WebPage":[]},"graphName":"BlogPosting","isEnabled":true},"graphs":[]},"schema_type":"default","schema_type_options":null,"pillar_content":false,"robots_default":true,"robots_noindex":false,"robots_noarchive":false,"robots_nosnippet":false,"robots_nofollow":false,"robots_noimageindex":false,"robots_noodp":false,"robots_notranslate":false,"robots_max_snippet":"-1","robots_max_videopreview":"-1","robots_max_imagepreview":"large","priority":null,"frequency":"default","local_seo":null,"breadcrumb_settings":null,"limit_modified_date":false,"ai":{"faqs":[],"keyPoints":[],"titles":[],"descriptions":[],"socialPosts":{"email":[],"linkedin":[],"twitter":[],"facebook":[],"instagram":[]}},"created":"2025-11-10 14:49:13","updated":"2025-11-10 15:32:22","seo_analyzer_scan_date":null,"focus_keyword":"Uber","additional_keywords":null,"truseo_locale":null},"aioseo_breadcrumb":"<div class=\"aioseo-breadcrumbs\"><span class=\"aioseo-breadcrumb\">\n\t\t\t<a href=\"https:\/\/www.podermexico.mx\" title=\"Home\">Home<\/a>\n\t\t<\/span><span class=\"aioseo-breadcrumb-separator\">&raquo;<\/span><span class=\"aioseo-breadcrumb\">\n\t\t\t<a href=\"https:\/\/www.podermexico.mx\/?cat=55\" title=\"Opiniones\">Opiniones<\/a>\n\t\t<\/span><span class=\"aioseo-breadcrumb-separator\">&raquo;<\/span><span class=\"aioseo-breadcrumb\">\n\t\t\t<a href=\"https:\/\/www.podermexico.mx\/?cat=1805\" title=\"Perspectiva\">Perspectiva<\/a>\n\t\t<\/span><span class=\"aioseo-breadcrumb-separator\">&raquo;<\/span><span class=\"aioseo-breadcrumb\">\n\t\t\tUber apuesta por M\u00e9xico como mercado estrat\u00e9gico y motor de innovaci\u00f3n tecnol\u00f3gica\n\t\t<\/span><\/div>","aioseo_breadcrumb_json":[{"label":"Home","link":"https:\/\/www.podermexico.mx"},{"label":"Opiniones","link":"https:\/\/www.podermexico.mx\/?cat=55"},{"label":"Perspectiva","link":"https:\/\/www.podermexico.mx\/?cat=1805"},{"label":"Uber apuesta por M\u00e9xico como mercado estrat\u00e9gico y motor de innovaci\u00f3n tecnol\u00f3gica","link":"https:\/\/www.podermexico.mx\/?p=6357"}],"_links":{"self":[{"href":"https:\/\/www.podermexico.mx\/index.php?rest_route=\/wp\/v2\/posts\/6357","targetHints":{"allow":["GET"]}}],"collection":[{"href":"https:\/\/www.podermexico.mx\/index.php?rest_route=\/wp\/v2\/posts"}],"about":[{"href":"https:\/\/www.podermexico.mx\/index.php?rest_route=\/wp\/v2\/types\/post"}],"author":[{"embeddable":true,"href":"https:\/\/www.podermexico.mx\/index.php?rest_route=\/wp\/v2\/users\/2"}],"replies":[{"embeddable":true,"href":"https:\/\/www.podermexico.mx\/index.php?rest_route=%2Fwp%2Fv2%2Fcomments&post=6357"}],"version-history":[{"count":1,"href":"https:\/\/www.podermexico.mx\/index.php?rest_route=\/wp\/v2\/posts\/6357\/revisions"}],"predecessor-version":[{"id":6359,"href":"https:\/\/www.podermexico.mx\/index.php?rest_route=\/wp\/v2\/posts\/6357\/revisions\/6359"}],"wp:featuredmedia":[{"embeddable":true,"href":"https:\/\/www.podermexico.mx\/index.php?rest_route=\/wp\/v2\/media\/6358"}],"wp:attachment":[{"href":"https:\/\/www.podermexico.mx\/index.php?rest_route=%2Fwp%2Fv2%2Fmedia&parent=6357"}],"wp:term":[{"taxonomy":"category","embeddable":true,"href":"https:\/\/www.podermexico.mx\/index.php?rest_route=%2Fwp%2Fv2%2Fcategories&post=6357"},{"taxonomy":"post_tag","embeddable":true,"href":"https:\/\/www.podermexico.mx\/index.php?rest_route=%2Fwp%2Fv2%2Ftags&post=6357"}],"curies":[{"name":"wp","href":"https:\/\/api.w.org\/{rel}","templated":true}]}}