
{"id":6231,"date":"2025-10-29T18:00:00","date_gmt":"2025-10-30T00:00:00","guid":{"rendered":"https:\/\/www.podermexico.mx\/?p=6231"},"modified":"2025-10-29T18:20:47","modified_gmt":"2025-10-30T00:20:47","slug":"virginia-olalde-asume-direccion-ejecutiva-de-canapat-para-impulsar-la-movilidad-sustentable-y-la-transicion-energetica","status":"publish","type":"post","link":"https:\/\/www.podermexico.mx\/?p=6231","title":{"rendered":"Virginia Olalde asume direcci\u00f3n ejecutiva de CANAPAT para impulsar la movilidad sustentable y la transici\u00f3n energ\u00e9tica"},"content":{"rendered":"\n<p>La C\u00e1mara Nacional del Autotransporte de Pasaje y Turismo (<strong>CANAPAT<\/strong>) ha anunciado la incorporaci\u00f3n de <strong><a href=\"https:\/\/www.linkedin.com\/in\/virginiaolalde\/\" title=\"Virginia Olalde L\u00f3pez-Gavito\">Virginia Olalde L\u00f3pez-Gavito<\/a><\/strong> como su nueva Directora Ejecutiva, a partir del 23 de octubre de 2025. Su nombramiento busca fortalecer la estrategia institucional de la C\u00e1mara hacia una <strong>movilidad sustentable<\/strong>, la innovaci\u00f3n tecnol\u00f3gica y la transici\u00f3n energ\u00e9tica del autotransporte de pasajeros en el pa\u00eds.<\/p>\n\n\n\n<hr class=\"wp-block-separator has-alpha-channel-opacity\"\/>\n\n\n\n<p><strong>Visi\u00f3n de liderazgo y compromiso estrat\u00e9gico<\/strong><\/p>\n\n\n\n<p>Virginia Olalde, reconocida por su trayectoria en los sectores p\u00fablico y privado en temas de comercio <a href=\"https:\/\/www.podermexico.mx\/?s=turismo\" title=\"internacional\">internacional<\/a> y competitividad, enfatiz\u00f3 que su prop\u00f3sito es claro: &#8220;transportar personas, conectar historias y acercar oportunidades&#8221;, asegurando que cada persona llegue con seguridad, confianza, eficiencia y de manera sostenible a su destino.<\/p>\n\n\n\n<p>El presidente de la CANAPAT, C.P. Luis Antonio Zald\u00edvar S\u00e1nchez, destac\u00f3 que el liderazgo de Olalde ser\u00e1 crucial para los proyectos estrat\u00e9gicos del organismo. Entre las metas a corto y mediano plazo se encuentra la modernizaci\u00f3n de unidades, la apuesta por la innovaci\u00f3n, y la exitosa organizaci\u00f3n de eventos clave como <strong>Expo Foro Movilidad 2026<\/strong> y los preparativos para la <strong>Copa Mundial de F\u00fatbol 2026<\/strong>.<\/p>\n\n\n\n<p><strong>Experiencia clave en el sector<\/strong><\/p>\n\n\n\n<p>La nueva Directora Ejecutiva es Licenciada en Negocios Internacionales y cuenta con una Maestr\u00eda en Relaciones Internacionales, adem\u00e1s de un Doctorado en Derecho Aduanero y Comercio Exterior. Antes de integrarse a la CANAPAT, se desempe\u00f1\u00f3 como Directora de Comercio Exterior y Estudios Econ\u00f3micos en la <strong>ANPACT<\/strong>. Olalde tambi\u00e9n form\u00f3 parte del equipo negociador del <strong>T-MEC<\/strong> en la Secretar\u00eda de Econom\u00eda y es la impulsora de la <strong>Red MujerEs Autotransporte<\/strong>, una iniciativa que fomenta la equidad en la industria.<\/p>\n\n\n\n<p>La CANAPAT reafirma su papel como voz del sector, el cual aporta el <strong>2% del PIB nacional<\/strong> y es un eslab\u00f3n fundamental para la cadena tur\u00edstica en M\u00e9xico.<\/p>\n","protected":false},"excerpt":{"rendered":"<p>La C\u00e1mara Nacional del Autotransporte de Pasaje y Turismo (CANAPAT) ha anunciado la incorporaci\u00f3n de Virginia Olalde L\u00f3pez-Gavito como su nueva Directora Ejecutiva, a partir del 23 de octubre de 2025. Su nombramiento busca fortalecer la estrategia institucional de la C\u00e1mara hacia una movilidad sustentable, la innovaci\u00f3n tecnol\u00f3gica y la transici\u00f3n energ\u00e9tica del autotransporte de pasajeros en el pa\u00eds. Visi\u00f3n &hellip;<\/p>\n","protected":false},"author":10,"featured_media":6232,"comment_status":"closed","ping_status":"closed","sticky":false,"template":"","format":"standard","meta":{"footnotes":""},"categories":[60],"tags":[1893,115],"class_list":["post-6231","post","type-post","status-publish","format-standard","has-post-thumbnail","hentry","category-empresas","tag-canapat","tag-nombramiento"],"aioseo_notices":[],"_links":{"self":[{"href":"https:\/\/www.podermexico.mx\/index.php?rest_route=\/wp\/v2\/posts\/6231","targetHints":{"allow":["GET"]}}],"collection":[{"href":"https:\/\/www.podermexico.mx\/index.php?rest_route=\/wp\/v2\/posts"}],"about":[{"href":"https:\/\/www.podermexico.mx\/index.php?rest_route=\/wp\/v2\/types\/post"}],"author":[{"embeddable":true,"href":"https:\/\/www.podermexico.mx\/index.php?rest_route=\/wp\/v2\/users\/10"}],"replies":[{"embeddable":true,"href":"https:\/\/www.podermexico.mx\/index.php?rest_route=%2Fwp%2Fv2%2Fcomments&post=6231"}],"version-history":[{"count":1,"href":"https:\/\/www.podermexico.mx\/index.php?rest_route=\/wp\/v2\/posts\/6231\/revisions"}],"predecessor-version":[{"id":6233,"href":"https:\/\/www.podermexico.mx\/index.php?rest_route=\/wp\/v2\/posts\/6231\/revisions\/6233"}],"wp:featuredmedia":[{"embeddable":true,"href":"https:\/\/www.podermexico.mx\/index.php?rest_route=\/wp\/v2\/media\/6232"}],"wp:attachment":[{"href":"https:\/\/www.podermexico.mx\/index.php?rest_route=%2Fwp%2Fv2%2Fmedia&parent=6231"}],"wp:term":[{"taxonomy":"category","embeddable":true,"href":"https:\/\/www.podermexico.mx\/index.php?rest_route=%2Fwp%2Fv2%2Fcategories&post=6231"},{"taxonomy":"post_tag","embeddable":true,"href":"https:\/\/www.podermexico.mx\/index.php?rest_route=%2Fwp%2Fv2%2Ftags&post=6231"}],"curies":[{"name":"wp","href":"https:\/\/api.w.org\/{rel}","templated":true}]}}