
{"id":6222,"date":"2025-10-29T13:30:00","date_gmt":"2025-10-29T19:30:00","guid":{"rendered":"https:\/\/www.podermexico.mx\/?p=6222"},"modified":"2025-10-29T18:05:10","modified_gmt":"2025-10-30T00:05:10","slug":"oda-a-la-muerte-2025-por-grupo-andersons","status":"publish","type":"post","link":"https:\/\/www.podermexico.mx\/?p=6222","title":{"rendered":"Oda a la muerte 2025 por Grupo Anderson&#8217;s"},"content":{"rendered":"\n<p>Grupo Anderson\u2019s presenta: Oda a la Muerte 2025, el festival que transforma la tradici\u00f3n en una experiencia gourmet.<\/p>\n\n\n\n<hr class=\"wp-block-separator has-alpha-channel-opacity\"\/>\n\n\n\n<h4 class=\"wp-block-heading\"><strong>Un tributo a la vida a trav\u00e9s de los sabores<\/strong><\/h4>\n\n\n\n<p>El D\u00eda de Muertos es una de las tradiciones m\u00e1s entra\u00f1ables de M\u00e9xico, una celebraci\u00f3n que honra la memoria de quienes partieron y nos recuerda la belleza de la vida. Este 2025, Grupo Anderson\u2019s rinde homenaje a esta festividad con su ya emblem\u00e1tico festival Oda a la Muerte, disponible<strong> del 15 de octubre al 3 de noviembre en todas las locaciones de Porfirio\u2019s, La Vicenta y Bodega Argentina.<\/strong><\/p>\n\n\n\n<p>M\u00e1s que un evento gastron\u00f3mico,<strong> Oda a la Muerte es una experiencia sensorial<\/strong> que une lo ancestral con lo contempor\u00e1neo. A trav\u00e9s de platillos y c\u00f3cteles inspirados en la <strong>tradici\u00f3n mexicana, <\/strong>Grupo Anderson\u2019s nos invita a celebrar el recuerdo con sabor, color y emoci\u00f3n.<\/p>\n\n\n\n<h4 class=\"wp-block-heading\"><strong>Dos c\u00f3cteles que cuentan una historia<\/strong><\/h4>\n\n\n\n<p>En esta edici\u00f3n, los protagonistas son dos creaciones de autor elaboradas con tequila Don Julio, que evocan la dualidad de la vida y la muerte.<\/p>\n\n\n\n<p>Alma, con base de Don Julio 70, combina el frescor del lychee, el perfume del St. Germain y el toque \u00e1cido del lim\u00f3n verde, finalizando con una flor de cempas\u00fachil que simboliza el puente entre el mundo terrenal y el espiritual.<\/p>\n\n\n\n<p>Esp\u00edritu, por su parte, es profundo e intenso, mezcla <strong>Don Julio Ceniza,<\/strong> Frangelico, caf\u00e9 espresso y miel negra, evocando las noches de recuerdo y reflexi\u00f3n. Cada trago es una invitaci\u00f3n a brindar por la memoria y la eternidad.<\/p>\n\n\n\n<figure class=\"wp-block-image size-large\"><img fetchpriority=\"high\" decoding=\"async\" width=\"1024\" height=\"683\" src=\"https:\/\/www.podermexico.mx\/wp-content\/uploads\/2025\/10\/DSC2549-1024x683.jpg\" alt=\"\" class=\"wp-image-6224\"\/><\/figure>\n\n\n\n<h4 class=\"wp-block-heading\"><strong>El pan de muerto, reinventado con pasi\u00f3n<\/strong><\/h4>\n\n\n\n<p>El cl\u00e1sico <strong>pan de muerto<\/strong> se transforma en una<strong> creaci\u00f3n gourmet<\/strong> que exalta los sentidos. Con esencia de azahar, ralladura de naranja y un relleno que combina frosting de queso crema con chocolate blanco Tur\u00edn, ate de guayaba, queso de bola y compota de guayaba con canela, cardamomo y lim\u00f3n amarillo, este postre representa la fusi\u00f3n perfecta entre la nostalgia y la innovaci\u00f3n.<\/p>\n\n\n\n<p>Cada bocado es una experiencia que honra la tradici\u00f3n mexicana desde la alta cocina, mostrando la creatividad y el respeto por los sabores aut\u00e9nticos que caracterizan a Grupo Anderson&#8217;s.<\/p>\n\n\n\n<figure class=\"wp-block-image size-large\"><img decoding=\"async\" width=\"1024\" height=\"683\" src=\"https:\/\/www.podermexico.mx\/wp-content\/uploads\/2025\/10\/DSC2963-1024x683.jpg\" alt=\"\" class=\"wp-image-6225\"\/><\/figure>\n\n\n\n<h4 class=\"wp-block-heading\"><strong>Una celebraci\u00f3n para compartir<\/strong><\/h4>\n\n\n\n<p>Oda a la Muerte es mucho m\u00e1s que un festival gastron\u00f3mico: es una<strong> invitaci\u00f3n a celebrar la vida<\/strong>, a recordar con alegr\u00eda y a reunirnos en torno a la mesa para compartir historias, risas y memorias.<\/p>\n\n\n\n<p>Del 15 de octubre al 3 de noviembre, vive esta experiencia \u00fanica en cualquiera de los<strong> restaurantes participantes de Grupo Anderson\u2019s:<\/strong><\/p>\n\n\n\n<ul class=\"wp-block-list\">\n<li><strong>Porfirio\u2019s<\/strong>: Canc\u00fan, Playa del Carmen, Guadalajara, M\u00e9rida, Masaryk, Toreo, Coapa, Coyoac\u00e1n.<\/li>\n\n\n\n<li>La <strong>Vicenta<\/strong>: Canc\u00fan, Toreo, Tezontle, Miyana, Vallejo.<\/li>\n\n\n\n<li><strong>Bodega<\/strong> <strong>Argentina<\/strong>: Canc\u00fan.<\/li>\n<\/ul>\n\n\n\n<hr class=\"wp-block-separator has-alpha-channel-opacity\"\/>\n\n\n\n<p><strong> \u00a1Ven y celebra la vida con nosotros!<\/strong><\/p>\n\n\n\n<p>Rinde homenaje a la tradici\u00f3n m\u00e1s colorida de M\u00e9xico con un toque contempor\u00e1neo. Disfruta de los sabores, aromas y emociones que solo Oda a la Muerte puede ofrecer.<\/p>\n\n\n\n<p>Reserva tu mesa y vive la experiencia en Porfirio\u2019s, La Vicenta o Bodega Argentina. Cada sorbo y cada bocado cuentan una historia\u2026<strong><em> la tuya tambi\u00e9n puede ser parte de ella.<\/em><\/strong><\/p>\n\n\n\n<p><\/p>\n","protected":false},"excerpt":{"rendered":"<p>Grupo Anderson\u2019s presenta: Oda a la Muerte 2025, el festival que transforma la tradici\u00f3n en una experiencia gourmet. Un tributo a la vida a trav\u00e9s de los sabores El D\u00eda de Muertos es una de las tradiciones m\u00e1s entra\u00f1ables de M\u00e9xico, una celebraci\u00f3n que honra la memoria de quienes partieron y nos recuerda la belleza de la vida. Este 2025, &hellip;<\/p>\n","protected":false},"author":7,"featured_media":6226,"comment_status":"closed","ping_status":"closed","sticky":false,"template":"","format":"standard","meta":{"footnotes":""},"categories":[60],"tags":[1890,1891,1892],"class_list":["post-6222","post","type-post","status-publish","format-standard","has-post-thumbnail","hentry","category-empresas","tag-comida","tag-destilados","tag-don-julio"],"aioseo_notices":[],"_links":{"self":[{"href":"https:\/\/www.podermexico.mx\/index.php?rest_route=\/wp\/v2\/posts\/6222","targetHints":{"allow":["GET"]}}],"collection":[{"href":"https:\/\/www.podermexico.mx\/index.php?rest_route=\/wp\/v2\/posts"}],"about":[{"href":"https:\/\/www.podermexico.mx\/index.php?rest_route=\/wp\/v2\/types\/post"}],"author":[{"embeddable":true,"href":"https:\/\/www.podermexico.mx\/index.php?rest_route=\/wp\/v2\/users\/7"}],"replies":[{"embeddable":true,"href":"https:\/\/www.podermexico.mx\/index.php?rest_route=%2Fwp%2Fv2%2Fcomments&post=6222"}],"version-history":[{"count":2,"href":"https:\/\/www.podermexico.mx\/index.php?rest_route=\/wp\/v2\/posts\/6222\/revisions"}],"predecessor-version":[{"id":6230,"href":"https:\/\/www.podermexico.mx\/index.php?rest_route=\/wp\/v2\/posts\/6222\/revisions\/6230"}],"wp:featuredmedia":[{"embeddable":true,"href":"https:\/\/www.podermexico.mx\/index.php?rest_route=\/wp\/v2\/media\/6226"}],"wp:attachment":[{"href":"https:\/\/www.podermexico.mx\/index.php?rest_route=%2Fwp%2Fv2%2Fmedia&parent=6222"}],"wp:term":[{"taxonomy":"category","embeddable":true,"href":"https:\/\/www.podermexico.mx\/index.php?rest_route=%2Fwp%2Fv2%2Fcategories&post=6222"},{"taxonomy":"post_tag","embeddable":true,"href":"https:\/\/www.podermexico.mx\/index.php?rest_route=%2Fwp%2Fv2%2Ftags&post=6222"}],"curies":[{"name":"wp","href":"https:\/\/api.w.org\/{rel}","templated":true}]}}