
{"id":6212,"date":"2025-10-28T15:00:00","date_gmt":"2025-10-28T21:00:00","guid":{"rendered":"https:\/\/www.podermexico.mx\/?p=6212"},"modified":"2025-10-28T14:43:03","modified_gmt":"2025-10-28T20:43:03","slug":"holcim-mexico-adquiere-grupo-comosa","status":"publish","type":"post","link":"https:\/\/www.podermexico.mx\/?p=6212","title":{"rendered":"Holcim M\u00e9xico adquiere Grupo COMOSA"},"content":{"rendered":"\n<p><strong>Holcim M\u00e9xico<\/strong> anunci\u00f3 una inversi\u00f3n estrat\u00e9gica clave para reforzar su presencia en la regi\u00f3n central del pa\u00eds, en l\u00ednea con su estrategia global <strong><a href=\"https:\/\/www.holcim.com\/who-we-are\/our-strategy\/nextgen-growth\" title=\"NextGen Growth 2030\">NextGen Growth 2030<\/a><\/strong>. La inversi\u00f3n busca impulsar el crecimiento de la red de producci\u00f3n de concreto premezclado e incrementar la oferta de soluciones de construcci\u00f3n baja en carbono.<\/p>\n\n\n\n<hr class=\"wp-block-separator has-alpha-channel-opacity\"\/>\n\n\n\n<p><strong>Expansi\u00f3n y adquisici\u00f3n estrat\u00e9gica<\/strong><\/p>\n\n\n\n<p>La medida m\u00e1s relevante es la <strong>integraci\u00f3n de Grupo COMOSA<\/strong>, una empresa concretera con m\u00e1s de 56 a\u00f1os de trayectoria. Esta adquisici\u00f3n capitaliza la urbanizaci\u00f3n y el crecimiento demogr\u00e1fico en el centro del pa\u00eds. Con esta acci\u00f3n, Holcim suma <strong>siete nuevas ubicaciones estrat\u00e9gicas<\/strong> en Morelos (Cuautla, Cuernavaca, Xochitepec), Estado de M\u00e9xico (Polotitl\u00e1n, Atlacomulco, Toluca) y Quer\u00e9taro (El Marqu\u00e9s).<\/p>\n\n\n\n<p>La expansi\u00f3n incrementa la capacidad instalada de Holcim en cerca de <strong>300,000 m\u00b3 de concreto anuales<\/strong>, fortaleciendo su liderazgo en el mercado nacional y permiti\u00e9ndole abastecer el dinamismo en la demanda de vivienda e infraestructura.<\/p>\n\n\n\n<hr class=\"wp-block-separator has-alpha-channel-opacity\"\/>\n\n\n\n<p><strong>Enfoque 50\/50 en sostenibilidad y crecimiento<\/strong><\/p>\n\n\n\n<p>La inversi\u00f3n tiene un enfoque balanceado: <strong>50% destinado al crecimiento operativo y 50% al desarrollo sostenible<\/strong>. Christian Dedeu, CEO de <a href=\"https:\/\/www.podermexico.mx\/?s=Holcim\" title=\"Holcim\">Holcim<\/a> M\u00e9xico, destac\u00f3 que estas inversiones reflejan la visi\u00f3n de la compa\u00f1\u00eda de descarbonizar la industria.<\/p>\n\n\n\n<p>La compa\u00f1\u00eda priorizar\u00e1 la oferta de soluciones de alto valor, como <strong>ECOPact<\/strong>, su concreto bajo en carbono que reduce las emisiones de CO\u2082 en un 30%, as\u00ed como concretos autocompactables, permeables, arquitect\u00f3nicos y de alta resistencia. Las <strong>siete plantas adquiridas<\/strong> se suman a las m\u00e1s de 70 plantas de concreto premezclado de Holcim en el pa\u00eds, consolidando su rol como socio estrat\u00e9gico para el desarrollo urbano e industrial sostenible.<\/p>\n","protected":false},"excerpt":{"rendered":"<p>Holcim M\u00e9xico anunci\u00f3 una inversi\u00f3n estrat\u00e9gica clave para reforzar su presencia en la regi\u00f3n central del pa\u00eds, en l\u00ednea con su estrategia global NextGen Growth 2030. La inversi\u00f3n busca impulsar el crecimiento de la red de producci\u00f3n de concreto premezclado e incrementar la oferta de soluciones de construcci\u00f3n baja en carbono. Expansi\u00f3n y adquisici\u00f3n estrat\u00e9gica La medida m\u00e1s relevante es &hellip;<\/p>\n","protected":false},"author":10,"featured_media":6213,"comment_status":"closed","ping_status":"closed","sticky":false,"template":"","format":"standard","meta":{"footnotes":""},"categories":[60],"tags":[1886,1885,304,104],"class_list":["post-6212","post","type-post","status-publish","format-standard","has-post-thumbnail","hentry","category-empresas","tag-grupo-comosa","tag-holcim","tag-inversiones","tag-mexico"],"aioseo_notices":[],"_links":{"self":[{"href":"https:\/\/www.podermexico.mx\/index.php?rest_route=\/wp\/v2\/posts\/6212","targetHints":{"allow":["GET"]}}],"collection":[{"href":"https:\/\/www.podermexico.mx\/index.php?rest_route=\/wp\/v2\/posts"}],"about":[{"href":"https:\/\/www.podermexico.mx\/index.php?rest_route=\/wp\/v2\/types\/post"}],"author":[{"embeddable":true,"href":"https:\/\/www.podermexico.mx\/index.php?rest_route=\/wp\/v2\/users\/10"}],"replies":[{"embeddable":true,"href":"https:\/\/www.podermexico.mx\/index.php?rest_route=%2Fwp%2Fv2%2Fcomments&post=6212"}],"version-history":[{"count":1,"href":"https:\/\/www.podermexico.mx\/index.php?rest_route=\/wp\/v2\/posts\/6212\/revisions"}],"predecessor-version":[{"id":6214,"href":"https:\/\/www.podermexico.mx\/index.php?rest_route=\/wp\/v2\/posts\/6212\/revisions\/6214"}],"wp:featuredmedia":[{"embeddable":true,"href":"https:\/\/www.podermexico.mx\/index.php?rest_route=\/wp\/v2\/media\/6213"}],"wp:attachment":[{"href":"https:\/\/www.podermexico.mx\/index.php?rest_route=%2Fwp%2Fv2%2Fmedia&parent=6212"}],"wp:term":[{"taxonomy":"category","embeddable":true,"href":"https:\/\/www.podermexico.mx\/index.php?rest_route=%2Fwp%2Fv2%2Fcategories&post=6212"},{"taxonomy":"post_tag","embeddable":true,"href":"https:\/\/www.podermexico.mx\/index.php?rest_route=%2Fwp%2Fv2%2Ftags&post=6212"}],"curies":[{"name":"wp","href":"https:\/\/api.w.org\/{rel}","templated":true}]}}