
{"id":6079,"date":"2025-10-17T16:30:00","date_gmt":"2025-10-17T22:30:00","guid":{"rendered":"https:\/\/www.podermexico.mx\/?p=6079"},"modified":"2025-10-17T16:27:17","modified_gmt":"2025-10-17T22:27:17","slug":"apple-tv-adquiere-los-derechos-exclusivos-de-f1-en-ee-uu-por-5-anos","status":"publish","type":"post","link":"https:\/\/www.podermexico.mx\/?p=6079","title":{"rendered":"Apple TV+ Adquiere los Derechos Exclusivos de F1 en EE. UU. por 5 A\u00f1os"},"content":{"rendered":"\n<p class=\"wp-block-paragraph\">Apple ha cerrado un acuerdo trascendental con la <strong><a href=\"https:\/\/www.podermexico.mx\/?s=F%C3%B3rmula+1\" title=\"F\u00f3rmula 1\">F\u00f3rmula 1<\/a><\/strong> que redefinir\u00e1 la forma en que el deporte se consume en <strong>Estados Unidos<\/strong>. A partir de la temporada <strong>2026<\/strong>, <strong>Apple TV+<\/strong> ser\u00e1 el destino exclusivo para ver todas las carreras del campeonato en el mercado estadounidense, tras firmar un contrato por <strong>cinco a\u00f1os<\/strong>.<br><\/p>\n\n\n\n<hr class=\"wp-block-separator has-alpha-channel-opacity\"\/>\n\n\n\n<h4 class=\"wp-block-heading\">Detalles Clave del Acuerdo<\/h4>\n\n\n\n<ul class=\"wp-block-list\">\n<li><strong>Exclusividad y duraci\u00f3n<\/strong>: Apple obtiene los derechos exclusivos de <em>streaming<\/em> y transmisi\u00f3n en EE. UU. por cinco a\u00f1os, comenzando en 2026.<\/li>\n\n\n\n<li><strong>Valor:<\/strong> El acuerdo est\u00e1 valorado en aproximadamente <strong>140 millones de d\u00f3lares anuales<\/strong> (un total estimado de <strong>750 millones de d\u00f3lares<\/strong>), duplicando la cifra que pagaba ESPN, el actual poseedor de los derechos.<\/li>\n\n\n\n<li><strong>Contenido exclusivo<\/strong>: La cobertura incluir\u00e1 la transmisi\u00f3n completa de:\n<ul class=\"wp-block-list\">\n<li>Todas las carreras del campeonato.<\/li>\n\n\n\n<li>Sesiones de pr\u00e1ctica.<\/li>\n\n\n\n<li>Calificaciones.<\/li>\n\n\n\n<li>Carreras <em>Sprint<\/em>.<\/li>\n\n\n\n<li>Grandes Premios completos.<\/li>\n<\/ul>\n<\/li>\n\n\n\n<li><strong>Accesibilidad:<\/strong> Todo el contenido estar\u00e1 disponible para los suscriptores de <strong>Apple TV+<\/strong>, aunque se espera que la compa\u00f1\u00eda mantenga algunas sesiones de pr\u00e1ctica y carreras selectas disponibles de forma gratuita (a trav\u00e9s de la aplicaci\u00f3n Apple TV) para fomentar la adopci\u00f3n. Las transmisiones estar\u00e1n disponibles tanto en ingl\u00e9s como en espa\u00f1ol.<\/li>\n\n\n\n<li><strong>Innovaci\u00f3n en la experiencia<\/strong>: Apple ha prometido una cobertura &#8220;premium, inmersiva y pensada para los fan\u00e1ticos,&#8221; con el plan de introducir:\n<ul class=\"wp-block-list\">\n<li>Superposici\u00f3n de datos de telemetr\u00eda en tiempo real.<\/li>\n\n\n\n<li>M\u00faltiples \u00e1ngulos de c\u00e1mara personalizables (multivista en 4K).<\/li>\n\n\n\n<li>Estad\u00edsticas avanzadas integradas.<\/li>\n<\/ul>\n<\/li>\n<\/ul>\n\n\n\n<hr class=\"wp-block-separator has-alpha-channel-opacity\"\/>\n\n\n\n<h4 class=\"wp-block-heading\">Implicaciones Estrat\u00e9gicas<\/h4>\n\n\n\n<p class=\"wp-block-paragraph\">Este movimiento representa la mayor apuesta deportiva global de Apple y refuerza su portafolio de contenido <em>premium<\/em> junto a la MLS y la MLB. Para la F1, la alianza con el gigante tecnol\u00f3gico, que recientemente produjo la exitosa pel\u00edcula <em>F1: La Pel\u00edcula<\/em>, busca seguir potenciando el crecimiento exponencial del deporte en Estados Unidos a trav\u00e9s de nuevos canales de distribuci\u00f3n y una experiencia de usuario innovadora.<\/p>\n\n\n\n<p class=\"wp-block-paragraph\"><\/p>\n","protected":false},"excerpt":{"rendered":"<p>Apple ha cerrado un acuerdo trascendental con la F\u00f3rmula 1 que redefinir\u00e1 la forma en que el deporte se consume en Estados Unidos. A partir de la temporada 2026, Apple TV+ ser\u00e1 el destino exclusivo para ver todas las carreras del campeonato en el mercado estadounidense, tras firmar un contrato por cinco a\u00f1os. Detalles Clave del Acuerdo Implicaciones Estrat\u00e9gicas Este &hellip;<\/p>\n","protected":false},"author":10,"featured_media":6080,"comment_status":"closed","ping_status":"closed","sticky":false,"template":"","format":"standard","meta":{"footnotes":""},"categories":[59],"tags":[153,1679,573],"class_list":["post-6079","post","type-post","status-publish","format-standard","has-post-thumbnail","hentry","category-deportes","tag-apple","tag-f1","tag-formula-1"],"aioseo_notices":[],"aioseo_head":"\n\t\t<!-- All in One SEO 5.0.0.1 - aioseo.com -->\n\t<meta name=\"description\" content=\"Apple TV+ ser\u00e1 el destino exclusivo para ver todas las carreras del campeonato en el mercado estadounidense, tras firmar un contrato por cinco a\u00f1os.\" \/>\n\t<meta name=\"robots\" content=\"max-image-preview:large\" \/>\n\t<meta name=\"author\" content=\"Ana Paula S\u00e1nchez\"\/>\n\t<link rel=\"canonical\" href=\"https:\/\/www.podermexico.mx\/?p=6079\" \/>\n\t<meta name=\"generator\" content=\"All in One SEO (AIOSEO) 5.0.0.1\" \/>\n\t\t<meta property=\"og:locale\" content=\"es_MX\" \/>\n\t\t<meta property=\"og:site_name\" content=\"Poder M\u00e9xico - Donde los l\u00edderes definen el futuro, exploramos tendencias y desciframos el mundo de la pol\u00edtica y los negocios\" \/>\n\t\t<meta property=\"og:type\" content=\"article\" \/>\n\t\t<meta property=\"og:title\" content=\"Apple TV Adquiere los Derechos de F1 en EE. UU. - Poder MX\" \/>\n\t\t<meta property=\"og:description\" content=\"Apple TV+ ser\u00e1 el destino exclusivo para ver todas las carreras del campeonato en el mercado estadounidense, tras firmar un contrato por cinco a\u00f1os.\" \/>\n\t\t<meta property=\"og:url\" content=\"https:\/\/www.podermexico.mx\/?p=6079\" \/>\n\t\t<meta property=\"article:published_time\" content=\"2025-10-17T22:30:00+00:00\" \/>\n\t\t<meta property=\"article:modified_time\" content=\"2025-10-17T22:27:17+00:00\" \/>\n\t\t<meta name=\"twitter:card\" content=\"summary_large_image\" \/>\n\t\t<meta name=\"twitter:title\" content=\"Apple TV Adquiere los Derechos de F1 en EE. UU. - Poder MX\" \/>\n\t\t<meta name=\"twitter:description\" content=\"Apple TV+ ser\u00e1 el destino exclusivo para ver todas las carreras del campeonato en el mercado estadounidense, tras firmar un contrato por cinco a\u00f1os.\" \/>\n\t\t<script type=\"application\/ld+json\" class=\"aioseo-schema\">\n\t\t\t{\"@context\":\"https:\\\/\\\/schema.org\",\"@graph\":[{\"@type\":\"BlogPosting\",\"@id\":\"https:\\\/\\\/www.podermexico.mx\\\/?p=6079#blogposting\",\"name\":\"Apple TV Adquiere los Derechos de F1 en EE. UU. - Poder MX\",\"headline\":\"Apple TV+ Adquiere los Derechos Exclusivos de F1 en EE. UU. por 5 A\\u00f1os\",\"author\":{\"@id\":\"https:\\\/\\\/www.podermexico.mx\\\/?author=10#author\"},\"publisher\":{\"@id\":\"https:\\\/\\\/www.podermexico.mx\\\/#organization\"},\"image\":{\"@type\":\"ImageObject\",\"url\":\"https:\\\/\\\/www.podermexico.mx\\\/wp-content\\\/uploads\\\/2025\\\/10\\\/68d91ac817277198be7358f66be73858.avif\",\"width\":862,\"height\":575},\"datePublished\":\"2025-10-17T16:30:00-06:00\",\"dateModified\":\"2025-10-17T16:27:17-06:00\",\"inLanguage\":\"es-MX\",\"mainEntityOfPage\":{\"@id\":\"https:\\\/\\\/www.podermexico.mx\\\/?p=6079#webpage\"},\"isPartOf\":{\"@id\":\"https:\\\/\\\/www.podermexico.mx\\\/?p=6079#webpage\"},\"articleSection\":\"Deportes, Apple, F1, F\\u00f3rmula 1\"},{\"@type\":\"BreadcrumbList\",\"@id\":\"https:\\\/\\\/www.podermexico.mx\\\/?p=6079#breadcrumblist\",\"itemListElement\":[{\"@type\":\"ListItem\",\"@id\":\"https:\\\/\\\/www.podermexico.mx#listItem\",\"position\":1,\"name\":\"Home\",\"item\":\"https:\\\/\\\/www.podermexico.mx\",\"nextItem\":{\"@type\":\"ListItem\",\"@id\":\"https:\\\/\\\/www.podermexico.mx\\\/?cat=59#listItem\",\"name\":\"Deportes\"}},{\"@type\":\"ListItem\",\"@id\":\"https:\\\/\\\/www.podermexico.mx\\\/?cat=59#listItem\",\"position\":2,\"name\":\"Deportes\",\"item\":\"https:\\\/\\\/www.podermexico.mx\\\/?cat=59\",\"nextItem\":{\"@type\":\"ListItem\",\"@id\":\"https:\\\/\\\/www.podermexico.mx\\\/?p=6079#listItem\",\"name\":\"Apple TV+ Adquiere los Derechos Exclusivos de F1 en EE. UU. por 5 A\\u00f1os\"},\"previousItem\":{\"@type\":\"ListItem\",\"@id\":\"https:\\\/\\\/www.podermexico.mx#listItem\",\"name\":\"Home\"}},{\"@type\":\"ListItem\",\"@id\":\"https:\\\/\\\/www.podermexico.mx\\\/?p=6079#listItem\",\"position\":3,\"name\":\"Apple TV+ Adquiere los Derechos Exclusivos de F1 en EE. UU. por 5 A\\u00f1os\",\"previousItem\":{\"@type\":\"ListItem\",\"@id\":\"https:\\\/\\\/www.podermexico.mx\\\/?cat=59#listItem\",\"name\":\"Deportes\"}}]},{\"@type\":\"Organization\",\"@id\":\"https:\\\/\\\/www.podermexico.mx\\\/#organization\",\"name\":\"Poder M\\u00e9xico\",\"description\":\"Donde los l\\u00edderes definen el futuro, exploramos tendencias y desciframos el mundo de la pol\\u00edtica y los negocios\",\"url\":\"https:\\\/\\\/www.podermexico.mx\\\/\"},{\"@type\":\"Person\",\"@id\":\"https:\\\/\\\/www.podermexico.mx\\\/?author=10#author\",\"url\":\"https:\\\/\\\/www.podermexico.mx\\\/?author=10\",\"name\":\"Ana Paula S\\u00e1nchez\",\"image\":{\"@type\":\"ImageObject\",\"@id\":\"https:\\\/\\\/www.podermexico.mx\\\/?p=6079#authorImage\",\"url\":\"https:\\\/\\\/secure.gravatar.com\\\/avatar\\\/19ee16554e9e7586cb347184fe6e73083491a075c74c9d33aa7d22ebe4b90db8?s=96&d=mm&r=g\",\"width\":96,\"height\":96,\"caption\":\"Ana Paula S\\u00e1nchez\"}},{\"@type\":\"WebPage\",\"@id\":\"https:\\\/\\\/www.podermexico.mx\\\/?p=6079#webpage\",\"url\":\"https:\\\/\\\/www.podermexico.mx\\\/?p=6079\",\"name\":\"Apple TV Adquiere los Derechos de F1 en EE. UU. - Poder MX\",\"description\":\"Apple TV+ ser\\u00e1 el destino exclusivo para ver todas las carreras del campeonato en el mercado estadounidense, tras firmar un contrato por cinco a\\u00f1os.\",\"inLanguage\":\"es-MX\",\"isPartOf\":{\"@id\":\"https:\\\/\\\/www.podermexico.mx\\\/#website\"},\"breadcrumb\":{\"@id\":\"https:\\\/\\\/www.podermexico.mx\\\/?p=6079#breadcrumblist\"},\"author\":{\"@id\":\"https:\\\/\\\/www.podermexico.mx\\\/?author=10#author\"},\"creator\":{\"@id\":\"https:\\\/\\\/www.podermexico.mx\\\/?author=10#author\"},\"image\":{\"@type\":\"ImageObject\",\"url\":\"https:\\\/\\\/www.podermexico.mx\\\/wp-content\\\/uploads\\\/2025\\\/10\\\/68d91ac817277198be7358f66be73858.avif\",\"@id\":\"https:\\\/\\\/www.podermexico.mx\\\/?p=6079\\\/#mainImage\",\"width\":862,\"height\":575},\"primaryImageOfPage\":{\"@id\":\"https:\\\/\\\/www.podermexico.mx\\\/?p=6079#mainImage\"},\"datePublished\":\"2025-10-17T16:30:00-06:00\",\"dateModified\":\"2025-10-17T16:27:17-06:00\"},{\"@type\":\"WebSite\",\"@id\":\"https:\\\/\\\/www.podermexico.mx\\\/#website\",\"url\":\"https:\\\/\\\/www.podermexico.mx\\\/\",\"name\":\"Poder M\\u00e9xico\",\"description\":\"Donde los l\\u00edderes definen el futuro, exploramos tendencias y desciframos el mundo de la pol\\u00edtica y los negocios\",\"inLanguage\":\"es-MX\",\"publisher\":{\"@id\":\"https:\\\/\\\/www.podermexico.mx\\\/#organization\"}}]}\n\t\t<\/script>\n\t\t<!-- All in One SEO -->\n\n","aioseo_head_json":{"title":"Apple TV Adquiere los Derechos de F1 en EE. UU. - Poder MX","description":"Apple TV+ ser\u00e1 el destino exclusivo para ver todas las carreras del campeonato en el mercado estadounidense, tras firmar un contrato por cinco a\u00f1os.","canonical_url":"https:\/\/www.podermexico.mx\/?p=6079","robots":"max-image-preview:large","keywords":"","webmasterTools":{"miscellaneous":""},"schema":{"@context":"https:\/\/schema.org","@graph":[{"@type":"BlogPosting","@id":"https:\/\/www.podermexico.mx\/?p=6079#blogposting","name":"Apple TV Adquiere los Derechos de F1 en EE. UU. - Poder MX","headline":"Apple TV+ Adquiere los Derechos Exclusivos de F1 en EE. UU. por 5 A\u00f1os","author":{"@id":"https:\/\/www.podermexico.mx\/?author=10#author"},"publisher":{"@id":"https:\/\/www.podermexico.mx\/#organization"},"image":{"@type":"ImageObject","url":"https:\/\/www.podermexico.mx\/wp-content\/uploads\/2025\/10\/68d91ac817277198be7358f66be73858.avif","width":862,"height":575},"datePublished":"2025-10-17T16:30:00-06:00","dateModified":"2025-10-17T16:27:17-06:00","inLanguage":"es-MX","mainEntityOfPage":{"@id":"https:\/\/www.podermexico.mx\/?p=6079#webpage"},"isPartOf":{"@id":"https:\/\/www.podermexico.mx\/?p=6079#webpage"},"articleSection":"Deportes, Apple, F1, F\u00f3rmula 1"},{"@type":"BreadcrumbList","@id":"https:\/\/www.podermexico.mx\/?p=6079#breadcrumblist","itemListElement":[{"@type":"ListItem","@id":"https:\/\/www.podermexico.mx#listItem","position":1,"name":"Home","item":"https:\/\/www.podermexico.mx","nextItem":{"@type":"ListItem","@id":"https:\/\/www.podermexico.mx\/?cat=59#listItem","name":"Deportes"}},{"@type":"ListItem","@id":"https:\/\/www.podermexico.mx\/?cat=59#listItem","position":2,"name":"Deportes","item":"https:\/\/www.podermexico.mx\/?cat=59","nextItem":{"@type":"ListItem","@id":"https:\/\/www.podermexico.mx\/?p=6079#listItem","name":"Apple TV+ Adquiere los Derechos Exclusivos de F1 en EE. UU. por 5 A\u00f1os"},"previousItem":{"@type":"ListItem","@id":"https:\/\/www.podermexico.mx#listItem","name":"Home"}},{"@type":"ListItem","@id":"https:\/\/www.podermexico.mx\/?p=6079#listItem","position":3,"name":"Apple TV+ Adquiere los Derechos Exclusivos de F1 en EE. UU. por 5 A\u00f1os","previousItem":{"@type":"ListItem","@id":"https:\/\/www.podermexico.mx\/?cat=59#listItem","name":"Deportes"}}]},{"@type":"Organization","@id":"https:\/\/www.podermexico.mx\/#organization","name":"Poder M\u00e9xico","description":"Donde los l\u00edderes definen el futuro, exploramos tendencias y desciframos el mundo de la pol\u00edtica y los negocios","url":"https:\/\/www.podermexico.mx\/"},{"@type":"Person","@id":"https:\/\/www.podermexico.mx\/?author=10#author","url":"https:\/\/www.podermexico.mx\/?author=10","name":"Ana Paula S\u00e1nchez","image":{"@type":"ImageObject","@id":"https:\/\/www.podermexico.mx\/?p=6079#authorImage","url":"https:\/\/secure.gravatar.com\/avatar\/19ee16554e9e7586cb347184fe6e73083491a075c74c9d33aa7d22ebe4b90db8?s=96&d=mm&r=g","width":96,"height":96,"caption":"Ana Paula S\u00e1nchez"}},{"@type":"WebPage","@id":"https:\/\/www.podermexico.mx\/?p=6079#webpage","url":"https:\/\/www.podermexico.mx\/?p=6079","name":"Apple TV Adquiere los Derechos de F1 en EE. UU. - Poder MX","description":"Apple TV+ ser\u00e1 el destino exclusivo para ver todas las carreras del campeonato en el mercado estadounidense, tras firmar un contrato por cinco a\u00f1os.","inLanguage":"es-MX","isPartOf":{"@id":"https:\/\/www.podermexico.mx\/#website"},"breadcrumb":{"@id":"https:\/\/www.podermexico.mx\/?p=6079#breadcrumblist"},"author":{"@id":"https:\/\/www.podermexico.mx\/?author=10#author"},"creator":{"@id":"https:\/\/www.podermexico.mx\/?author=10#author"},"image":{"@type":"ImageObject","url":"https:\/\/www.podermexico.mx\/wp-content\/uploads\/2025\/10\/68d91ac817277198be7358f66be73858.avif","@id":"https:\/\/www.podermexico.mx\/?p=6079\/#mainImage","width":862,"height":575},"primaryImageOfPage":{"@id":"https:\/\/www.podermexico.mx\/?p=6079#mainImage"},"datePublished":"2025-10-17T16:30:00-06:00","dateModified":"2025-10-17T16:27:17-06:00"},{"@type":"WebSite","@id":"https:\/\/www.podermexico.mx\/#website","url":"https:\/\/www.podermexico.mx\/","name":"Poder M\u00e9xico","description":"Donde los l\u00edderes definen el futuro, exploramos tendencias y desciframos el mundo de la pol\u00edtica y los negocios","inLanguage":"es-MX","publisher":{"@id":"https:\/\/www.podermexico.mx\/#organization"}}]},"og:locale":"es_MX","og:site_name":"Poder M\u00e9xico - Donde los l\u00edderes definen el futuro, exploramos tendencias y desciframos el mundo de la pol\u00edtica y los negocios","og:type":"article","og:title":"Apple TV Adquiere los Derechos de F1 en EE. UU. - Poder MX","og:description":"Apple TV+ ser\u00e1 el destino exclusivo para ver todas las carreras del campeonato en el mercado estadounidense, tras firmar un contrato por cinco a\u00f1os.","og:url":"https:\/\/www.podermexico.mx\/?p=6079","article:published_time":"2025-10-17T22:30:00+00:00","article:modified_time":"2025-10-17T22:27:17+00:00","twitter:card":"summary_large_image","twitter:title":"Apple TV Adquiere los Derechos de F1 en EE. UU. - Poder MX","twitter:description":"Apple TV+ ser\u00e1 el destino exclusivo para ver todas las carreras del campeonato en el mercado estadounidense, tras firmar un contrato por cinco a\u00f1os."},"aioseo_meta_data":{"post_id":"6079","title":"Apple TV Adquiere los Derechos de F1 en EE. UU. - Poder MX","description":"Apple TV+ ser\u00e1 el destino exclusivo para ver todas las carreras del campeonato en el mercado estadounidense, tras firmar un contrato por cinco a\u00f1os.","keywords":null,"keyphrases":{"focus":{"keyphrase":"Apple","score":100,"analysis":{"keyphraseInTitle":{"score":9,"maxScore":9,"error":0},"keyphraseInDescription":{"score":9,"maxScore":9,"error":0},"keyphraseLength":{"score":9,"maxScore":9,"error":0,"length":1},"keyphraseInIntroduction":{"score":9,"maxScore":9,"error":0},"keyphraseInSubHeadings":[],"keyphraseInImageAlt":[],"keywordDensity":{"type":"best","score":9,"maxScore":9,"error":0}}},"additional":[]},"primary_term":null,"canonical_url":null,"og_title":null,"og_description":null,"og_object_type":"default","og_image_type":"default","og_image_url":null,"og_image_width":null,"og_image_height":null,"og_image_custom_url":null,"og_image_custom_fields":null,"og_video":"","og_custom_url":null,"og_article_section":null,"og_article_tags":null,"twitter_use_og":false,"twitter_card":"default","twitter_image_type":"default","twitter_image_url":null,"twitter_image_custom_url":null,"twitter_image_custom_fields":null,"twitter_title":null,"twitter_description":null,"schema":{"blockGraphs":[],"customGraphs":[],"default":{"data":{"Article":[],"Course":[],"Dataset":[],"FAQPage":[],"Movie":[],"Person":[],"Product":[],"ProductReview":[],"Car":[],"Recipe":[],"Service":[],"SoftwareApplication":[],"WebPage":[]},"graphName":"BlogPosting","isEnabled":true},"graphs":[]},"schema_type":"default","schema_type_options":null,"pillar_content":false,"robots_default":true,"robots_noindex":false,"robots_noarchive":false,"robots_nosnippet":false,"robots_nofollow":false,"robots_noimageindex":false,"robots_noodp":false,"robots_notranslate":false,"robots_max_snippet":"-1","robots_max_videopreview":"-1","robots_max_imagepreview":"large","priority":null,"frequency":"default","local_seo":null,"breadcrumb_settings":null,"limit_modified_date":false,"ai":{"faqs":[],"keyPoints":[],"titles":[],"descriptions":[],"socialPosts":{"email":[],"linkedin":[],"twitter":[],"facebook":[],"instagram":[]}},"created":"2025-10-17 22:27:17","updated":"2025-10-17 22:50:35","seo_analyzer_scan_date":null,"focus_keyword":"Apple","additional_keywords":null,"truseo_locale":null},"aioseo_breadcrumb":"<div class=\"aioseo-breadcrumbs\"><span class=\"aioseo-breadcrumb\">\n\t\t\t<a href=\"https:\/\/www.podermexico.mx\" title=\"Home\">Home<\/a>\n\t\t<\/span><span class=\"aioseo-breadcrumb-separator\">&raquo;<\/span><span class=\"aioseo-breadcrumb\">\n\t\t\t<a href=\"https:\/\/www.podermexico.mx\/?cat=59\" title=\"Deportes\">Deportes<\/a>\n\t\t<\/span><span class=\"aioseo-breadcrumb-separator\">&raquo;<\/span><span class=\"aioseo-breadcrumb\">\n\t\t\tApple TV+ Adquiere los Derechos Exclusivos de F1 en EE. UU. por 5 A\u00f1os\n\t\t<\/span><\/div>","aioseo_breadcrumb_json":[{"label":"Home","link":"https:\/\/www.podermexico.mx"},{"label":"Deportes","link":"https:\/\/www.podermexico.mx\/?cat=59"},{"label":"Apple TV+ Adquiere los Derechos Exclusivos de F1 en EE. UU. por 5 A\u00f1os","link":"https:\/\/www.podermexico.mx\/?p=6079"}],"_links":{"self":[{"href":"https:\/\/www.podermexico.mx\/index.php?rest_route=\/wp\/v2\/posts\/6079","targetHints":{"allow":["GET"]}}],"collection":[{"href":"https:\/\/www.podermexico.mx\/index.php?rest_route=\/wp\/v2\/posts"}],"about":[{"href":"https:\/\/www.podermexico.mx\/index.php?rest_route=\/wp\/v2\/types\/post"}],"author":[{"embeddable":true,"href":"https:\/\/www.podermexico.mx\/index.php?rest_route=\/wp\/v2\/users\/10"}],"replies":[{"embeddable":true,"href":"https:\/\/www.podermexico.mx\/index.php?rest_route=%2Fwp%2Fv2%2Fcomments&post=6079"}],"version-history":[{"count":1,"href":"https:\/\/www.podermexico.mx\/index.php?rest_route=\/wp\/v2\/posts\/6079\/revisions"}],"predecessor-version":[{"id":6081,"href":"https:\/\/www.podermexico.mx\/index.php?rest_route=\/wp\/v2\/posts\/6079\/revisions\/6081"}],"wp:featuredmedia":[{"embeddable":true,"href":"https:\/\/www.podermexico.mx\/index.php?rest_route=\/wp\/v2\/media\/6080"}],"wp:attachment":[{"href":"https:\/\/www.podermexico.mx\/index.php?rest_route=%2Fwp%2Fv2%2Fmedia&parent=6079"}],"wp:term":[{"taxonomy":"category","embeddable":true,"href":"https:\/\/www.podermexico.mx\/index.php?rest_route=%2Fwp%2Fv2%2Fcategories&post=6079"},{"taxonomy":"post_tag","embeddable":true,"href":"https:\/\/www.podermexico.mx\/index.php?rest_route=%2Fwp%2Fv2%2Ftags&post=6079"}],"curies":[{"name":"wp","href":"https:\/\/api.w.org\/{rel}","templated":true}]}}