
{"id":5116,"date":"2025-05-30T15:30:00","date_gmt":"2025-05-30T15:30:00","guid":{"rendered":"https:\/\/www.podermexico.mx\/?p=5116"},"modified":"2025-05-30T05:40:52","modified_gmt":"2025-05-30T05:40:52","slug":"nestle-refuerza-su-compromiso-con-programa-hecho-en-mexico","status":"publish","type":"post","link":"https:\/\/www.podermexico.mx\/?p=5116","title":{"rendered":"Nestl\u00e9 refuerza su compromiso con programa &#8220;Hecho en M\u00e9xico&#8221;"},"content":{"rendered":"\n<p class=\"wp-block-paragraph\"><strong>Nestl\u00e9<\/strong>, con <strong>95 a\u00f1os de presencia en M\u00e9xico<\/strong>, ha anunciado su incorporaci\u00f3n al programa <strong>&#8220;Hecho en M\u00e9xico&#8221;<\/strong>, una iniciativa promovida por la <strong>Secretar\u00eda de Econom\u00eda (SE)<\/strong> para fortalecer las <strong>cadenas productivas nacionales<\/strong> y fomentar el <strong>consumo de productos fabricados en el pa\u00eds<\/strong>.<\/p>\n\n\n\n<p class=\"wp-block-paragraph\">Este programa busca <strong>reconocer a empresas que invierten y generan empleo en M\u00e9xico<\/strong>, otorgando un sello que distingue a los productos elaborados dentro del territorio. Como parte de la integraci\u00f3n de la compa\u00f1\u00eda suiza, <strong>m\u00e1s de 200 productos de Nestl\u00e9<\/strong>, incluyendo marcas como <strong>Nescaf\u00e9, Carlos V y Chocolate Abuelita<\/strong>, estar\u00e1n identificados con este sello.<\/p>\n\n\n\n<p class=\"wp-block-paragraph\">Nestl\u00e9 destac\u00f3 que su enfoque en el pa\u00eds va m\u00e1s all\u00e1 de la manufactura, con <strong>iniciativas de impacto social y econ\u00f3mico<\/strong>. A trav\u00e9s del <strong>Plan NESCAF\u00c9<\/strong>, la empresa trabaja con <strong>m\u00e1s de 20 mil caficultores<\/strong> en estados como <strong>Veracruz, Chiapas, Oaxaca, Guerrero y Puebla<\/strong>, impulsando <strong>pr\u00e1cticas agr\u00edcolas sostenibles<\/strong> y ofreciendo <strong>capacitaci\u00f3n t\u00e9cnica<\/strong> para mejorar la productividad.<\/p>\n\n\n\n<p class=\"wp-block-paragraph\"><strong>\u201cEste modelo de trabajo ha convertido al caf\u00e9 mexicano en un producto de calidad internacional con impacto social positivo\u201d<\/strong>, asegur\u00f3 <strong>Fausto Costa, presidente ejecutivo de Nestl\u00e9 M\u00e9xico<\/strong>, quien adem\u00e1s resalt\u00f3 la importancia de fortalecer el v\u00ednculo con las comunidades.<\/p>\n","protected":false},"excerpt":{"rendered":"<p>Nestl\u00e9, con 95 a\u00f1os de presencia en M\u00e9xico, ha anunciado su incorporaci\u00f3n al programa &#8220;Hecho en M\u00e9xico&#8221;, una iniciativa promovida por la Secretar\u00eda de Econom\u00eda (SE) para fortalecer las cadenas productivas nacionales y fomentar el consumo de productos fabricados en el pa\u00eds. Este programa busca reconocer a empresas que invierten y generan empleo en M\u00e9xico, otorgando un sello que distingue &hellip;<\/p>\n","protected":false},"author":7,"featured_media":5117,"comment_status":"open","ping_status":"open","sticky":false,"template":"","format":"standard","meta":{"footnotes":""},"categories":[60],"tags":[1292,104,571],"class_list":["post-5116","post","type-post","status-publish","format-standard","has-post-thumbnail","hentry","category-empresas","tag-hecho-en-mexico","tag-mexico","tag-nestle"],"aioseo_notices":[],"aioseo_head":"\n\t\t<!-- All in One SEO 5.0.0.1 - aioseo.com -->\n\t<meta name=\"description\" content=\"Nestl\u00e9 se suma al programa &quot;Hecho en M\u00e9xico&quot;, integrando m\u00e1s de 200 productos y reforzando su compromiso con productores y el desarrollo econ\u00f3mico nacional\" \/>\n\t<meta name=\"robots\" content=\"max-image-preview:large\" \/>\n\t<meta name=\"author\" content=\"Poder M\u00e9xico\"\/>\n\t<link rel=\"canonical\" href=\"https:\/\/www.podermexico.mx\/?p=5116\" \/>\n\t<meta name=\"generator\" content=\"All in One SEO (AIOSEO) 5.0.0.1\" \/>\n\t\t<meta property=\"og:locale\" content=\"es_MX\" \/>\n\t\t<meta property=\"og:site_name\" content=\"Poder M\u00e9xico - Donde los l\u00edderes definen el futuro, exploramos tendencias y desciframos el mundo de la pol\u00edtica y los negocios\" \/>\n\t\t<meta property=\"og:type\" content=\"article\" \/>\n\t\t<meta property=\"og:title\" content=\"Nestl\u00e9 refuerza su compromiso con programa \u201cHecho en M\u00e9xico\u201d - Poder M\u00e9xico\" \/>\n\t\t<meta property=\"og:description\" content=\"Nestl\u00e9 se suma al programa &quot;Hecho en M\u00e9xico&quot;, integrando m\u00e1s de 200 productos y reforzando su compromiso con productores y el desarrollo econ\u00f3mico nacional\" \/>\n\t\t<meta property=\"og:url\" content=\"https:\/\/www.podermexico.mx\/?p=5116\" \/>\n\t\t<meta property=\"article:published_time\" content=\"2025-05-30T15:30:00+00:00\" \/>\n\t\t<meta property=\"article:modified_time\" content=\"2025-05-30T05:40:52+00:00\" \/>\n\t\t<meta name=\"twitter:card\" content=\"summary_large_image\" \/>\n\t\t<meta name=\"twitter:title\" content=\"Nestl\u00e9 refuerza su compromiso con programa \u201cHecho en M\u00e9xico\u201d - Poder M\u00e9xico\" \/>\n\t\t<meta name=\"twitter:description\" content=\"Nestl\u00e9 se suma al programa &quot;Hecho en M\u00e9xico&quot;, integrando m\u00e1s de 200 productos y reforzando su compromiso con productores y el desarrollo econ\u00f3mico nacional\" \/>\n\t\t<script type=\"application\/ld+json\" class=\"aioseo-schema\">\n\t\t\t{\"@context\":\"https:\\\/\\\/schema.org\",\"@graph\":[{\"@type\":\"BlogPosting\",\"@id\":\"https:\\\/\\\/www.podermexico.mx\\\/?p=5116#blogposting\",\"name\":\"Nestl\\u00e9 refuerza su compromiso con programa \\u201cHecho en M\\u00e9xico\\u201d - Poder M\\u00e9xico\",\"headline\":\"Nestl\\u00e9 refuerza su compromiso con programa &#8220;Hecho en M\\u00e9xico&#8221;\",\"author\":{\"@id\":\"https:\\\/\\\/www.podermexico.mx\\\/?author=7#author\"},\"publisher\":{\"@id\":\"https:\\\/\\\/www.podermexico.mx\\\/#organization\"},\"image\":{\"@type\":\"ImageObject\",\"url\":\"https:\\\/\\\/www.podermexico.mx\\\/wp-content\\\/uploads\\\/2025\\\/05\\\/nestle-hecho-en-mexico.jpg\",\"width\":800,\"height\":497,\"caption\":\"OCOTL\\u00c1N, JALISCO. 06 OCTUBRE 2016.-Enrique Pe\\u00f1a Nieto, presidente de M\\u00e9xico, Jorge Arist\\u00f3teles Sandoval D\\u00edaz, gobernador de Jalisco, directivos nacionales e internacionales de Nestl\\u00e9, as\\u00ed como autoridades federales y estatales encabezaron la inauguraci\\u00f3n de la nueva fabrica de nutrici\\u00f3n infantil \\u201cNantli\\u201d de Nestl\\u00e9 en municipio ya mencionado de la regi\\u00f3n Ci\\u00e9nega. FOTO : FERNANDO CARRANZA GARCIA \\\/ MILENIO DIARIO.\"},\"datePublished\":\"2025-05-30T15:30:00-06:00\",\"dateModified\":\"2025-05-30T05:40:52-06:00\",\"inLanguage\":\"es-MX\",\"mainEntityOfPage\":{\"@id\":\"https:\\\/\\\/www.podermexico.mx\\\/?p=5116#webpage\"},\"isPartOf\":{\"@id\":\"https:\\\/\\\/www.podermexico.mx\\\/?p=5116#webpage\"},\"articleSection\":\"Empresas y Negocios, Hecho en M\\u00e9xico, M\\u00e9xico, Nestl\\u00e9\"},{\"@type\":\"BreadcrumbList\",\"@id\":\"https:\\\/\\\/www.podermexico.mx\\\/?p=5116#breadcrumblist\",\"itemListElement\":[{\"@type\":\"ListItem\",\"@id\":\"https:\\\/\\\/www.podermexico.mx#listItem\",\"position\":1,\"name\":\"Home\",\"item\":\"https:\\\/\\\/www.podermexico.mx\",\"nextItem\":{\"@type\":\"ListItem\",\"@id\":\"https:\\\/\\\/www.podermexico.mx\\\/?cat=60#listItem\",\"name\":\"Empresas y Negocios\"}},{\"@type\":\"ListItem\",\"@id\":\"https:\\\/\\\/www.podermexico.mx\\\/?cat=60#listItem\",\"position\":2,\"name\":\"Empresas y Negocios\",\"item\":\"https:\\\/\\\/www.podermexico.mx\\\/?cat=60\",\"nextItem\":{\"@type\":\"ListItem\",\"@id\":\"https:\\\/\\\/www.podermexico.mx\\\/?p=5116#listItem\",\"name\":\"Nestl\\u00e9 refuerza su compromiso con programa &#8220;Hecho en M\\u00e9xico&#8221;\"},\"previousItem\":{\"@type\":\"ListItem\",\"@id\":\"https:\\\/\\\/www.podermexico.mx#listItem\",\"name\":\"Home\"}},{\"@type\":\"ListItem\",\"@id\":\"https:\\\/\\\/www.podermexico.mx\\\/?p=5116#listItem\",\"position\":3,\"name\":\"Nestl\\u00e9 refuerza su compromiso con programa &#8220;Hecho en M\\u00e9xico&#8221;\",\"previousItem\":{\"@type\":\"ListItem\",\"@id\":\"https:\\\/\\\/www.podermexico.mx\\\/?cat=60#listItem\",\"name\":\"Empresas y Negocios\"}}]},{\"@type\":\"Organization\",\"@id\":\"https:\\\/\\\/www.podermexico.mx\\\/#organization\",\"name\":\"Poder M\\u00e9xico\",\"description\":\"Donde los l\\u00edderes definen el futuro, exploramos tendencias y desciframos el mundo de la pol\\u00edtica y los negocios\",\"url\":\"https:\\\/\\\/www.podermexico.mx\\\/\"},{\"@type\":\"Person\",\"@id\":\"https:\\\/\\\/www.podermexico.mx\\\/?author=7#author\",\"url\":\"https:\\\/\\\/www.podermexico.mx\\\/?author=7\",\"name\":\"Poder M\\u00e9xico\",\"image\":{\"@type\":\"ImageObject\",\"@id\":\"https:\\\/\\\/www.podermexico.mx\\\/?p=5116#authorImage\",\"url\":\"https:\\\/\\\/secure.gravatar.com\\\/avatar\\\/6873d270747c7f511ab0e491b4ef59ff185c68a5912118c90f83cdcd498e434b?s=96&d=mm&r=g\",\"width\":96,\"height\":96,\"caption\":\"Poder M\\u00e9xico\"}},{\"@type\":\"WebPage\",\"@id\":\"https:\\\/\\\/www.podermexico.mx\\\/?p=5116#webpage\",\"url\":\"https:\\\/\\\/www.podermexico.mx\\\/?p=5116\",\"name\":\"Nestl\\u00e9 refuerza su compromiso con programa \\u201cHecho en M\\u00e9xico\\u201d - Poder M\\u00e9xico\",\"description\":\"Nestl\\u00e9 se suma al programa \\\"Hecho en M\\u00e9xico\\\", integrando m\\u00e1s de 200 productos y reforzando su compromiso con productores y el desarrollo econ\\u00f3mico nacional\",\"inLanguage\":\"es-MX\",\"isPartOf\":{\"@id\":\"https:\\\/\\\/www.podermexico.mx\\\/#website\"},\"breadcrumb\":{\"@id\":\"https:\\\/\\\/www.podermexico.mx\\\/?p=5116#breadcrumblist\"},\"author\":{\"@id\":\"https:\\\/\\\/www.podermexico.mx\\\/?author=7#author\"},\"creator\":{\"@id\":\"https:\\\/\\\/www.podermexico.mx\\\/?author=7#author\"},\"image\":{\"@type\":\"ImageObject\",\"url\":\"https:\\\/\\\/www.podermexico.mx\\\/wp-content\\\/uploads\\\/2025\\\/05\\\/nestle-hecho-en-mexico.jpg\",\"@id\":\"https:\\\/\\\/www.podermexico.mx\\\/?p=5116\\\/#mainImage\",\"width\":800,\"height\":497,\"caption\":\"OCOTL\\u00c1N, JALISCO. 06 OCTUBRE 2016.-Enrique Pe\\u00f1a Nieto, presidente de M\\u00e9xico, Jorge Arist\\u00f3teles Sandoval D\\u00edaz, gobernador de Jalisco, directivos nacionales e internacionales de Nestl\\u00e9, as\\u00ed como autoridades federales y estatales encabezaron la inauguraci\\u00f3n de la nueva fabrica de nutrici\\u00f3n infantil \\u201cNantli\\u201d de Nestl\\u00e9 en municipio ya mencionado de la regi\\u00f3n Ci\\u00e9nega. FOTO : FERNANDO CARRANZA GARCIA \\\/ MILENIO DIARIO.\"},\"primaryImageOfPage\":{\"@id\":\"https:\\\/\\\/www.podermexico.mx\\\/?p=5116#mainImage\"},\"datePublished\":\"2025-05-30T15:30:00-06:00\",\"dateModified\":\"2025-05-30T05:40:52-06:00\"},{\"@type\":\"WebSite\",\"@id\":\"https:\\\/\\\/www.podermexico.mx\\\/#website\",\"url\":\"https:\\\/\\\/www.podermexico.mx\\\/\",\"name\":\"Poder M\\u00e9xico\",\"description\":\"Donde los l\\u00edderes definen el futuro, exploramos tendencias y desciframos el mundo de la pol\\u00edtica y los negocios\",\"inLanguage\":\"es-MX\",\"publisher\":{\"@id\":\"https:\\\/\\\/www.podermexico.mx\\\/#organization\"}}]}\n\t\t<\/script>\n\t\t<!-- All in One SEO -->\n\n","aioseo_head_json":{"title":"Nestl\u00e9 refuerza su compromiso con programa \u201cHecho en M\u00e9xico\u201d - Poder M\u00e9xico","description":"Nestl\u00e9 se suma al programa \"Hecho en M\u00e9xico\", integrando m\u00e1s de 200 productos y reforzando su compromiso con productores y el desarrollo econ\u00f3mico nacional","canonical_url":"https:\/\/www.podermexico.mx\/?p=5116","robots":"max-image-preview:large","keywords":"","webmasterTools":{"miscellaneous":""},"schema":{"@context":"https:\/\/schema.org","@graph":[{"@type":"BlogPosting","@id":"https:\/\/www.podermexico.mx\/?p=5116#blogposting","name":"Nestl\u00e9 refuerza su compromiso con programa \u201cHecho en M\u00e9xico\u201d - Poder M\u00e9xico","headline":"Nestl\u00e9 refuerza su compromiso con programa &#8220;Hecho en M\u00e9xico&#8221;","author":{"@id":"https:\/\/www.podermexico.mx\/?author=7#author"},"publisher":{"@id":"https:\/\/www.podermexico.mx\/#organization"},"image":{"@type":"ImageObject","url":"https:\/\/www.podermexico.mx\/wp-content\/uploads\/2025\/05\/nestle-hecho-en-mexico.jpg","width":800,"height":497,"caption":"OCOTL\u00c1N, JALISCO. 06 OCTUBRE 2016.-Enrique Pe\u00f1a Nieto, presidente de M\u00e9xico, Jorge Arist\u00f3teles Sandoval D\u00edaz, gobernador de Jalisco, directivos nacionales e internacionales de Nestl\u00e9, as\u00ed como autoridades federales y estatales encabezaron la inauguraci\u00f3n de la nueva fabrica de nutrici\u00f3n infantil \u201cNantli\u201d de Nestl\u00e9 en municipio ya mencionado de la regi\u00f3n Ci\u00e9nega. FOTO : FERNANDO CARRANZA GARCIA \/ MILENIO DIARIO."},"datePublished":"2025-05-30T15:30:00-06:00","dateModified":"2025-05-30T05:40:52-06:00","inLanguage":"es-MX","mainEntityOfPage":{"@id":"https:\/\/www.podermexico.mx\/?p=5116#webpage"},"isPartOf":{"@id":"https:\/\/www.podermexico.mx\/?p=5116#webpage"},"articleSection":"Empresas y Negocios, Hecho en M\u00e9xico, M\u00e9xico, Nestl\u00e9"},{"@type":"BreadcrumbList","@id":"https:\/\/www.podermexico.mx\/?p=5116#breadcrumblist","itemListElement":[{"@type":"ListItem","@id":"https:\/\/www.podermexico.mx#listItem","position":1,"name":"Home","item":"https:\/\/www.podermexico.mx","nextItem":{"@type":"ListItem","@id":"https:\/\/www.podermexico.mx\/?cat=60#listItem","name":"Empresas y Negocios"}},{"@type":"ListItem","@id":"https:\/\/www.podermexico.mx\/?cat=60#listItem","position":2,"name":"Empresas y Negocios","item":"https:\/\/www.podermexico.mx\/?cat=60","nextItem":{"@type":"ListItem","@id":"https:\/\/www.podermexico.mx\/?p=5116#listItem","name":"Nestl\u00e9 refuerza su compromiso con programa &#8220;Hecho en M\u00e9xico&#8221;"},"previousItem":{"@type":"ListItem","@id":"https:\/\/www.podermexico.mx#listItem","name":"Home"}},{"@type":"ListItem","@id":"https:\/\/www.podermexico.mx\/?p=5116#listItem","position":3,"name":"Nestl\u00e9 refuerza su compromiso con programa &#8220;Hecho en M\u00e9xico&#8221;","previousItem":{"@type":"ListItem","@id":"https:\/\/www.podermexico.mx\/?cat=60#listItem","name":"Empresas y Negocios"}}]},{"@type":"Organization","@id":"https:\/\/www.podermexico.mx\/#organization","name":"Poder M\u00e9xico","description":"Donde los l\u00edderes definen el futuro, exploramos tendencias y desciframos el mundo de la pol\u00edtica y los negocios","url":"https:\/\/www.podermexico.mx\/"},{"@type":"Person","@id":"https:\/\/www.podermexico.mx\/?author=7#author","url":"https:\/\/www.podermexico.mx\/?author=7","name":"Poder M\u00e9xico","image":{"@type":"ImageObject","@id":"https:\/\/www.podermexico.mx\/?p=5116#authorImage","url":"https:\/\/secure.gravatar.com\/avatar\/6873d270747c7f511ab0e491b4ef59ff185c68a5912118c90f83cdcd498e434b?s=96&d=mm&r=g","width":96,"height":96,"caption":"Poder M\u00e9xico"}},{"@type":"WebPage","@id":"https:\/\/www.podermexico.mx\/?p=5116#webpage","url":"https:\/\/www.podermexico.mx\/?p=5116","name":"Nestl\u00e9 refuerza su compromiso con programa \u201cHecho en M\u00e9xico\u201d - Poder M\u00e9xico","description":"Nestl\u00e9 se suma al programa \"Hecho en M\u00e9xico\", integrando m\u00e1s de 200 productos y reforzando su compromiso con productores y el desarrollo econ\u00f3mico nacional","inLanguage":"es-MX","isPartOf":{"@id":"https:\/\/www.podermexico.mx\/#website"},"breadcrumb":{"@id":"https:\/\/www.podermexico.mx\/?p=5116#breadcrumblist"},"author":{"@id":"https:\/\/www.podermexico.mx\/?author=7#author"},"creator":{"@id":"https:\/\/www.podermexico.mx\/?author=7#author"},"image":{"@type":"ImageObject","url":"https:\/\/www.podermexico.mx\/wp-content\/uploads\/2025\/05\/nestle-hecho-en-mexico.jpg","@id":"https:\/\/www.podermexico.mx\/?p=5116\/#mainImage","width":800,"height":497,"caption":"OCOTL\u00c1N, JALISCO. 06 OCTUBRE 2016.-Enrique Pe\u00f1a Nieto, presidente de M\u00e9xico, Jorge Arist\u00f3teles Sandoval D\u00edaz, gobernador de Jalisco, directivos nacionales e internacionales de Nestl\u00e9, as\u00ed como autoridades federales y estatales encabezaron la inauguraci\u00f3n de la nueva fabrica de nutrici\u00f3n infantil \u201cNantli\u201d de Nestl\u00e9 en municipio ya mencionado de la regi\u00f3n Ci\u00e9nega. FOTO : FERNANDO CARRANZA GARCIA \/ MILENIO DIARIO."},"primaryImageOfPage":{"@id":"https:\/\/www.podermexico.mx\/?p=5116#mainImage"},"datePublished":"2025-05-30T15:30:00-06:00","dateModified":"2025-05-30T05:40:52-06:00"},{"@type":"WebSite","@id":"https:\/\/www.podermexico.mx\/#website","url":"https:\/\/www.podermexico.mx\/","name":"Poder M\u00e9xico","description":"Donde los l\u00edderes definen el futuro, exploramos tendencias y desciframos el mundo de la pol\u00edtica y los negocios","inLanguage":"es-MX","publisher":{"@id":"https:\/\/www.podermexico.mx\/#organization"}}]},"og:locale":"es_MX","og:site_name":"Poder M\u00e9xico - Donde los l\u00edderes definen el futuro, exploramos tendencias y desciframos el mundo de la pol\u00edtica y los negocios","og:type":"article","og:title":"Nestl\u00e9 refuerza su compromiso con programa \u201cHecho en M\u00e9xico\u201d - Poder M\u00e9xico","og:description":"Nestl\u00e9 se suma al programa &quot;Hecho en M\u00e9xico&quot;, integrando m\u00e1s de 200 productos y reforzando su compromiso con productores y el desarrollo econ\u00f3mico nacional","og:url":"https:\/\/www.podermexico.mx\/?p=5116","article:published_time":"2025-05-30T15:30:00+00:00","article:modified_time":"2025-05-30T05:40:52+00:00","twitter:card":"summary_large_image","twitter:title":"Nestl\u00e9 refuerza su compromiso con programa \u201cHecho en M\u00e9xico\u201d - Poder M\u00e9xico","twitter:description":"Nestl\u00e9 se suma al programa &quot;Hecho en M\u00e9xico&quot;, integrando m\u00e1s de 200 productos y reforzando su compromiso con productores y el desarrollo econ\u00f3mico nacional"},"aioseo_meta_data":{"post_id":"5116","title":null,"description":"Nestl\u00e9 se suma al programa \"Hecho en M\u00e9xico\", integrando m\u00e1s de 200 productos y reforzando su compromiso con productores y el desarrollo econ\u00f3mico nacional","keywords":null,"keyphrases":{"focus":{"keyphrase":"Inversi\u00f3n Nestl\u00e9 M\u00e9xico","score":32,"analysis":{"keyphraseInTitle":{"score":3,"maxScore":9,"error":1},"keyphraseInDescription":{"score":3,"maxScore":9,"error":1},"keyphraseLength":{"score":6,"maxScore":9,"error":1,"length":5},"keyphraseInURL":{"score":1,"maxScore":5,"error":1},"keyphraseInIntroduction":{"score":3,"maxScore":9,"error":1},"keyphraseInSubHeadings":[],"keyphraseInImageAlt":[],"keywordDensity":{"score":0,"type":"low","maxScore":9,"error":1}}},"additional":[]},"primary_term":null,"canonical_url":null,"og_title":null,"og_description":null,"og_object_type":"default","og_image_type":"default","og_image_url":null,"og_image_width":null,"og_image_height":null,"og_image_custom_url":null,"og_image_custom_fields":null,"og_video":"","og_custom_url":null,"og_article_section":null,"og_article_tags":null,"twitter_use_og":false,"twitter_card":"default","twitter_image_type":"default","twitter_image_url":null,"twitter_image_custom_url":null,"twitter_image_custom_fields":null,"twitter_title":null,"twitter_description":null,"schema":{"blockGraphs":[],"customGraphs":[],"default":{"data":{"Article":[],"Course":[],"Dataset":[],"FAQPage":[],"Movie":[],"Person":[],"Product":[],"ProductReview":[],"Car":[],"Recipe":[],"Service":[],"SoftwareApplication":[],"WebPage":[]},"graphName":"BlogPosting","isEnabled":true},"graphs":[]},"schema_type":"default","schema_type_options":null,"pillar_content":false,"robots_default":true,"robots_noindex":false,"robots_noarchive":false,"robots_nosnippet":false,"robots_nofollow":false,"robots_noimageindex":false,"robots_noodp":false,"robots_notranslate":false,"robots_max_snippet":"-1","robots_max_videopreview":"-1","robots_max_imagepreview":"large","priority":null,"frequency":"default","local_seo":null,"breadcrumb_settings":null,"limit_modified_date":false,"ai":null,"created":"2025-05-30 05:40:52","updated":"2025-07-13 06:35:07","seo_analyzer_scan_date":null,"focus_keyword":"Inversi\u00f3n Nestl\u00e9 M\u00e9xico","additional_keywords":null,"truseo_locale":null},"aioseo_breadcrumb":"<div class=\"aioseo-breadcrumbs\"><span class=\"aioseo-breadcrumb\">\n\t\t\t<a href=\"https:\/\/www.podermexico.mx\" title=\"Home\">Home<\/a>\n\t\t<\/span><span class=\"aioseo-breadcrumb-separator\">&raquo;<\/span><span class=\"aioseo-breadcrumb\">\n\t\t\t<a href=\"https:\/\/www.podermexico.mx\/?cat=60\" title=\"Empresas y Negocios\">Empresas y Negocios<\/a>\n\t\t<\/span><span class=\"aioseo-breadcrumb-separator\">&raquo;<\/span><span class=\"aioseo-breadcrumb\">\n\t\t\tNestl\u00e9 refuerza su compromiso con programa \u201cHecho en M\u00e9xico\u201d\n\t\t<\/span><\/div>","aioseo_breadcrumb_json":[{"label":"Home","link":"https:\/\/www.podermexico.mx"},{"label":"Empresas y Negocios","link":"https:\/\/www.podermexico.mx\/?cat=60"},{"label":"Nestl\u00e9 refuerza su compromiso con programa &#8220;Hecho en M\u00e9xico&#8221;","link":"https:\/\/www.podermexico.mx\/?p=5116"}],"_links":{"self":[{"href":"https:\/\/www.podermexico.mx\/index.php?rest_route=\/wp\/v2\/posts\/5116","targetHints":{"allow":["GET"]}}],"collection":[{"href":"https:\/\/www.podermexico.mx\/index.php?rest_route=\/wp\/v2\/posts"}],"about":[{"href":"https:\/\/www.podermexico.mx\/index.php?rest_route=\/wp\/v2\/types\/post"}],"author":[{"embeddable":true,"href":"https:\/\/www.podermexico.mx\/index.php?rest_route=\/wp\/v2\/users\/7"}],"replies":[{"embeddable":true,"href":"https:\/\/www.podermexico.mx\/index.php?rest_route=%2Fwp%2Fv2%2Fcomments&post=5116"}],"version-history":[{"count":1,"href":"https:\/\/www.podermexico.mx\/index.php?rest_route=\/wp\/v2\/posts\/5116\/revisions"}],"predecessor-version":[{"id":5118,"href":"https:\/\/www.podermexico.mx\/index.php?rest_route=\/wp\/v2\/posts\/5116\/revisions\/5118"}],"wp:featuredmedia":[{"embeddable":true,"href":"https:\/\/www.podermexico.mx\/index.php?rest_route=\/wp\/v2\/media\/5117"}],"wp:attachment":[{"href":"https:\/\/www.podermexico.mx\/index.php?rest_route=%2Fwp%2Fv2%2Fmedia&parent=5116"}],"wp:term":[{"taxonomy":"category","embeddable":true,"href":"https:\/\/www.podermexico.mx\/index.php?rest_route=%2Fwp%2Fv2%2Fcategories&post=5116"},{"taxonomy":"post_tag","embeddable":true,"href":"https:\/\/www.podermexico.mx\/index.php?rest_route=%2Fwp%2Fv2%2Ftags&post=5116"}],"curies":[{"name":"wp","href":"https:\/\/api.w.org\/{rel}","templated":true}]}}