
{"id":5024,"date":"2025-05-21T16:14:10","date_gmt":"2025-05-21T16:14:10","guid":{"rendered":"https:\/\/www.podermexico.mx\/?p=5024"},"modified":"2025-05-21T16:14:11","modified_gmt":"2025-05-21T16:14:11","slug":"ue-busca-reactivar-negociaciones-comerciales-con-eu","status":"publish","type":"post","link":"https:\/\/www.podermexico.mx\/?p=5024","title":{"rendered":"UE busca reactivar negociaciones comerciales con EU"},"content":{"rendered":"\n<p>La <strong>Uni\u00f3n Europea<\/strong> prepara una <strong>propuesta comercial revisada<\/strong> para intentar reactivar las <strong>negociaciones con Estados Unidos<\/strong>, pese al <strong>escepticismo sobre la viabilidad de un acuerdo transatl\u00e1ntico<\/strong> bajo la administraci\u00f3n de <strong>Donald Trump<\/strong>.<\/p>\n\n\n\n<p>El nuevo documento, que ser\u00e1 enviado a <strong>funcionarios de Washington<\/strong>, incluye <strong>medidas clave<\/strong> como <strong>ajustes en normas laborales y ambientales<\/strong>, fortalecimiento de la <strong>seguridad econ\u00f3mica<\/strong>, y una <strong>reducci\u00f3n gradual de los aranceles<\/strong> en ciertos sectores. Tambi\u00e9n contempla <strong>inversiones mutuas en energ\u00eda, inteligencia artificial y conectividad digital<\/strong>, seg\u00fan fuentes con conocimiento del proceso.<\/p>\n\n\n\n<p>Mientras la <strong>Comisi\u00f3n Europea<\/strong> busca avanzar hacia un <strong>acuerdo equilibrado y beneficioso para ambas partes<\/strong>, funcionarios europeos contin\u00faan siendo <strong>cautos<\/strong> ante la postura de EU. <strong>&#8220;La prosperidad de ambos lados del Atl\u00e1ntico est\u00e1 profundamente interrelacionada&#8221;<\/strong>, han reiterado a sus contrapartes.<\/p>\n\n\n\n<p>En caso de que las negociaciones no lleguen a un resultado satisfactorio, la <strong>UE ya trabaja en la preparaci\u00f3n de contramedidas<\/strong>, en un intento por <strong>proteger su econom\u00eda y relaciones comerciales<\/strong> frente a un escenario incierto.<\/p>\n\n\n\n<p>La evoluci\u00f3n de las conversaciones podr\u00eda <strong>definir la relaci\u00f3n econ\u00f3mica entre Europa y Estados Unidos<\/strong> en los pr\u00f3ximos a\u00f1os, mientras se ajustan estrategias para <strong>mantener estabilidad en el comercio internacional<\/strong>.<\/p>\n","protected":false},"excerpt":{"rendered":"<p>La Uni\u00f3n Europea prepara una propuesta comercial revisada para intentar reactivar las negociaciones con Estados Unidos, pese al escepticismo sobre la viabilidad de un acuerdo transatl\u00e1ntico bajo la administraci\u00f3n de Donald Trump. El nuevo documento, que ser\u00e1 enviado a funcionarios de Washington, incluye medidas clave como ajustes en normas laborales y ambientales, fortalecimiento de la seguridad econ\u00f3mica, y una reducci\u00f3n &hellip;<\/p>\n","protected":false},"author":7,"featured_media":5025,"comment_status":"open","ping_status":"open","sticky":false,"template":"","format":"standard","meta":{"footnotes":""},"categories":[57],"tags":[85,638],"class_list":["post-5024","post","type-post","status-publish","format-standard","has-post-thumbnail","hentry","category-geopolitica","tag-estados-unidos","tag-union-europea"],"aioseo_notices":[],"_links":{"self":[{"href":"https:\/\/www.podermexico.mx\/index.php?rest_route=\/wp\/v2\/posts\/5024","targetHints":{"allow":["GET"]}}],"collection":[{"href":"https:\/\/www.podermexico.mx\/index.php?rest_route=\/wp\/v2\/posts"}],"about":[{"href":"https:\/\/www.podermexico.mx\/index.php?rest_route=\/wp\/v2\/types\/post"}],"author":[{"embeddable":true,"href":"https:\/\/www.podermexico.mx\/index.php?rest_route=\/wp\/v2\/users\/7"}],"replies":[{"embeddable":true,"href":"https:\/\/www.podermexico.mx\/index.php?rest_route=%2Fwp%2Fv2%2Fcomments&post=5024"}],"version-history":[{"count":1,"href":"https:\/\/www.podermexico.mx\/index.php?rest_route=\/wp\/v2\/posts\/5024\/revisions"}],"predecessor-version":[{"id":5026,"href":"https:\/\/www.podermexico.mx\/index.php?rest_route=\/wp\/v2\/posts\/5024\/revisions\/5026"}],"wp:featuredmedia":[{"embeddable":true,"href":"https:\/\/www.podermexico.mx\/index.php?rest_route=\/wp\/v2\/media\/5025"}],"wp:attachment":[{"href":"https:\/\/www.podermexico.mx\/index.php?rest_route=%2Fwp%2Fv2%2Fmedia&parent=5024"}],"wp:term":[{"taxonomy":"category","embeddable":true,"href":"https:\/\/www.podermexico.mx\/index.php?rest_route=%2Fwp%2Fv2%2Fcategories&post=5024"},{"taxonomy":"post_tag","embeddable":true,"href":"https:\/\/www.podermexico.mx\/index.php?rest_route=%2Fwp%2Fv2%2Ftags&post=5024"}],"curies":[{"name":"wp","href":"https:\/\/api.w.org\/{rel}","templated":true}]}}