
{"id":4988,"date":"2025-05-17T13:15:00","date_gmt":"2025-05-17T13:15:00","guid":{"rendered":"https:\/\/www.podermexico.mx\/?p=4988"},"modified":"2025-05-17T08:33:09","modified_gmt":"2025-05-17T08:33:09","slug":"aseguran-la-recuperacion-de-21-cuerpos-en-pasta-de-conchos","status":"publish","type":"post","link":"https:\/\/www.podermexico.mx\/?p=4988","title":{"rendered":"Aseguran la recuperaci\u00f3n de 21 cuerpos en Pasta de Conchos"},"content":{"rendered":"\n<p class=\"wp-block-paragraph\">La <strong>presidenta Claudia Sheinbaum<\/strong> inform\u00f3 sobre los avances en la recuperaci\u00f3n de los restos de los <strong>mineros atrapados en la mina Pasta de Conchos, Coahuila<\/strong>, tras el derrumbe ocurrido el <strong>19 de febrero de 2006<\/strong>. Hasta la fecha, se han recuperado <strong>21 cuerpos<\/strong> de los <strong>65 trabajadores<\/strong> que quedaron sepultados, de los cuales <strong>13 han sido identificados y entregados a sus familias<\/strong>.<\/p>\n\n\n\n<p class=\"wp-block-paragraph\">En un encuentro con los <strong>familiares de las v\u00edctimas<\/strong>, Sheinbaum reiter\u00f3 el compromiso de su administraci\u00f3n para concluir el rescate. <strong>\u201cNo nos vamos a ir de aqu\u00ed hasta que encontremos a los 63 mineros. Eso t\u00e9nganlo por seguro. Mientras yo sea presidenta, aqu\u00ed vamos a estar\u201d<\/strong>, asegur\u00f3.<\/p>\n\n\n\n<p class=\"wp-block-paragraph\">El <strong>secretario del Trabajo y Previsi\u00f3n Social, Marath Bola\u00f1os<\/strong>, detall\u00f3 que los trabajos han avanzado en un <strong>38.5 % en diversas galer\u00edas de la mina<\/strong>, lo que ha permitido la recuperaci\u00f3n del <strong>33 % de los restos faltantes<\/strong>. <strong>\u201cRecientemente, se logr\u00f3 el rescate de restos que, seg\u00fan el an\u00e1lisis preliminar, corresponden al menos a siete mineros m\u00e1s\u201d<\/strong>, explic\u00f3.<\/p>\n\n\n\n<p class=\"wp-block-paragraph\">El rescate, que fue retomado en <strong>2024<\/strong>, ha estado marcado por el compromiso del gobierno federal para garantizar la <strong>identificaci\u00f3n digna<\/strong> de los trabajadores fallecidos. En <strong>septiembre de 2024<\/strong>, Sheinbaum y el entonces presidente <strong>Andr\u00e9s Manuel L\u00f3pez Obrador<\/strong> firmaron un acuerdo para asegurar la <strong>continuidad de los trabajos en Pasta de Conchos y El Pinabete<\/strong>, en <strong>Coahuila<\/strong>.<\/p>\n\n\n\n<p class=\"wp-block-paragraph\">El derrumbe gener\u00f3 una <strong>controversia nacional<\/strong> sobre la <strong>seguridad en las minas de carb\u00f3n<\/strong>, pues desde 2006 se han reportado m\u00e1s de <strong>100 fallecimientos<\/strong> en el sector, seg\u00fan la organizaci\u00f3n <strong>Familia Pasta de Conchos<\/strong>, que agrupa a los familiares de los mineros fallecidos.<\/p>\n\n\n\n<p class=\"wp-block-paragraph\"><\/p>\n","protected":false},"excerpt":{"rendered":"<p>La presidenta Claudia Sheinbaum inform\u00f3 sobre los avances en la recuperaci\u00f3n de los restos de los mineros atrapados en la mina Pasta de Conchos, Coahuila, tras el derrumbe ocurrido el 19 de febrero de 2006. Hasta la fecha, se han recuperado 21 cuerpos de los 65 trabajadores que quedaron sepultados, de los cuales 13 han sido identificados y entregados a &hellip;<\/p>\n","protected":false},"author":7,"featured_media":4989,"comment_status":"open","ping_status":"open","sticky":false,"template":"","format":"standard","meta":{"footnotes":""},"categories":[56],"tags":[132,1632],"class_list":["post-4988","post","type-post","status-publish","format-standard","has-post-thumbnail","hentry","category-gobierno","tag-claudia-sheinbaum","tag-mina-pasta-de-conchos"],"aioseo_notices":[],"aioseo_head":"\n\t\t<!-- All in One SEO 5.0.0.1 - aioseo.com -->\n\t<meta name=\"description\" content=\"El gobierno avanza en la recuperaci\u00f3n de los restos de mineros atrapados en Pasta de Conchos, con 21 cuerpos rescatados y 13 identificados hasta ahora\" \/>\n\t<meta name=\"robots\" content=\"max-image-preview:large\" \/>\n\t<meta name=\"author\" content=\"Poder M\u00e9xico\"\/>\n\t<link rel=\"canonical\" href=\"https:\/\/www.podermexico.mx\/?p=4988\" \/>\n\t<meta name=\"generator\" content=\"All in One SEO (AIOSEO) 5.0.0.1\" \/>\n\t\t<meta property=\"og:locale\" content=\"es_MX\" \/>\n\t\t<meta property=\"og:site_name\" content=\"Poder M\u00e9xico - Donde los l\u00edderes definen el futuro, exploramos tendencias y desciframos el mundo de la pol\u00edtica y los negocios\" \/>\n\t\t<meta property=\"og:type\" content=\"article\" \/>\n\t\t<meta property=\"og:title\" content=\"Aseguran la recuperaci\u00f3n de 21 cuerpos en Pasta de Conchos - Poder M\u00e9xico\" \/>\n\t\t<meta property=\"og:description\" content=\"El gobierno avanza en la recuperaci\u00f3n de los restos de mineros atrapados en Pasta de Conchos, con 21 cuerpos rescatados y 13 identificados hasta ahora\" \/>\n\t\t<meta property=\"og:url\" content=\"https:\/\/www.podermexico.mx\/?p=4988\" \/>\n\t\t<meta property=\"article:published_time\" content=\"2025-05-17T13:15:00+00:00\" \/>\n\t\t<meta property=\"article:modified_time\" content=\"2025-05-17T08:33:09+00:00\" \/>\n\t\t<meta name=\"twitter:card\" content=\"summary_large_image\" \/>\n\t\t<meta name=\"twitter:title\" content=\"Aseguran la recuperaci\u00f3n de 21 cuerpos en Pasta de Conchos - Poder M\u00e9xico\" \/>\n\t\t<meta name=\"twitter:description\" content=\"El gobierno avanza en la recuperaci\u00f3n de los restos de mineros atrapados en Pasta de Conchos, con 21 cuerpos rescatados y 13 identificados hasta ahora\" \/>\n\t\t<script type=\"application\/ld+json\" class=\"aioseo-schema\">\n\t\t\t{\"@context\":\"https:\\\/\\\/schema.org\",\"@graph\":[{\"@type\":\"BlogPosting\",\"@id\":\"https:\\\/\\\/www.podermexico.mx\\\/?p=4988#blogposting\",\"name\":\"Aseguran la recuperaci\\u00f3n de 21 cuerpos en Pasta de Conchos - Poder M\\u00e9xico\",\"headline\":\"Aseguran la recuperaci\\u00f3n de 21 cuerpos en Pasta de Conchos\",\"author\":{\"@id\":\"https:\\\/\\\/www.podermexico.mx\\\/?author=7#author\"},\"publisher\":{\"@id\":\"https:\\\/\\\/www.podermexico.mx\\\/#organization\"},\"image\":{\"@type\":\"ImageObject\",\"url\":\"https:\\\/\\\/www.podermexico.mx\\\/wp-content\\\/uploads\\\/2025\\\/05\\\/2025-05-16_Encuentro_con_familiares_de_mineros_de_Pasta_de_Conchos_04_JCB.jpg\",\"width\":1500,\"height\":1000,\"caption\":\"San Juan de Sabinas, Coahuila, M\\u00e9xico, 16 de mayo de 2025. \\nLa doctora Claudia Sheinbaum Pardo, presidenta Constitucional de los Estados Unidos Mexicanos realiza encuentro con familiares de mineros de Pasta de Conchos. San Juan de Sabinas, Coahuila. \\nFoto: Presidencia\"},\"datePublished\":\"2025-05-17T13:15:00-06:00\",\"dateModified\":\"2025-05-17T08:33:09-06:00\",\"inLanguage\":\"es-MX\",\"mainEntityOfPage\":{\"@id\":\"https:\\\/\\\/www.podermexico.mx\\\/?p=4988#webpage\"},\"isPartOf\":{\"@id\":\"https:\\\/\\\/www.podermexico.mx\\\/?p=4988#webpage\"},\"articleSection\":\"Gobierno, Claudia Sheinbaum, mina Pasta de Conchos\"},{\"@type\":\"BreadcrumbList\",\"@id\":\"https:\\\/\\\/www.podermexico.mx\\\/?p=4988#breadcrumblist\",\"itemListElement\":[{\"@type\":\"ListItem\",\"@id\":\"https:\\\/\\\/www.podermexico.mx#listItem\",\"position\":1,\"name\":\"Home\",\"item\":\"https:\\\/\\\/www.podermexico.mx\",\"nextItem\":{\"@type\":\"ListItem\",\"@id\":\"https:\\\/\\\/www.podermexico.mx\\\/?cat=56#listItem\",\"name\":\"Gobierno\"}},{\"@type\":\"ListItem\",\"@id\":\"https:\\\/\\\/www.podermexico.mx\\\/?cat=56#listItem\",\"position\":2,\"name\":\"Gobierno\",\"item\":\"https:\\\/\\\/www.podermexico.mx\\\/?cat=56\",\"nextItem\":{\"@type\":\"ListItem\",\"@id\":\"https:\\\/\\\/www.podermexico.mx\\\/?p=4988#listItem\",\"name\":\"Aseguran la recuperaci\\u00f3n de 21 cuerpos en Pasta de Conchos\"},\"previousItem\":{\"@type\":\"ListItem\",\"@id\":\"https:\\\/\\\/www.podermexico.mx#listItem\",\"name\":\"Home\"}},{\"@type\":\"ListItem\",\"@id\":\"https:\\\/\\\/www.podermexico.mx\\\/?p=4988#listItem\",\"position\":3,\"name\":\"Aseguran la recuperaci\\u00f3n de 21 cuerpos en Pasta de Conchos\",\"previousItem\":{\"@type\":\"ListItem\",\"@id\":\"https:\\\/\\\/www.podermexico.mx\\\/?cat=56#listItem\",\"name\":\"Gobierno\"}}]},{\"@type\":\"Organization\",\"@id\":\"https:\\\/\\\/www.podermexico.mx\\\/#organization\",\"name\":\"Poder M\\u00e9xico\",\"description\":\"Donde los l\\u00edderes definen el futuro, exploramos tendencias y desciframos el mundo de la pol\\u00edtica y los negocios\",\"url\":\"https:\\\/\\\/www.podermexico.mx\\\/\"},{\"@type\":\"Person\",\"@id\":\"https:\\\/\\\/www.podermexico.mx\\\/?author=7#author\",\"url\":\"https:\\\/\\\/www.podermexico.mx\\\/?author=7\",\"name\":\"Poder M\\u00e9xico\",\"image\":{\"@type\":\"ImageObject\",\"@id\":\"https:\\\/\\\/www.podermexico.mx\\\/?p=4988#authorImage\",\"url\":\"https:\\\/\\\/secure.gravatar.com\\\/avatar\\\/6873d270747c7f511ab0e491b4ef59ff185c68a5912118c90f83cdcd498e434b?s=96&d=mm&r=g\",\"width\":96,\"height\":96,\"caption\":\"Poder M\\u00e9xico\"}},{\"@type\":\"WebPage\",\"@id\":\"https:\\\/\\\/www.podermexico.mx\\\/?p=4988#webpage\",\"url\":\"https:\\\/\\\/www.podermexico.mx\\\/?p=4988\",\"name\":\"Aseguran la recuperaci\\u00f3n de 21 cuerpos en Pasta de Conchos - Poder M\\u00e9xico\",\"description\":\"El gobierno avanza en la recuperaci\\u00f3n de los restos de mineros atrapados en Pasta de Conchos, con 21 cuerpos rescatados y 13 identificados hasta ahora\",\"inLanguage\":\"es-MX\",\"isPartOf\":{\"@id\":\"https:\\\/\\\/www.podermexico.mx\\\/#website\"},\"breadcrumb\":{\"@id\":\"https:\\\/\\\/www.podermexico.mx\\\/?p=4988#breadcrumblist\"},\"author\":{\"@id\":\"https:\\\/\\\/www.podermexico.mx\\\/?author=7#author\"},\"creator\":{\"@id\":\"https:\\\/\\\/www.podermexico.mx\\\/?author=7#author\"},\"image\":{\"@type\":\"ImageObject\",\"url\":\"https:\\\/\\\/www.podermexico.mx\\\/wp-content\\\/uploads\\\/2025\\\/05\\\/2025-05-16_Encuentro_con_familiares_de_mineros_de_Pasta_de_Conchos_04_JCB.jpg\",\"@id\":\"https:\\\/\\\/www.podermexico.mx\\\/?p=4988\\\/#mainImage\",\"width\":1500,\"height\":1000,\"caption\":\"San Juan de Sabinas, Coahuila, M\\u00e9xico, 16 de mayo de 2025. \\nLa doctora Claudia Sheinbaum Pardo, presidenta Constitucional de los Estados Unidos Mexicanos realiza encuentro con familiares de mineros de Pasta de Conchos. San Juan de Sabinas, Coahuila. \\nFoto: Presidencia\"},\"primaryImageOfPage\":{\"@id\":\"https:\\\/\\\/www.podermexico.mx\\\/?p=4988#mainImage\"},\"datePublished\":\"2025-05-17T13:15:00-06:00\",\"dateModified\":\"2025-05-17T08:33:09-06:00\"},{\"@type\":\"WebSite\",\"@id\":\"https:\\\/\\\/www.podermexico.mx\\\/#website\",\"url\":\"https:\\\/\\\/www.podermexico.mx\\\/\",\"name\":\"Poder M\\u00e9xico\",\"description\":\"Donde los l\\u00edderes definen el futuro, exploramos tendencias y desciframos el mundo de la pol\\u00edtica y los negocios\",\"inLanguage\":\"es-MX\",\"publisher\":{\"@id\":\"https:\\\/\\\/www.podermexico.mx\\\/#organization\"}}]}\n\t\t<\/script>\n\t\t<!-- All in One SEO -->\n\n","aioseo_head_json":{"title":"Aseguran la recuperaci\u00f3n de 21 cuerpos en Pasta de Conchos - Poder M\u00e9xico","description":"El gobierno avanza en la recuperaci\u00f3n de los restos de mineros atrapados en Pasta de Conchos, con 21 cuerpos rescatados y 13 identificados hasta ahora","canonical_url":"https:\/\/www.podermexico.mx\/?p=4988","robots":"max-image-preview:large","keywords":"","webmasterTools":{"miscellaneous":""},"schema":{"@context":"https:\/\/schema.org","@graph":[{"@type":"BlogPosting","@id":"https:\/\/www.podermexico.mx\/?p=4988#blogposting","name":"Aseguran la recuperaci\u00f3n de 21 cuerpos en Pasta de Conchos - Poder M\u00e9xico","headline":"Aseguran la recuperaci\u00f3n de 21 cuerpos en Pasta de Conchos","author":{"@id":"https:\/\/www.podermexico.mx\/?author=7#author"},"publisher":{"@id":"https:\/\/www.podermexico.mx\/#organization"},"image":{"@type":"ImageObject","url":"https:\/\/www.podermexico.mx\/wp-content\/uploads\/2025\/05\/2025-05-16_Encuentro_con_familiares_de_mineros_de_Pasta_de_Conchos_04_JCB.jpg","width":1500,"height":1000,"caption":"San Juan de Sabinas, Coahuila, M\u00e9xico, 16 de mayo de 2025. \nLa doctora Claudia Sheinbaum Pardo, presidenta Constitucional de los Estados Unidos Mexicanos realiza encuentro con familiares de mineros de Pasta de Conchos. San Juan de Sabinas, Coahuila. \nFoto: Presidencia"},"datePublished":"2025-05-17T13:15:00-06:00","dateModified":"2025-05-17T08:33:09-06:00","inLanguage":"es-MX","mainEntityOfPage":{"@id":"https:\/\/www.podermexico.mx\/?p=4988#webpage"},"isPartOf":{"@id":"https:\/\/www.podermexico.mx\/?p=4988#webpage"},"articleSection":"Gobierno, Claudia Sheinbaum, mina Pasta de Conchos"},{"@type":"BreadcrumbList","@id":"https:\/\/www.podermexico.mx\/?p=4988#breadcrumblist","itemListElement":[{"@type":"ListItem","@id":"https:\/\/www.podermexico.mx#listItem","position":1,"name":"Home","item":"https:\/\/www.podermexico.mx","nextItem":{"@type":"ListItem","@id":"https:\/\/www.podermexico.mx\/?cat=56#listItem","name":"Gobierno"}},{"@type":"ListItem","@id":"https:\/\/www.podermexico.mx\/?cat=56#listItem","position":2,"name":"Gobierno","item":"https:\/\/www.podermexico.mx\/?cat=56","nextItem":{"@type":"ListItem","@id":"https:\/\/www.podermexico.mx\/?p=4988#listItem","name":"Aseguran la recuperaci\u00f3n de 21 cuerpos en Pasta de Conchos"},"previousItem":{"@type":"ListItem","@id":"https:\/\/www.podermexico.mx#listItem","name":"Home"}},{"@type":"ListItem","@id":"https:\/\/www.podermexico.mx\/?p=4988#listItem","position":3,"name":"Aseguran la recuperaci\u00f3n de 21 cuerpos en Pasta de Conchos","previousItem":{"@type":"ListItem","@id":"https:\/\/www.podermexico.mx\/?cat=56#listItem","name":"Gobierno"}}]},{"@type":"Organization","@id":"https:\/\/www.podermexico.mx\/#organization","name":"Poder M\u00e9xico","description":"Donde los l\u00edderes definen el futuro, exploramos tendencias y desciframos el mundo de la pol\u00edtica y los negocios","url":"https:\/\/www.podermexico.mx\/"},{"@type":"Person","@id":"https:\/\/www.podermexico.mx\/?author=7#author","url":"https:\/\/www.podermexico.mx\/?author=7","name":"Poder M\u00e9xico","image":{"@type":"ImageObject","@id":"https:\/\/www.podermexico.mx\/?p=4988#authorImage","url":"https:\/\/secure.gravatar.com\/avatar\/6873d270747c7f511ab0e491b4ef59ff185c68a5912118c90f83cdcd498e434b?s=96&d=mm&r=g","width":96,"height":96,"caption":"Poder M\u00e9xico"}},{"@type":"WebPage","@id":"https:\/\/www.podermexico.mx\/?p=4988#webpage","url":"https:\/\/www.podermexico.mx\/?p=4988","name":"Aseguran la recuperaci\u00f3n de 21 cuerpos en Pasta de Conchos - Poder M\u00e9xico","description":"El gobierno avanza en la recuperaci\u00f3n de los restos de mineros atrapados en Pasta de Conchos, con 21 cuerpos rescatados y 13 identificados hasta ahora","inLanguage":"es-MX","isPartOf":{"@id":"https:\/\/www.podermexico.mx\/#website"},"breadcrumb":{"@id":"https:\/\/www.podermexico.mx\/?p=4988#breadcrumblist"},"author":{"@id":"https:\/\/www.podermexico.mx\/?author=7#author"},"creator":{"@id":"https:\/\/www.podermexico.mx\/?author=7#author"},"image":{"@type":"ImageObject","url":"https:\/\/www.podermexico.mx\/wp-content\/uploads\/2025\/05\/2025-05-16_Encuentro_con_familiares_de_mineros_de_Pasta_de_Conchos_04_JCB.jpg","@id":"https:\/\/www.podermexico.mx\/?p=4988\/#mainImage","width":1500,"height":1000,"caption":"San Juan de Sabinas, Coahuila, M\u00e9xico, 16 de mayo de 2025. \nLa doctora Claudia Sheinbaum Pardo, presidenta Constitucional de los Estados Unidos Mexicanos realiza encuentro con familiares de mineros de Pasta de Conchos. San Juan de Sabinas, Coahuila. \nFoto: Presidencia"},"primaryImageOfPage":{"@id":"https:\/\/www.podermexico.mx\/?p=4988#mainImage"},"datePublished":"2025-05-17T13:15:00-06:00","dateModified":"2025-05-17T08:33:09-06:00"},{"@type":"WebSite","@id":"https:\/\/www.podermexico.mx\/#website","url":"https:\/\/www.podermexico.mx\/","name":"Poder M\u00e9xico","description":"Donde los l\u00edderes definen el futuro, exploramos tendencias y desciframos el mundo de la pol\u00edtica y los negocios","inLanguage":"es-MX","publisher":{"@id":"https:\/\/www.podermexico.mx\/#organization"}}]},"og:locale":"es_MX","og:site_name":"Poder M\u00e9xico - Donde los l\u00edderes definen el futuro, exploramos tendencias y desciframos el mundo de la pol\u00edtica y los negocios","og:type":"article","og:title":"Aseguran la recuperaci\u00f3n de 21 cuerpos en Pasta de Conchos - Poder M\u00e9xico","og:description":"El gobierno avanza en la recuperaci\u00f3n de los restos de mineros atrapados en Pasta de Conchos, con 21 cuerpos rescatados y 13 identificados hasta ahora","og:url":"https:\/\/www.podermexico.mx\/?p=4988","article:published_time":"2025-05-17T13:15:00+00:00","article:modified_time":"2025-05-17T08:33:09+00:00","twitter:card":"summary_large_image","twitter:title":"Aseguran la recuperaci\u00f3n de 21 cuerpos en Pasta de Conchos - Poder M\u00e9xico","twitter:description":"El gobierno avanza en la recuperaci\u00f3n de los restos de mineros atrapados en Pasta de Conchos, con 21 cuerpos rescatados y 13 identificados hasta ahora"},"aioseo_meta_data":{"post_id":"4988","title":null,"description":"El gobierno avanza en la recuperaci\u00f3n de los restos de mineros atrapados en Pasta de Conchos, con 21 cuerpos rescatados y 13 identificados hasta ahora","keywords":null,"keyphrases":{"focus":{"keyphrase":"Rescate Pasta de Conchos","score":38,"analysis":{"keyphraseInTitle":{"score":3,"maxScore":9,"error":1},"keyphraseInDescription":{"score":3,"maxScore":9,"error":1},"keyphraseLength":{"score":9,"maxScore":9,"error":0,"length":4},"keyphraseInURL":{"score":1,"maxScore":5,"error":1},"keyphraseInIntroduction":{"score":3,"maxScore":9,"error":1},"keyphraseInSubHeadings":[],"keyphraseInImageAlt":[],"keywordDensity":{"score":0,"type":"low","maxScore":9,"error":1}}},"additional":[]},"primary_term":null,"canonical_url":null,"og_title":null,"og_description":null,"og_object_type":"default","og_image_type":"default","og_image_url":null,"og_image_width":null,"og_image_height":null,"og_image_custom_url":null,"og_image_custom_fields":null,"og_video":"","og_custom_url":null,"og_article_section":null,"og_article_tags":null,"twitter_use_og":false,"twitter_card":"default","twitter_image_type":"default","twitter_image_url":null,"twitter_image_custom_url":null,"twitter_image_custom_fields":null,"twitter_title":null,"twitter_description":null,"schema":{"blockGraphs":[],"customGraphs":[],"default":{"data":{"Article":[],"Course":[],"Dataset":[],"FAQPage":[],"Movie":[],"Person":[],"Product":[],"ProductReview":[],"Car":[],"Recipe":[],"Service":[],"SoftwareApplication":[],"WebPage":[]},"graphName":"BlogPosting","isEnabled":true},"graphs":[]},"schema_type":"default","schema_type_options":null,"pillar_content":false,"robots_default":true,"robots_noindex":false,"robots_noarchive":false,"robots_nosnippet":false,"robots_nofollow":false,"robots_noimageindex":false,"robots_noodp":false,"robots_notranslate":false,"robots_max_snippet":"-1","robots_max_videopreview":"-1","robots_max_imagepreview":"large","priority":null,"frequency":"default","local_seo":null,"breadcrumb_settings":null,"limit_modified_date":false,"ai":null,"created":"2025-05-17 08:33:09","updated":"2025-07-13 06:19:02","seo_analyzer_scan_date":null,"focus_keyword":"Rescate Pasta de Conchos","additional_keywords":null,"truseo_locale":null},"aioseo_breadcrumb":"<div class=\"aioseo-breadcrumbs\"><span class=\"aioseo-breadcrumb\">\n\t\t\t<a href=\"https:\/\/www.podermexico.mx\" title=\"Home\">Home<\/a>\n\t\t<\/span><span class=\"aioseo-breadcrumb-separator\">&raquo;<\/span><span class=\"aioseo-breadcrumb\">\n\t\t\t<a href=\"https:\/\/www.podermexico.mx\/?cat=56\" title=\"Gobierno\">Gobierno<\/a>\n\t\t<\/span><span class=\"aioseo-breadcrumb-separator\">&raquo;<\/span><span class=\"aioseo-breadcrumb\">\n\t\t\tAseguran la recuperaci\u00f3n de 21 cuerpos en Pasta de Conchos\n\t\t<\/span><\/div>","aioseo_breadcrumb_json":[{"label":"Home","link":"https:\/\/www.podermexico.mx"},{"label":"Gobierno","link":"https:\/\/www.podermexico.mx\/?cat=56"},{"label":"Aseguran la recuperaci\u00f3n de 21 cuerpos en Pasta de Conchos","link":"https:\/\/www.podermexico.mx\/?p=4988"}],"_links":{"self":[{"href":"https:\/\/www.podermexico.mx\/index.php?rest_route=\/wp\/v2\/posts\/4988","targetHints":{"allow":["GET"]}}],"collection":[{"href":"https:\/\/www.podermexico.mx\/index.php?rest_route=\/wp\/v2\/posts"}],"about":[{"href":"https:\/\/www.podermexico.mx\/index.php?rest_route=\/wp\/v2\/types\/post"}],"author":[{"embeddable":true,"href":"https:\/\/www.podermexico.mx\/index.php?rest_route=\/wp\/v2\/users\/7"}],"replies":[{"embeddable":true,"href":"https:\/\/www.podermexico.mx\/index.php?rest_route=%2Fwp%2Fv2%2Fcomments&post=4988"}],"version-history":[{"count":1,"href":"https:\/\/www.podermexico.mx\/index.php?rest_route=\/wp\/v2\/posts\/4988\/revisions"}],"predecessor-version":[{"id":4990,"href":"https:\/\/www.podermexico.mx\/index.php?rest_route=\/wp\/v2\/posts\/4988\/revisions\/4990"}],"wp:featuredmedia":[{"embeddable":true,"href":"https:\/\/www.podermexico.mx\/index.php?rest_route=\/wp\/v2\/media\/4989"}],"wp:attachment":[{"href":"https:\/\/www.podermexico.mx\/index.php?rest_route=%2Fwp%2Fv2%2Fmedia&parent=4988"}],"wp:term":[{"taxonomy":"category","embeddable":true,"href":"https:\/\/www.podermexico.mx\/index.php?rest_route=%2Fwp%2Fv2%2Fcategories&post=4988"},{"taxonomy":"post_tag","embeddable":true,"href":"https:\/\/www.podermexico.mx\/index.php?rest_route=%2Fwp%2Fv2%2Ftags&post=4988"}],"curies":[{"name":"wp","href":"https:\/\/api.w.org\/{rel}","templated":true}]}}