
{"id":4982,"date":"2025-05-16T16:41:03","date_gmt":"2025-05-16T16:41:03","guid":{"rendered":"https:\/\/www.podermexico.mx\/?p=4982"},"modified":"2025-05-16T16:41:04","modified_gmt":"2025-05-16T16:41:04","slug":"fortalecen-infraestructura-del-puerto-de-manzanillo-con-nuevas-gruas","status":"publish","type":"post","link":"https:\/\/www.podermexico.mx\/?p=4982","title":{"rendered":"Fortalecen infraestructura del Puerto de Manzanillo con nuevas gr\u00faas"},"content":{"rendered":"\n<p class=\"wp-block-paragraph\">El <strong>Puerto de Manzanillo<\/strong> avanza en su <strong>expansi\u00f3n portuaria<\/strong>, con la reciente incorporaci\u00f3n de <strong>dos gr\u00faas p\u00f3rtico STS (Ship-to-Shore) y cuatro gr\u00faas h\u00edbridas RTG<\/strong>, parte del plan de inversi\u00f3n de <strong>CONTECON Manzanillo<\/strong> para mejorar la <strong>capacidad operativa y eficiencia log\u00edstica<\/strong> en el comercio exterior.<\/p>\n\n\n\n<p class=\"wp-block-paragraph\">El <strong>11 de mayo<\/strong>, la terminal recibi\u00f3 las <strong>gr\u00faas STS<\/strong>, consideradas las <strong>m\u00e1s grandes del continente<\/strong>, con una <strong>altura de 60 metros<\/strong>, dise\u00f1adas para operar <strong>buques de hasta 400 metros de eslora<\/strong>. Estos equipos permiten <strong>optimizar las maniobras de carga y descarga<\/strong>, aline\u00e1ndose con la <strong>tendencia global de megabuques<\/strong> en rutas internacionales.<\/p>\n\n\n\n<p class=\"wp-block-paragraph\">Adem\u00e1s de la llegada de nuevas gr\u00faas, <strong>CONTECON Manzanillo<\/strong> avanza en la <strong>construcci\u00f3n de un nuevo muelle<\/strong>, dise\u00f1ado para recibir <strong>embarcaciones de hasta 24,000 TEUs<\/strong> con un <strong>calado de 17 metros<\/strong>, lo que maximizar\u00e1 la capacidad de carga de buques provenientes de <strong>Asia<\/strong>.<\/p>\n\n\n\n<p class=\"wp-block-paragraph\">Desde <strong>2023 hasta 2026<\/strong>, la empresa proyecta una inversi\u00f3n total de <strong>m\u00e1s de 300 millones de d\u00f3lares<\/strong>, enfocada en <strong>infraestructura y tecnolog\u00eda portuaria<\/strong>. En <strong>2024<\/strong>, <strong>CONTECON Manzanillo<\/strong> moviliz\u00f3 <strong>1.5 millones de TEUs<\/strong>, con un crecimiento del <strong>14%<\/strong>, evidenciando el impacto de la <strong>modernizaci\u00f3n portuaria<\/strong>.<\/p>\n\n\n\n<p class=\"wp-block-paragraph\">El <strong>Gobierno de M\u00e9xico<\/strong> ha destacado el <strong>Puerto de Manzanillo<\/strong> como el <strong>principal centro de comercio y log\u00edstica del pa\u00eds<\/strong>, concentrando cerca del <strong>70% de las importaciones provenientes de Asia<\/strong>. La incorporaci\u00f3n de nueva infraestructura refuerza la capacidad de la terminal para <strong>adaptarse a la transformaci\u00f3n del comercio global<\/strong>, mejorando la conectividad mar\u00edtima y log\u00edstica del pa\u00eds.<\/p>\n","protected":false},"excerpt":{"rendered":"<p>El Puerto de Manzanillo avanza en su expansi\u00f3n portuaria, con la reciente incorporaci\u00f3n de dos gr\u00faas p\u00f3rtico STS (Ship-to-Shore) y cuatro gr\u00faas h\u00edbridas RTG, parte del plan de inversi\u00f3n de CONTECON Manzanillo para mejorar la capacidad operativa y eficiencia log\u00edstica en el comercio exterior. El 11 de mayo, la terminal recibi\u00f3 las gr\u00faas STS, consideradas las m\u00e1s grandes del continente, &hellip;<\/p>\n","protected":false},"author":3,"featured_media":4983,"comment_status":"open","ping_status":"open","sticky":false,"template":"","format":"standard","meta":{"footnotes":""},"categories":[60],"tags":[1630,1629],"class_list":["post-4982","post","type-post","status-publish","format-standard","has-post-thumbnail","hentry","category-empresas","tag-contecon-manzanillo","tag-puerto-de-manzanillo"],"aioseo_notices":[],"aioseo_head":"\n\t\t<!-- All in One SEO 5.0.0.1 - aioseo.com -->\n\t<meta name=\"description\" content=\"CONTECON Manzanillo incorpora nuevas gr\u00faas STS y RTG, reforzando la capacidad operativa y modernizaci\u00f3n del puerto\" \/>\n\t<meta name=\"robots\" content=\"max-image-preview:large\" \/>\n\t<meta name=\"author\" content=\"Indira Bustamante\"\/>\n\t<link rel=\"canonical\" href=\"https:\/\/www.podermexico.mx\/?p=4982\" \/>\n\t<meta name=\"generator\" content=\"All in One SEO (AIOSEO) 5.0.0.1\" \/>\n\t\t<meta property=\"og:locale\" content=\"es_MX\" \/>\n\t\t<meta property=\"og:site_name\" content=\"Poder M\u00e9xico - Donde los l\u00edderes definen el futuro, exploramos tendencias y desciframos el mundo de la pol\u00edtica y los negocios\" \/>\n\t\t<meta property=\"og:type\" content=\"article\" \/>\n\t\t<meta property=\"og:title\" content=\"Fortalecen infraestructura del Puerto de Manzanillo con nuevas gr\u00faas - Poder M\u00e9xico\" \/>\n\t\t<meta property=\"og:description\" content=\"CONTECON Manzanillo incorpora nuevas gr\u00faas STS y RTG, reforzando la capacidad operativa y modernizaci\u00f3n del puerto\" \/>\n\t\t<meta property=\"og:url\" content=\"https:\/\/www.podermexico.mx\/?p=4982\" \/>\n\t\t<meta property=\"article:published_time\" content=\"2025-05-16T16:41:03+00:00\" \/>\n\t\t<meta property=\"article:modified_time\" content=\"2025-05-16T16:41:04+00:00\" \/>\n\t\t<meta name=\"twitter:card\" content=\"summary_large_image\" \/>\n\t\t<meta name=\"twitter:title\" content=\"Fortalecen infraestructura del Puerto de Manzanillo con nuevas gr\u00faas - Poder M\u00e9xico\" \/>\n\t\t<meta name=\"twitter:description\" content=\"CONTECON Manzanillo incorpora nuevas gr\u00faas STS y RTG, reforzando la capacidad operativa y modernizaci\u00f3n del puerto\" \/>\n\t\t<script type=\"application\/ld+json\" class=\"aioseo-schema\">\n\t\t\t{\"@context\":\"https:\\\/\\\/schema.org\",\"@graph\":[{\"@type\":\"BlogPosting\",\"@id\":\"https:\\\/\\\/www.podermexico.mx\\\/?p=4982#blogposting\",\"name\":\"Fortalecen infraestructura del Puerto de Manzanillo con nuevas gr\\u00faas - Poder M\\u00e9xico\",\"headline\":\"Fortalecen infraestructura del Puerto de Manzanillo con nuevas gr\\u00faas\",\"author\":{\"@id\":\"https:\\\/\\\/www.podermexico.mx\\\/?author=3#author\"},\"publisher\":{\"@id\":\"https:\\\/\\\/www.podermexico.mx\\\/#organization\"},\"image\":{\"@type\":\"ImageObject\",\"url\":\"https:\\\/\\\/www.podermexico.mx\\\/wp-content\\\/uploads\\\/2025\\\/05\\\/Manzanillo.jpg\",\"width\":830,\"height\":604},\"datePublished\":\"2025-05-16T16:41:03-06:00\",\"dateModified\":\"2025-05-16T16:41:04-06:00\",\"inLanguage\":\"es-MX\",\"mainEntityOfPage\":{\"@id\":\"https:\\\/\\\/www.podermexico.mx\\\/?p=4982#webpage\"},\"isPartOf\":{\"@id\":\"https:\\\/\\\/www.podermexico.mx\\\/?p=4982#webpage\"},\"articleSection\":\"Empresas y Negocios, CONTECON Manzanillo, Puerto de Manzanillo\"},{\"@type\":\"BreadcrumbList\",\"@id\":\"https:\\\/\\\/www.podermexico.mx\\\/?p=4982#breadcrumblist\",\"itemListElement\":[{\"@type\":\"ListItem\",\"@id\":\"https:\\\/\\\/www.podermexico.mx#listItem\",\"position\":1,\"name\":\"Home\",\"item\":\"https:\\\/\\\/www.podermexico.mx\",\"nextItem\":{\"@type\":\"ListItem\",\"@id\":\"https:\\\/\\\/www.podermexico.mx\\\/?cat=60#listItem\",\"name\":\"Empresas y Negocios\"}},{\"@type\":\"ListItem\",\"@id\":\"https:\\\/\\\/www.podermexico.mx\\\/?cat=60#listItem\",\"position\":2,\"name\":\"Empresas y Negocios\",\"item\":\"https:\\\/\\\/www.podermexico.mx\\\/?cat=60\",\"nextItem\":{\"@type\":\"ListItem\",\"@id\":\"https:\\\/\\\/www.podermexico.mx\\\/?p=4982#listItem\",\"name\":\"Fortalecen infraestructura del Puerto de Manzanillo con nuevas gr\\u00faas\"},\"previousItem\":{\"@type\":\"ListItem\",\"@id\":\"https:\\\/\\\/www.podermexico.mx#listItem\",\"name\":\"Home\"}},{\"@type\":\"ListItem\",\"@id\":\"https:\\\/\\\/www.podermexico.mx\\\/?p=4982#listItem\",\"position\":3,\"name\":\"Fortalecen infraestructura del Puerto de Manzanillo con nuevas gr\\u00faas\",\"previousItem\":{\"@type\":\"ListItem\",\"@id\":\"https:\\\/\\\/www.podermexico.mx\\\/?cat=60#listItem\",\"name\":\"Empresas y Negocios\"}}]},{\"@type\":\"Organization\",\"@id\":\"https:\\\/\\\/www.podermexico.mx\\\/#organization\",\"name\":\"Poder M\\u00e9xico\",\"description\":\"Donde los l\\u00edderes definen el futuro, exploramos tendencias y desciframos el mundo de la pol\\u00edtica y los negocios\",\"url\":\"https:\\\/\\\/www.podermexico.mx\\\/\"},{\"@type\":\"Person\",\"@id\":\"https:\\\/\\\/www.podermexico.mx\\\/?author=3#author\",\"url\":\"https:\\\/\\\/www.podermexico.mx\\\/?author=3\",\"name\":\"Indira Bustamante\",\"image\":{\"@type\":\"ImageObject\",\"@id\":\"https:\\\/\\\/www.podermexico.mx\\\/?p=4982#authorImage\",\"url\":\"https:\\\/\\\/secure.gravatar.com\\\/avatar\\\/a553c208de8403e1a86e0479159fe99c5a791d5689e2764f3bf73e3332b68647?s=96&d=mm&r=g\",\"width\":96,\"height\":96,\"caption\":\"Indira Bustamante\"}},{\"@type\":\"WebPage\",\"@id\":\"https:\\\/\\\/www.podermexico.mx\\\/?p=4982#webpage\",\"url\":\"https:\\\/\\\/www.podermexico.mx\\\/?p=4982\",\"name\":\"Fortalecen infraestructura del Puerto de Manzanillo con nuevas gr\\u00faas - Poder M\\u00e9xico\",\"description\":\"CONTECON Manzanillo incorpora nuevas gr\\u00faas STS y RTG, reforzando la capacidad operativa y modernizaci\\u00f3n del puerto\",\"inLanguage\":\"es-MX\",\"isPartOf\":{\"@id\":\"https:\\\/\\\/www.podermexico.mx\\\/#website\"},\"breadcrumb\":{\"@id\":\"https:\\\/\\\/www.podermexico.mx\\\/?p=4982#breadcrumblist\"},\"author\":{\"@id\":\"https:\\\/\\\/www.podermexico.mx\\\/?author=3#author\"},\"creator\":{\"@id\":\"https:\\\/\\\/www.podermexico.mx\\\/?author=3#author\"},\"image\":{\"@type\":\"ImageObject\",\"url\":\"https:\\\/\\\/www.podermexico.mx\\\/wp-content\\\/uploads\\\/2025\\\/05\\\/Manzanillo.jpg\",\"@id\":\"https:\\\/\\\/www.podermexico.mx\\\/?p=4982\\\/#mainImage\",\"width\":830,\"height\":604},\"primaryImageOfPage\":{\"@id\":\"https:\\\/\\\/www.podermexico.mx\\\/?p=4982#mainImage\"},\"datePublished\":\"2025-05-16T16:41:03-06:00\",\"dateModified\":\"2025-05-16T16:41:04-06:00\"},{\"@type\":\"WebSite\",\"@id\":\"https:\\\/\\\/www.podermexico.mx\\\/#website\",\"url\":\"https:\\\/\\\/www.podermexico.mx\\\/\",\"name\":\"Poder M\\u00e9xico\",\"description\":\"Donde los l\\u00edderes definen el futuro, exploramos tendencias y desciframos el mundo de la pol\\u00edtica y los negocios\",\"inLanguage\":\"es-MX\",\"publisher\":{\"@id\":\"https:\\\/\\\/www.podermexico.mx\\\/#organization\"}}]}\n\t\t<\/script>\n\t\t<!-- All in One SEO -->\n\n","aioseo_head_json":{"title":"Fortalecen infraestructura del Puerto de Manzanillo con nuevas gr\u00faas - Poder M\u00e9xico","description":"CONTECON Manzanillo incorpora nuevas gr\u00faas STS y RTG, reforzando la capacidad operativa y modernizaci\u00f3n del puerto","canonical_url":"https:\/\/www.podermexico.mx\/?p=4982","robots":"max-image-preview:large","keywords":"","webmasterTools":{"miscellaneous":""},"schema":{"@context":"https:\/\/schema.org","@graph":[{"@type":"BlogPosting","@id":"https:\/\/www.podermexico.mx\/?p=4982#blogposting","name":"Fortalecen infraestructura del Puerto de Manzanillo con nuevas gr\u00faas - Poder M\u00e9xico","headline":"Fortalecen infraestructura del Puerto de Manzanillo con nuevas gr\u00faas","author":{"@id":"https:\/\/www.podermexico.mx\/?author=3#author"},"publisher":{"@id":"https:\/\/www.podermexico.mx\/#organization"},"image":{"@type":"ImageObject","url":"https:\/\/www.podermexico.mx\/wp-content\/uploads\/2025\/05\/Manzanillo.jpg","width":830,"height":604},"datePublished":"2025-05-16T16:41:03-06:00","dateModified":"2025-05-16T16:41:04-06:00","inLanguage":"es-MX","mainEntityOfPage":{"@id":"https:\/\/www.podermexico.mx\/?p=4982#webpage"},"isPartOf":{"@id":"https:\/\/www.podermexico.mx\/?p=4982#webpage"},"articleSection":"Empresas y Negocios, CONTECON Manzanillo, Puerto de Manzanillo"},{"@type":"BreadcrumbList","@id":"https:\/\/www.podermexico.mx\/?p=4982#breadcrumblist","itemListElement":[{"@type":"ListItem","@id":"https:\/\/www.podermexico.mx#listItem","position":1,"name":"Home","item":"https:\/\/www.podermexico.mx","nextItem":{"@type":"ListItem","@id":"https:\/\/www.podermexico.mx\/?cat=60#listItem","name":"Empresas y Negocios"}},{"@type":"ListItem","@id":"https:\/\/www.podermexico.mx\/?cat=60#listItem","position":2,"name":"Empresas y Negocios","item":"https:\/\/www.podermexico.mx\/?cat=60","nextItem":{"@type":"ListItem","@id":"https:\/\/www.podermexico.mx\/?p=4982#listItem","name":"Fortalecen infraestructura del Puerto de Manzanillo con nuevas gr\u00faas"},"previousItem":{"@type":"ListItem","@id":"https:\/\/www.podermexico.mx#listItem","name":"Home"}},{"@type":"ListItem","@id":"https:\/\/www.podermexico.mx\/?p=4982#listItem","position":3,"name":"Fortalecen infraestructura del Puerto de Manzanillo con nuevas gr\u00faas","previousItem":{"@type":"ListItem","@id":"https:\/\/www.podermexico.mx\/?cat=60#listItem","name":"Empresas y Negocios"}}]},{"@type":"Organization","@id":"https:\/\/www.podermexico.mx\/#organization","name":"Poder M\u00e9xico","description":"Donde los l\u00edderes definen el futuro, exploramos tendencias y desciframos el mundo de la pol\u00edtica y los negocios","url":"https:\/\/www.podermexico.mx\/"},{"@type":"Person","@id":"https:\/\/www.podermexico.mx\/?author=3#author","url":"https:\/\/www.podermexico.mx\/?author=3","name":"Indira Bustamante","image":{"@type":"ImageObject","@id":"https:\/\/www.podermexico.mx\/?p=4982#authorImage","url":"https:\/\/secure.gravatar.com\/avatar\/a553c208de8403e1a86e0479159fe99c5a791d5689e2764f3bf73e3332b68647?s=96&d=mm&r=g","width":96,"height":96,"caption":"Indira Bustamante"}},{"@type":"WebPage","@id":"https:\/\/www.podermexico.mx\/?p=4982#webpage","url":"https:\/\/www.podermexico.mx\/?p=4982","name":"Fortalecen infraestructura del Puerto de Manzanillo con nuevas gr\u00faas - Poder M\u00e9xico","description":"CONTECON Manzanillo incorpora nuevas gr\u00faas STS y RTG, reforzando la capacidad operativa y modernizaci\u00f3n del puerto","inLanguage":"es-MX","isPartOf":{"@id":"https:\/\/www.podermexico.mx\/#website"},"breadcrumb":{"@id":"https:\/\/www.podermexico.mx\/?p=4982#breadcrumblist"},"author":{"@id":"https:\/\/www.podermexico.mx\/?author=3#author"},"creator":{"@id":"https:\/\/www.podermexico.mx\/?author=3#author"},"image":{"@type":"ImageObject","url":"https:\/\/www.podermexico.mx\/wp-content\/uploads\/2025\/05\/Manzanillo.jpg","@id":"https:\/\/www.podermexico.mx\/?p=4982\/#mainImage","width":830,"height":604},"primaryImageOfPage":{"@id":"https:\/\/www.podermexico.mx\/?p=4982#mainImage"},"datePublished":"2025-05-16T16:41:03-06:00","dateModified":"2025-05-16T16:41:04-06:00"},{"@type":"WebSite","@id":"https:\/\/www.podermexico.mx\/#website","url":"https:\/\/www.podermexico.mx\/","name":"Poder M\u00e9xico","description":"Donde los l\u00edderes definen el futuro, exploramos tendencias y desciframos el mundo de la pol\u00edtica y los negocios","inLanguage":"es-MX","publisher":{"@id":"https:\/\/www.podermexico.mx\/#organization"}}]},"og:locale":"es_MX","og:site_name":"Poder M\u00e9xico - Donde los l\u00edderes definen el futuro, exploramos tendencias y desciframos el mundo de la pol\u00edtica y los negocios","og:type":"article","og:title":"Fortalecen infraestructura del Puerto de Manzanillo con nuevas gr\u00faas - Poder M\u00e9xico","og:description":"CONTECON Manzanillo incorpora nuevas gr\u00faas STS y RTG, reforzando la capacidad operativa y modernizaci\u00f3n del puerto","og:url":"https:\/\/www.podermexico.mx\/?p=4982","article:published_time":"2025-05-16T16:41:03+00:00","article:modified_time":"2025-05-16T16:41:04+00:00","twitter:card":"summary_large_image","twitter:title":"Fortalecen infraestructura del Puerto de Manzanillo con nuevas gr\u00faas - Poder M\u00e9xico","twitter:description":"CONTECON Manzanillo incorpora nuevas gr\u00faas STS y RTG, reforzando la capacidad operativa y modernizaci\u00f3n del puerto"},"aioseo_meta_data":{"post_id":"4982","title":null,"description":"CONTECON Manzanillo incorpora nuevas gr\u00faas STS y RTG, reforzando la capacidad operativa y modernizaci\u00f3n del puerto","keywords":null,"keyphrases":{"focus":{"keyphrase":"Expansi\u00f3n portuaria Manzanillo","score":38,"analysis":{"keyphraseInTitle":{"score":3,"maxScore":9,"error":1},"keyphraseInDescription":{"score":3,"maxScore":9,"error":1},"keyphraseLength":{"score":9,"maxScore":9,"error":0,"length":4},"keyphraseInURL":{"score":1,"maxScore":5,"error":1},"keyphraseInIntroduction":{"score":3,"maxScore":9,"error":1},"keyphraseInSubHeadings":[],"keyphraseInImageAlt":[],"keywordDensity":{"score":0,"type":"low","maxScore":9,"error":1}}},"additional":[]},"primary_term":null,"canonical_url":null,"og_title":null,"og_description":null,"og_object_type":"default","og_image_type":"default","og_image_url":null,"og_image_width":null,"og_image_height":null,"og_image_custom_url":null,"og_image_custom_fields":null,"og_video":"","og_custom_url":null,"og_article_section":null,"og_article_tags":null,"twitter_use_og":false,"twitter_card":"default","twitter_image_type":"default","twitter_image_url":null,"twitter_image_custom_url":null,"twitter_image_custom_fields":null,"twitter_title":null,"twitter_description":null,"schema":{"blockGraphs":[],"customGraphs":[],"default":{"data":{"Article":[],"Course":[],"Dataset":[],"FAQPage":[],"Movie":[],"Person":[],"Product":[],"ProductReview":[],"Car":[],"Recipe":[],"Service":[],"SoftwareApplication":[],"WebPage":[]},"graphName":"BlogPosting","isEnabled":true},"graphs":[]},"schema_type":"default","schema_type_options":null,"pillar_content":false,"robots_default":true,"robots_noindex":false,"robots_noarchive":false,"robots_nosnippet":false,"robots_nofollow":false,"robots_noimageindex":false,"robots_noodp":false,"robots_notranslate":false,"robots_max_snippet":"-1","robots_max_videopreview":"-1","robots_max_imagepreview":"large","priority":null,"frequency":"default","local_seo":null,"breadcrumb_settings":null,"limit_modified_date":false,"ai":null,"created":"2025-05-16 16:41:04","updated":"2025-07-13 06:19:02","seo_analyzer_scan_date":null,"focus_keyword":"Expansi\u00f3n portuaria Manzanillo","additional_keywords":null,"truseo_locale":null},"aioseo_breadcrumb":"<div class=\"aioseo-breadcrumbs\"><span class=\"aioseo-breadcrumb\">\n\t\t\t<a href=\"https:\/\/www.podermexico.mx\" title=\"Home\">Home<\/a>\n\t\t<\/span><span class=\"aioseo-breadcrumb-separator\">&raquo;<\/span><span class=\"aioseo-breadcrumb\">\n\t\t\t<a href=\"https:\/\/www.podermexico.mx\/?cat=60\" title=\"Empresas y Negocios\">Empresas y Negocios<\/a>\n\t\t<\/span><span class=\"aioseo-breadcrumb-separator\">&raquo;<\/span><span class=\"aioseo-breadcrumb\">\n\t\t\tFortalecen infraestructura del Puerto de Manzanillo con nuevas gr\u00faas\n\t\t<\/span><\/div>","aioseo_breadcrumb_json":[{"label":"Home","link":"https:\/\/www.podermexico.mx"},{"label":"Empresas y Negocios","link":"https:\/\/www.podermexico.mx\/?cat=60"},{"label":"Fortalecen infraestructura del Puerto de Manzanillo con nuevas gr\u00faas","link":"https:\/\/www.podermexico.mx\/?p=4982"}],"_links":{"self":[{"href":"https:\/\/www.podermexico.mx\/index.php?rest_route=\/wp\/v2\/posts\/4982","targetHints":{"allow":["GET"]}}],"collection":[{"href":"https:\/\/www.podermexico.mx\/index.php?rest_route=\/wp\/v2\/posts"}],"about":[{"href":"https:\/\/www.podermexico.mx\/index.php?rest_route=\/wp\/v2\/types\/post"}],"author":[{"embeddable":true,"href":"https:\/\/www.podermexico.mx\/index.php?rest_route=\/wp\/v2\/users\/3"}],"replies":[{"embeddable":true,"href":"https:\/\/www.podermexico.mx\/index.php?rest_route=%2Fwp%2Fv2%2Fcomments&post=4982"}],"version-history":[{"count":1,"href":"https:\/\/www.podermexico.mx\/index.php?rest_route=\/wp\/v2\/posts\/4982\/revisions"}],"predecessor-version":[{"id":4984,"href":"https:\/\/www.podermexico.mx\/index.php?rest_route=\/wp\/v2\/posts\/4982\/revisions\/4984"}],"wp:featuredmedia":[{"embeddable":true,"href":"https:\/\/www.podermexico.mx\/index.php?rest_route=\/wp\/v2\/media\/4983"}],"wp:attachment":[{"href":"https:\/\/www.podermexico.mx\/index.php?rest_route=%2Fwp%2Fv2%2Fmedia&parent=4982"}],"wp:term":[{"taxonomy":"category","embeddable":true,"href":"https:\/\/www.podermexico.mx\/index.php?rest_route=%2Fwp%2Fv2%2Fcategories&post=4982"},{"taxonomy":"post_tag","embeddable":true,"href":"https:\/\/www.podermexico.mx\/index.php?rest_route=%2Fwp%2Fv2%2Ftags&post=4982"}],"curies":[{"name":"wp","href":"https:\/\/api.w.org\/{rel}","templated":true}]}}