
{"id":4979,"date":"2025-05-16T16:20:00","date_gmt":"2025-05-16T16:20:00","guid":{"rendered":"https:\/\/www.podermexico.mx\/?p=4979"},"modified":"2025-05-16T04:25:41","modified_gmt":"2025-05-16T04:25:41","slug":"sheinbaum-comparte-llamada-con-primer-ministro-de-canada","status":"publish","type":"post","link":"https:\/\/www.podermexico.mx\/?p=4979","title":{"rendered":"Sheinbaum comparte llamada con primer ministro de Canad\u00e1"},"content":{"rendered":"\n<p class=\"wp-block-paragraph\">La <strong>presidenta de M\u00e9xico, Claudia Sheinbaum<\/strong>, inform\u00f3 a trav\u00e9s de su cuenta en <strong>X<\/strong> que sostuvo una conversaci\u00f3n telef\u00f3nica con el <strong>primer ministro de Canad\u00e1, Mark J. Carney<\/strong>, en la que abordaron <strong>temas clave de la relaci\u00f3n bilateral<\/strong>, incluyendo el fortalecimiento del <strong>T-MEC<\/strong> y la continuidad del <strong>Programa de Trabajadores Agr\u00edcolas Temporales<\/strong>.<\/p>\n\n\n\n<p class=\"wp-block-paragraph\">Durante el di\u00e1logo, <strong>Sheinbaum felicit\u00f3 a Carney por su reciente ratificaci\u00f3n en el cargo<\/strong>, subrayando la importancia de la cooperaci\u00f3n entre ambas naciones para impulsar la <strong>competitividad de Am\u00e9rica del Norte<\/strong>. <strong>\u201cCoincidimos en la importancia del T-MEC para las tres naciones\u201d<\/strong>, expres\u00f3 la mandataria mexicana.<\/p>\n\n\n\n<p class=\"wp-block-paragraph\">El <strong>Programa de Trabajadores Agr\u00edcolas Temporales<\/strong>, que permite la movilidad de <strong>migrantes mexicanos hacia Canad\u00e1<\/strong>, fue otro de los ejes de la conversaci\u00f3n, con el objetivo de <strong>garantizar mejores condiciones laborales y fortalecer la colaboraci\u00f3n en materia migratoria<\/strong>.<\/p>\n","protected":false},"excerpt":{"rendered":"<p>La presidenta de M\u00e9xico, Claudia Sheinbaum, inform\u00f3 a trav\u00e9s de su cuenta en X que sostuvo una conversaci\u00f3n telef\u00f3nica con el primer ministro de Canad\u00e1, Mark J. Carney, en la que abordaron temas clave de la relaci\u00f3n bilateral, incluyendo el fortalecimiento del T-MEC y la continuidad del Programa de Trabajadores Agr\u00edcolas Temporales. Durante el di\u00e1logo, Sheinbaum felicit\u00f3 a Carney por &hellip;<\/p>\n","protected":false},"author":7,"featured_media":4980,"comment_status":"open","ping_status":"open","sticky":false,"template":"","format":"standard","meta":{"footnotes":""},"categories":[56],"tags":[728,132,104],"class_list":["post-4979","post","type-post","status-publish","format-standard","has-post-thumbnail","hentry","category-gobierno","tag-canada","tag-claudia-sheinbaum","tag-mexico"],"aioseo_notices":[],"aioseo_head":"\n\t\t<!-- All in One SEO 5.0.0.1 - aioseo.com -->\n\t<meta name=\"description\" content=\"La presidenta Claudia Sheinbaum y el primer ministro Mark J. Carney reforzaron la cooperaci\u00f3n M\u00e9xico-Canad\u00e1, abordando comercio y movilidad laboral en Am\u00e9rica del Norte\" \/>\n\t<meta name=\"robots\" content=\"max-image-preview:large\" \/>\n\t<meta name=\"author\" content=\"Poder M\u00e9xico\"\/>\n\t<link rel=\"canonical\" href=\"https:\/\/www.podermexico.mx\/?p=4979\" \/>\n\t<meta name=\"generator\" content=\"All in One SEO (AIOSEO) 5.0.0.1\" \/>\n\t\t<meta property=\"og:locale\" content=\"es_MX\" \/>\n\t\t<meta property=\"og:site_name\" content=\"Poder M\u00e9xico - Donde los l\u00edderes definen el futuro, exploramos tendencias y desciframos el mundo de la pol\u00edtica y los negocios\" \/>\n\t\t<meta property=\"og:type\" content=\"article\" \/>\n\t\t<meta property=\"og:title\" content=\"Sheinbaum comparte llamada con primer ministro de Canad\u00e1 - Poder M\u00e9xico\" \/>\n\t\t<meta property=\"og:description\" content=\"La presidenta Claudia Sheinbaum y el primer ministro Mark J. Carney reforzaron la cooperaci\u00f3n M\u00e9xico-Canad\u00e1, abordando comercio y movilidad laboral en Am\u00e9rica del Norte\" \/>\n\t\t<meta property=\"og:url\" content=\"https:\/\/www.podermexico.mx\/?p=4979\" \/>\n\t\t<meta property=\"article:published_time\" content=\"2025-05-16T16:20:00+00:00\" \/>\n\t\t<meta property=\"article:modified_time\" content=\"2025-05-16T04:25:41+00:00\" \/>\n\t\t<meta name=\"twitter:card\" content=\"summary_large_image\" \/>\n\t\t<meta name=\"twitter:title\" content=\"Sheinbaum comparte llamada con primer ministro de Canad\u00e1 - Poder M\u00e9xico\" \/>\n\t\t<meta name=\"twitter:description\" content=\"La presidenta Claudia Sheinbaum y el primer ministro Mark J. Carney reforzaron la cooperaci\u00f3n M\u00e9xico-Canad\u00e1, abordando comercio y movilidad laboral en Am\u00e9rica del Norte\" \/>\n\t\t<script type=\"application\/ld+json\" class=\"aioseo-schema\">\n\t\t\t{\"@context\":\"https:\\\/\\\/schema.org\",\"@graph\":[{\"@type\":\"BlogPosting\",\"@id\":\"https:\\\/\\\/www.podermexico.mx\\\/?p=4979#blogposting\",\"name\":\"Sheinbaum comparte llamada con primer ministro de Canad\\u00e1 - Poder M\\u00e9xico\",\"headline\":\"Sheinbaum comparte llamada con primer ministro de Canad\\u00e1\",\"author\":{\"@id\":\"https:\\\/\\\/www.podermexico.mx\\\/?author=7#author\"},\"publisher\":{\"@id\":\"https:\\\/\\\/www.podermexico.mx\\\/#organization\"},\"image\":{\"@type\":\"ImageObject\",\"url\":\"https:\\\/\\\/www.podermexico.mx\\\/wp-content\\\/uploads\\\/2025\\\/05\\\/2025-05-15_Conferencia_de_prensa_matutina_-_Palacio_Nacional_09_GM.jpg\",\"width\":1500,\"height\":1000,\"caption\":\"Cuauht\\u00e9moc, Ciudad de M\\u00e9xico. 15 de mayo 2025. La presidenta constitucional de los Estados Unidos Mexicanos, la Doctora Claudia Sheinbaum Pardo en conferencia de prensa matutina en el sal\\u00f3n de la Tesorer\\u00eda de Palacio Nacional. Acompa\\u00f1an a la presidenta: Marcelo Ebrard Casub\\u00f3n, secretario de Econom\\u00eda y Noem\\u00ed Ju\\u00e1rez P\\u00e9rez, subsecretaria de Educaci\\u00f3n P\\u00fablica. Foto: Gabriel Monroy\\\/Presidencia\"},\"datePublished\":\"2025-05-16T16:20:00-06:00\",\"dateModified\":\"2025-05-16T04:25:41-06:00\",\"inLanguage\":\"es-MX\",\"mainEntityOfPage\":{\"@id\":\"https:\\\/\\\/www.podermexico.mx\\\/?p=4979#webpage\"},\"isPartOf\":{\"@id\":\"https:\\\/\\\/www.podermexico.mx\\\/?p=4979#webpage\"},\"articleSection\":\"Gobierno, Canad\\u00e1, Claudia Sheinbaum, M\\u00e9xico\"},{\"@type\":\"BreadcrumbList\",\"@id\":\"https:\\\/\\\/www.podermexico.mx\\\/?p=4979#breadcrumblist\",\"itemListElement\":[{\"@type\":\"ListItem\",\"@id\":\"https:\\\/\\\/www.podermexico.mx#listItem\",\"position\":1,\"name\":\"Home\",\"item\":\"https:\\\/\\\/www.podermexico.mx\",\"nextItem\":{\"@type\":\"ListItem\",\"@id\":\"https:\\\/\\\/www.podermexico.mx\\\/?cat=56#listItem\",\"name\":\"Gobierno\"}},{\"@type\":\"ListItem\",\"@id\":\"https:\\\/\\\/www.podermexico.mx\\\/?cat=56#listItem\",\"position\":2,\"name\":\"Gobierno\",\"item\":\"https:\\\/\\\/www.podermexico.mx\\\/?cat=56\",\"nextItem\":{\"@type\":\"ListItem\",\"@id\":\"https:\\\/\\\/www.podermexico.mx\\\/?p=4979#listItem\",\"name\":\"Sheinbaum comparte llamada con primer ministro de Canad\\u00e1\"},\"previousItem\":{\"@type\":\"ListItem\",\"@id\":\"https:\\\/\\\/www.podermexico.mx#listItem\",\"name\":\"Home\"}},{\"@type\":\"ListItem\",\"@id\":\"https:\\\/\\\/www.podermexico.mx\\\/?p=4979#listItem\",\"position\":3,\"name\":\"Sheinbaum comparte llamada con primer ministro de Canad\\u00e1\",\"previousItem\":{\"@type\":\"ListItem\",\"@id\":\"https:\\\/\\\/www.podermexico.mx\\\/?cat=56#listItem\",\"name\":\"Gobierno\"}}]},{\"@type\":\"Organization\",\"@id\":\"https:\\\/\\\/www.podermexico.mx\\\/#organization\",\"name\":\"Poder M\\u00e9xico\",\"description\":\"Donde los l\\u00edderes definen el futuro, exploramos tendencias y desciframos el mundo de la pol\\u00edtica y los negocios\",\"url\":\"https:\\\/\\\/www.podermexico.mx\\\/\"},{\"@type\":\"Person\",\"@id\":\"https:\\\/\\\/www.podermexico.mx\\\/?author=7#author\",\"url\":\"https:\\\/\\\/www.podermexico.mx\\\/?author=7\",\"name\":\"Poder M\\u00e9xico\",\"image\":{\"@type\":\"ImageObject\",\"@id\":\"https:\\\/\\\/www.podermexico.mx\\\/?p=4979#authorImage\",\"url\":\"https:\\\/\\\/secure.gravatar.com\\\/avatar\\\/6873d270747c7f511ab0e491b4ef59ff185c68a5912118c90f83cdcd498e434b?s=96&d=mm&r=g\",\"width\":96,\"height\":96,\"caption\":\"Poder M\\u00e9xico\"}},{\"@type\":\"WebPage\",\"@id\":\"https:\\\/\\\/www.podermexico.mx\\\/?p=4979#webpage\",\"url\":\"https:\\\/\\\/www.podermexico.mx\\\/?p=4979\",\"name\":\"Sheinbaum comparte llamada con primer ministro de Canad\\u00e1 - Poder M\\u00e9xico\",\"description\":\"La presidenta Claudia Sheinbaum y el primer ministro Mark J. Carney reforzaron la cooperaci\\u00f3n M\\u00e9xico-Canad\\u00e1, abordando comercio y movilidad laboral en Am\\u00e9rica del Norte\",\"inLanguage\":\"es-MX\",\"isPartOf\":{\"@id\":\"https:\\\/\\\/www.podermexico.mx\\\/#website\"},\"breadcrumb\":{\"@id\":\"https:\\\/\\\/www.podermexico.mx\\\/?p=4979#breadcrumblist\"},\"author\":{\"@id\":\"https:\\\/\\\/www.podermexico.mx\\\/?author=7#author\"},\"creator\":{\"@id\":\"https:\\\/\\\/www.podermexico.mx\\\/?author=7#author\"},\"image\":{\"@type\":\"ImageObject\",\"url\":\"https:\\\/\\\/www.podermexico.mx\\\/wp-content\\\/uploads\\\/2025\\\/05\\\/2025-05-15_Conferencia_de_prensa_matutina_-_Palacio_Nacional_09_GM.jpg\",\"@id\":\"https:\\\/\\\/www.podermexico.mx\\\/?p=4979\\\/#mainImage\",\"width\":1500,\"height\":1000,\"caption\":\"Cuauht\\u00e9moc, Ciudad de M\\u00e9xico. 15 de mayo 2025. La presidenta constitucional de los Estados Unidos Mexicanos, la Doctora Claudia Sheinbaum Pardo en conferencia de prensa matutina en el sal\\u00f3n de la Tesorer\\u00eda de Palacio Nacional. Acompa\\u00f1an a la presidenta: Marcelo Ebrard Casub\\u00f3n, secretario de Econom\\u00eda y Noem\\u00ed Ju\\u00e1rez P\\u00e9rez, subsecretaria de Educaci\\u00f3n P\\u00fablica. Foto: Gabriel Monroy\\\/Presidencia\"},\"primaryImageOfPage\":{\"@id\":\"https:\\\/\\\/www.podermexico.mx\\\/?p=4979#mainImage\"},\"datePublished\":\"2025-05-16T16:20:00-06:00\",\"dateModified\":\"2025-05-16T04:25:41-06:00\"},{\"@type\":\"WebSite\",\"@id\":\"https:\\\/\\\/www.podermexico.mx\\\/#website\",\"url\":\"https:\\\/\\\/www.podermexico.mx\\\/\",\"name\":\"Poder M\\u00e9xico\",\"description\":\"Donde los l\\u00edderes definen el futuro, exploramos tendencias y desciframos el mundo de la pol\\u00edtica y los negocios\",\"inLanguage\":\"es-MX\",\"publisher\":{\"@id\":\"https:\\\/\\\/www.podermexico.mx\\\/#organization\"}}]}\n\t\t<\/script>\n\t\t<!-- All in One SEO -->\n\n","aioseo_head_json":{"title":"Sheinbaum comparte llamada con primer ministro de Canad\u00e1 - Poder M\u00e9xico","description":"La presidenta Claudia Sheinbaum y el primer ministro Mark J. Carney reforzaron la cooperaci\u00f3n M\u00e9xico-Canad\u00e1, abordando comercio y movilidad laboral en Am\u00e9rica del Norte","canonical_url":"https:\/\/www.podermexico.mx\/?p=4979","robots":"max-image-preview:large","keywords":"","webmasterTools":{"miscellaneous":""},"schema":{"@context":"https:\/\/schema.org","@graph":[{"@type":"BlogPosting","@id":"https:\/\/www.podermexico.mx\/?p=4979#blogposting","name":"Sheinbaum comparte llamada con primer ministro de Canad\u00e1 - Poder M\u00e9xico","headline":"Sheinbaum comparte llamada con primer ministro de Canad\u00e1","author":{"@id":"https:\/\/www.podermexico.mx\/?author=7#author"},"publisher":{"@id":"https:\/\/www.podermexico.mx\/#organization"},"image":{"@type":"ImageObject","url":"https:\/\/www.podermexico.mx\/wp-content\/uploads\/2025\/05\/2025-05-15_Conferencia_de_prensa_matutina_-_Palacio_Nacional_09_GM.jpg","width":1500,"height":1000,"caption":"Cuauht\u00e9moc, Ciudad de M\u00e9xico. 15 de mayo 2025. La presidenta constitucional de los Estados Unidos Mexicanos, la Doctora Claudia Sheinbaum Pardo en conferencia de prensa matutina en el sal\u00f3n de la Tesorer\u00eda de Palacio Nacional. Acompa\u00f1an a la presidenta: Marcelo Ebrard Casub\u00f3n, secretario de Econom\u00eda y Noem\u00ed Ju\u00e1rez P\u00e9rez, subsecretaria de Educaci\u00f3n P\u00fablica. Foto: Gabriel Monroy\/Presidencia"},"datePublished":"2025-05-16T16:20:00-06:00","dateModified":"2025-05-16T04:25:41-06:00","inLanguage":"es-MX","mainEntityOfPage":{"@id":"https:\/\/www.podermexico.mx\/?p=4979#webpage"},"isPartOf":{"@id":"https:\/\/www.podermexico.mx\/?p=4979#webpage"},"articleSection":"Gobierno, Canad\u00e1, Claudia Sheinbaum, M\u00e9xico"},{"@type":"BreadcrumbList","@id":"https:\/\/www.podermexico.mx\/?p=4979#breadcrumblist","itemListElement":[{"@type":"ListItem","@id":"https:\/\/www.podermexico.mx#listItem","position":1,"name":"Home","item":"https:\/\/www.podermexico.mx","nextItem":{"@type":"ListItem","@id":"https:\/\/www.podermexico.mx\/?cat=56#listItem","name":"Gobierno"}},{"@type":"ListItem","@id":"https:\/\/www.podermexico.mx\/?cat=56#listItem","position":2,"name":"Gobierno","item":"https:\/\/www.podermexico.mx\/?cat=56","nextItem":{"@type":"ListItem","@id":"https:\/\/www.podermexico.mx\/?p=4979#listItem","name":"Sheinbaum comparte llamada con primer ministro de Canad\u00e1"},"previousItem":{"@type":"ListItem","@id":"https:\/\/www.podermexico.mx#listItem","name":"Home"}},{"@type":"ListItem","@id":"https:\/\/www.podermexico.mx\/?p=4979#listItem","position":3,"name":"Sheinbaum comparte llamada con primer ministro de Canad\u00e1","previousItem":{"@type":"ListItem","@id":"https:\/\/www.podermexico.mx\/?cat=56#listItem","name":"Gobierno"}}]},{"@type":"Organization","@id":"https:\/\/www.podermexico.mx\/#organization","name":"Poder M\u00e9xico","description":"Donde los l\u00edderes definen el futuro, exploramos tendencias y desciframos el mundo de la pol\u00edtica y los negocios","url":"https:\/\/www.podermexico.mx\/"},{"@type":"Person","@id":"https:\/\/www.podermexico.mx\/?author=7#author","url":"https:\/\/www.podermexico.mx\/?author=7","name":"Poder M\u00e9xico","image":{"@type":"ImageObject","@id":"https:\/\/www.podermexico.mx\/?p=4979#authorImage","url":"https:\/\/secure.gravatar.com\/avatar\/6873d270747c7f511ab0e491b4ef59ff185c68a5912118c90f83cdcd498e434b?s=96&d=mm&r=g","width":96,"height":96,"caption":"Poder M\u00e9xico"}},{"@type":"WebPage","@id":"https:\/\/www.podermexico.mx\/?p=4979#webpage","url":"https:\/\/www.podermexico.mx\/?p=4979","name":"Sheinbaum comparte llamada con primer ministro de Canad\u00e1 - Poder M\u00e9xico","description":"La presidenta Claudia Sheinbaum y el primer ministro Mark J. Carney reforzaron la cooperaci\u00f3n M\u00e9xico-Canad\u00e1, abordando comercio y movilidad laboral en Am\u00e9rica del Norte","inLanguage":"es-MX","isPartOf":{"@id":"https:\/\/www.podermexico.mx\/#website"},"breadcrumb":{"@id":"https:\/\/www.podermexico.mx\/?p=4979#breadcrumblist"},"author":{"@id":"https:\/\/www.podermexico.mx\/?author=7#author"},"creator":{"@id":"https:\/\/www.podermexico.mx\/?author=7#author"},"image":{"@type":"ImageObject","url":"https:\/\/www.podermexico.mx\/wp-content\/uploads\/2025\/05\/2025-05-15_Conferencia_de_prensa_matutina_-_Palacio_Nacional_09_GM.jpg","@id":"https:\/\/www.podermexico.mx\/?p=4979\/#mainImage","width":1500,"height":1000,"caption":"Cuauht\u00e9moc, Ciudad de M\u00e9xico. 15 de mayo 2025. La presidenta constitucional de los Estados Unidos Mexicanos, la Doctora Claudia Sheinbaum Pardo en conferencia de prensa matutina en el sal\u00f3n de la Tesorer\u00eda de Palacio Nacional. Acompa\u00f1an a la presidenta: Marcelo Ebrard Casub\u00f3n, secretario de Econom\u00eda y Noem\u00ed Ju\u00e1rez P\u00e9rez, subsecretaria de Educaci\u00f3n P\u00fablica. Foto: Gabriel Monroy\/Presidencia"},"primaryImageOfPage":{"@id":"https:\/\/www.podermexico.mx\/?p=4979#mainImage"},"datePublished":"2025-05-16T16:20:00-06:00","dateModified":"2025-05-16T04:25:41-06:00"},{"@type":"WebSite","@id":"https:\/\/www.podermexico.mx\/#website","url":"https:\/\/www.podermexico.mx\/","name":"Poder M\u00e9xico","description":"Donde los l\u00edderes definen el futuro, exploramos tendencias y desciframos el mundo de la pol\u00edtica y los negocios","inLanguage":"es-MX","publisher":{"@id":"https:\/\/www.podermexico.mx\/#organization"}}]},"og:locale":"es_MX","og:site_name":"Poder M\u00e9xico - Donde los l\u00edderes definen el futuro, exploramos tendencias y desciframos el mundo de la pol\u00edtica y los negocios","og:type":"article","og:title":"Sheinbaum comparte llamada con primer ministro de Canad\u00e1 - Poder M\u00e9xico","og:description":"La presidenta Claudia Sheinbaum y el primer ministro Mark J. Carney reforzaron la cooperaci\u00f3n M\u00e9xico-Canad\u00e1, abordando comercio y movilidad laboral en Am\u00e9rica del Norte","og:url":"https:\/\/www.podermexico.mx\/?p=4979","article:published_time":"2025-05-16T16:20:00+00:00","article:modified_time":"2025-05-16T04:25:41+00:00","twitter:card":"summary_large_image","twitter:title":"Sheinbaum comparte llamada con primer ministro de Canad\u00e1 - Poder M\u00e9xico","twitter:description":"La presidenta Claudia Sheinbaum y el primer ministro Mark J. Carney reforzaron la cooperaci\u00f3n M\u00e9xico-Canad\u00e1, abordando comercio y movilidad laboral en Am\u00e9rica del Norte"},"aioseo_meta_data":{"post_id":"4979","title":null,"description":"La presidenta Claudia Sheinbaum y el primer ministro Mark J. Carney reforzaron la cooperaci\u00f3n M\u00e9xico-Canad\u00e1, abordando comercio y movilidad laboral en Am\u00e9rica del Norte","keywords":null,"keyphrases":{"focus":{"keyphrase":"Cooperaci\u00f3n M\u00e9xico Canad\u00e1","score":32,"analysis":{"keyphraseInTitle":{"score":3,"maxScore":9,"error":1},"keyphraseInDescription":{"score":3,"maxScore":9,"error":1},"keyphraseLength":{"score":6,"maxScore":9,"error":1,"length":5},"keyphraseInURL":{"score":1,"maxScore":5,"error":1},"keyphraseInIntroduction":{"score":3,"maxScore":9,"error":1},"keyphraseInSubHeadings":[],"keyphraseInImageAlt":[],"keywordDensity":{"score":0,"type":"low","maxScore":9,"error":1}}},"additional":[]},"primary_term":null,"canonical_url":null,"og_title":null,"og_description":null,"og_object_type":"default","og_image_type":"default","og_image_url":null,"og_image_width":null,"og_image_height":null,"og_image_custom_url":null,"og_image_custom_fields":null,"og_video":"","og_custom_url":null,"og_article_section":null,"og_article_tags":null,"twitter_use_og":false,"twitter_card":"default","twitter_image_type":"default","twitter_image_url":null,"twitter_image_custom_url":null,"twitter_image_custom_fields":null,"twitter_title":null,"twitter_description":null,"schema":{"blockGraphs":[],"customGraphs":[],"default":{"data":{"Article":[],"Course":[],"Dataset":[],"FAQPage":[],"Movie":[],"Person":[],"Product":[],"ProductReview":[],"Car":[],"Recipe":[],"Service":[],"SoftwareApplication":[],"WebPage":[]},"graphName":"BlogPosting","isEnabled":true},"graphs":[]},"schema_type":"default","schema_type_options":null,"pillar_content":false,"robots_default":true,"robots_noindex":false,"robots_noarchive":false,"robots_nosnippet":false,"robots_nofollow":false,"robots_noimageindex":false,"robots_noodp":false,"robots_notranslate":false,"robots_max_snippet":"-1","robots_max_videopreview":"-1","robots_max_imagepreview":"large","priority":null,"frequency":"default","local_seo":null,"breadcrumb_settings":null,"limit_modified_date":false,"ai":null,"created":"2025-05-16 04:25:41","updated":"2025-07-13 06:19:02","seo_analyzer_scan_date":null,"focus_keyword":"Cooperaci\u00f3n M\u00e9xico Canad\u00e1","additional_keywords":null,"truseo_locale":null},"aioseo_breadcrumb":"<div class=\"aioseo-breadcrumbs\"><span class=\"aioseo-breadcrumb\">\n\t\t\t<a href=\"https:\/\/www.podermexico.mx\" title=\"Home\">Home<\/a>\n\t\t<\/span><span class=\"aioseo-breadcrumb-separator\">&raquo;<\/span><span class=\"aioseo-breadcrumb\">\n\t\t\t<a href=\"https:\/\/www.podermexico.mx\/?cat=56\" title=\"Gobierno\">Gobierno<\/a>\n\t\t<\/span><span class=\"aioseo-breadcrumb-separator\">&raquo;<\/span><span class=\"aioseo-breadcrumb\">\n\t\t\tSheinbaum comparte llamada con primer ministro de Canad\u00e1\n\t\t<\/span><\/div>","aioseo_breadcrumb_json":[{"label":"Home","link":"https:\/\/www.podermexico.mx"},{"label":"Gobierno","link":"https:\/\/www.podermexico.mx\/?cat=56"},{"label":"Sheinbaum comparte llamada con primer ministro de Canad\u00e1","link":"https:\/\/www.podermexico.mx\/?p=4979"}],"_links":{"self":[{"href":"https:\/\/www.podermexico.mx\/index.php?rest_route=\/wp\/v2\/posts\/4979","targetHints":{"allow":["GET"]}}],"collection":[{"href":"https:\/\/www.podermexico.mx\/index.php?rest_route=\/wp\/v2\/posts"}],"about":[{"href":"https:\/\/www.podermexico.mx\/index.php?rest_route=\/wp\/v2\/types\/post"}],"author":[{"embeddable":true,"href":"https:\/\/www.podermexico.mx\/index.php?rest_route=\/wp\/v2\/users\/7"}],"replies":[{"embeddable":true,"href":"https:\/\/www.podermexico.mx\/index.php?rest_route=%2Fwp%2Fv2%2Fcomments&post=4979"}],"version-history":[{"count":1,"href":"https:\/\/www.podermexico.mx\/index.php?rest_route=\/wp\/v2\/posts\/4979\/revisions"}],"predecessor-version":[{"id":4981,"href":"https:\/\/www.podermexico.mx\/index.php?rest_route=\/wp\/v2\/posts\/4979\/revisions\/4981"}],"wp:featuredmedia":[{"embeddable":true,"href":"https:\/\/www.podermexico.mx\/index.php?rest_route=\/wp\/v2\/media\/4980"}],"wp:attachment":[{"href":"https:\/\/www.podermexico.mx\/index.php?rest_route=%2Fwp%2Fv2%2Fmedia&parent=4979"}],"wp:term":[{"taxonomy":"category","embeddable":true,"href":"https:\/\/www.podermexico.mx\/index.php?rest_route=%2Fwp%2Fv2%2Fcategories&post=4979"},{"taxonomy":"post_tag","embeddable":true,"href":"https:\/\/www.podermexico.mx\/index.php?rest_route=%2Fwp%2Fv2%2Ftags&post=4979"}],"curies":[{"name":"wp","href":"https:\/\/api.w.org\/{rel}","templated":true}]}}