
{"id":4957,"date":"2025-05-14T18:58:34","date_gmt":"2025-05-14T18:58:34","guid":{"rendered":"https:\/\/www.podermexico.mx\/?p=4957"},"modified":"2025-05-14T19:30:56","modified_gmt":"2025-05-14T19:30:56","slug":"4957","status":"publish","type":"post","link":"https:\/\/www.podermexico.mx\/?p=4957","title":{"rendered":"Bosch anuncia inversi\u00f3n por 100 mdd en M\u00e9xico"},"content":{"rendered":"\n<p>La eliminaci\u00f3n de <strong>aranceles a las autopartes exportadas a Estados Unidos<\/strong> ha dado un impulso a <strong>Bosch M\u00e9xico<\/strong>, que ha confirmado la continuidad de su <strong>plan de inversiones<\/strong> en el pa\u00eds. La empresa prev\u00e9 <strong>destinar 100 millones de d\u00f3lares durante 2025<\/strong>, enfocados en <strong>el desarrollo de proveedores nacionales y la ampliaci\u00f3n de plantas de producci\u00f3n<\/strong>.<\/p>\n\n\n\n<p>El <strong>CEO de Bosch M\u00e9xico, Alexander Firsching<\/strong>, se\u00f1al\u00f3 que, pese a la incertidumbre global provocada por las <strong>medidas arancelarias<\/strong>, en <strong>M\u00e9xico existe estabilidad para ejecutar sus planes<\/strong>. <strong>&#8220;Hoy estamos m\u00e1s tranquilos porque vemos que la estrategia de Donald Trump es negociar. M\u00e9xico y Estados Unidos no tienen un d\u00e9ficit comercial, est\u00e1n equilibradas las econom\u00edas y solo podemos ser exitosos juntos&#8221;<\/strong>, afirm\u00f3 Firsching.<\/p>\n\n\n\n<p>En el marco de su <strong>70 aniversario en M\u00e9xico<\/strong>, la compa\u00f1\u00eda ha destacado su <strong>inversi\u00f3n de 1,000 millones de d\u00f3lares en los \u00faltimos tres a\u00f1os<\/strong>, y reafirm\u00f3 su compromiso de <strong>colaborar con el gobierno de la presidenta Claudia Sheinbaum<\/strong>. Bosch trabaja para <strong>fortalecer la producci\u00f3n nacional y fomentar el desarrollo de semiconductores en alianza con EE.UU., particularmente desde Guadalajara, Jalisco<\/strong>.<\/p>\n\n\n\n<p>Firsching reconoci\u00f3 que <strong>2025 ser\u00e1 un a\u00f1o con retos<\/strong>, pero asegur\u00f3 que Bosch M\u00e9xico <strong>mantiene una perspectiva optimista<\/strong>. <strong>&#8220;Tenemos todo para destacar en el desarrollo de talento, tecnolog\u00eda y soluciones para el futuro&#8221;<\/strong>, afirm\u00f3.<\/p>\n\n\n\n<p>La compa\u00f1\u00eda tambi\u00e9n proyecta un <strong>crecimiento de hasta 8% anual hacia 2030<\/strong>, con <strong>expansi\u00f3n en diversas \u00e1reas<\/strong>, incluyendo <strong>veh\u00edculos comerciales, de pasajeros y bicicletas<\/strong>. <strong>&#8220;Seguimos creciendo en todos los campos, desde bicicletas hasta camiones de carga&#8221;<\/strong>, explic\u00f3 el directivo.<\/p>\n","protected":false},"excerpt":{"rendered":"<p>La eliminaci\u00f3n de aranceles a las autopartes exportadas a Estados Unidos ha dado un impulso a Bosch M\u00e9xico, que ha confirmado la continuidad de su plan de inversiones en el pa\u00eds. La empresa prev\u00e9 destinar 100 millones de d\u00f3lares durante 2025, enfocados en el desarrollo de proveedores nacionales y la ampliaci\u00f3n de plantas de producci\u00f3n. El CEO de Bosch M\u00e9xico, &hellip;<\/p>\n","protected":false},"author":7,"featured_media":4958,"comment_status":"open","ping_status":"open","sticky":false,"template":"","format":"standard","meta":{"footnotes":""},"categories":[61],"tags":[1624,71,104],"class_list":["post-4957","post","type-post","status-publish","format-standard","has-post-thumbnail","hentry","category-inversiones","tag-bosch","tag-inversion","tag-mexico"],"aioseo_notices":[],"_links":{"self":[{"href":"https:\/\/www.podermexico.mx\/index.php?rest_route=\/wp\/v2\/posts\/4957","targetHints":{"allow":["GET"]}}],"collection":[{"href":"https:\/\/www.podermexico.mx\/index.php?rest_route=\/wp\/v2\/posts"}],"about":[{"href":"https:\/\/www.podermexico.mx\/index.php?rest_route=\/wp\/v2\/types\/post"}],"author":[{"embeddable":true,"href":"https:\/\/www.podermexico.mx\/index.php?rest_route=\/wp\/v2\/users\/7"}],"replies":[{"embeddable":true,"href":"https:\/\/www.podermexico.mx\/index.php?rest_route=%2Fwp%2Fv2%2Fcomments&post=4957"}],"version-history":[{"count":2,"href":"https:\/\/www.podermexico.mx\/index.php?rest_route=\/wp\/v2\/posts\/4957\/revisions"}],"predecessor-version":[{"id":4960,"href":"https:\/\/www.podermexico.mx\/index.php?rest_route=\/wp\/v2\/posts\/4957\/revisions\/4960"}],"wp:featuredmedia":[{"embeddable":true,"href":"https:\/\/www.podermexico.mx\/index.php?rest_route=\/wp\/v2\/media\/4958"}],"wp:attachment":[{"href":"https:\/\/www.podermexico.mx\/index.php?rest_route=%2Fwp%2Fv2%2Fmedia&parent=4957"}],"wp:term":[{"taxonomy":"category","embeddable":true,"href":"https:\/\/www.podermexico.mx\/index.php?rest_route=%2Fwp%2Fv2%2Fcategories&post=4957"},{"taxonomy":"post_tag","embeddable":true,"href":"https:\/\/www.podermexico.mx\/index.php?rest_route=%2Fwp%2Fv2%2Ftags&post=4957"}],"curies":[{"name":"wp","href":"https:\/\/api.w.org\/{rel}","templated":true}]}}