
{"id":4949,"date":"2025-05-13T20:57:49","date_gmt":"2025-05-13T20:57:49","guid":{"rendered":"https:\/\/www.podermexico.mx\/?p=4949"},"modified":"2025-05-13T21:17:44","modified_gmt":"2025-05-13T21:17:44","slug":"eu-incluye-a-cuba-lista-de-paises-no-cooperantes-en-la-lucha-antiterrorista","status":"publish","type":"post","link":"https:\/\/www.podermexico.mx\/?p=4949","title":{"rendered":"EU incluye a Cuba lista de pa\u00edses no cooperantes en la lucha antiterrorista"},"content":{"rendered":"\n<p>El gobierno de <strong>Estados Unidos<\/strong> ha reincorporado a <strong>Cuba<\/strong> en la lista de pa\u00edses que <strong>no cooperan plenamente en la lucha contra el terrorismo<\/strong>, decisi\u00f3n que refuerza las restricciones comerciales y diplom\u00e1ticas impuestas a la isla. <strong>Venezuela<\/strong> tambi\u00e9n se mantiene en el listado, junto a <strong>Corea del Norte, Ir\u00e1n y Siria<\/strong>, seg\u00fan inform\u00f3 el <strong>Departamento de Estado<\/strong>.<\/p>\n\n\n\n<p>La medida se da en un contexto de <strong>creciente presi\u00f3n de la administraci\u00f3n de Donald Trump sobre Cuba<\/strong>, tras su regreso a la Casa Blanca para un <strong>segundo mandato<\/strong>. Desde el <strong>20 de enero<\/strong>, d\u00eda de su investidura, el mandatario ha revertido decisiones de su predecesor, <strong>Joe Biden<\/strong>, incluyendo la exclusi\u00f3n de Cuba de la <strong>lista de pa\u00edses patrocinadores del terrorismo<\/strong>.<\/p>\n\n\n\n<p>El jefe de la diplomacia estadounidense, <strong>Marco Rubio<\/strong>, de ascendencia cubana, endureci\u00f3 la postura de Washington respecto a la isla. <strong>&#8220;En 2024, el r\u00e9gimen cubano no cooper\u00f3 plenamente con Estados Unidos en materia antiterrorista&#8221;<\/strong>, declar\u00f3 la portavoz del <strong>Departamento de Estado<\/strong>, <strong>Tammy Bruce<\/strong>, en un comunicado oficial.<\/p>\n\n\n\n<p>Las autoridades estadounidenses se\u00f1alan que <strong>Cuba alberga al menos 11 fugitivos de la justicia estadounidense<\/strong>, algunos con <strong>cargos relacionados con terrorismo<\/strong>, sin intenci\u00f3n de negociar su repatriaci\u00f3n. La inclusi\u00f3n de la isla en la lista de <strong>&#8220;pa\u00eds no cooperante plenamente&#8221; (NFCC, por sus siglas en ingl\u00e9s)<\/strong> supone una <strong>prohibici\u00f3n de exportaciones de art\u00edculos y servicios de defensa<\/strong> a territorio cubano.<\/p>\n\n\n\n<p>El embargo comercial impuesto a Cuba por Washington ha estado vigente por m\u00e1s de <strong>seis d\u00e9cadas<\/strong> y ha sido reforzado en diferentes periodos. <strong>Trump endureci\u00f3 estas restricciones durante su primer mandato (2017-2021)<\/strong> y, con su regreso al poder, ha restablecido sanciones que impactan las <strong>transacciones e inversiones<\/strong> relacionadas con la isla.<\/p>\n\n\n\n<p>Antes de dejar la presidencia en 2021, <strong>Biden hab\u00eda prometido flexibilizar las sanciones<\/strong>, aunque pospuso los cambios tras la represi\u00f3n de las <strong>protestas de julio de 2021 en Cuba<\/strong>, que resultaron en <strong>un muerto y decenas de heridos<\/strong>. Finalmente, antes de su salida, aprob\u00f3 <strong>una ligera reducci\u00f3n de sanciones<\/strong>, facilitando la liberaci\u00f3n de <strong>cientos de presos pol\u00edticos<\/strong>.<\/p>\n","protected":false},"excerpt":{"rendered":"<p>El gobierno de Estados Unidos ha reincorporado a Cuba en la lista de pa\u00edses que no cooperan plenamente en la lucha contra el terrorismo, decisi\u00f3n que refuerza las restricciones comerciales y diplom\u00e1ticas impuestas a la isla. Venezuela tambi\u00e9n se mantiene en el listado, junto a Corea del Norte, Ir\u00e1n y Siria, seg\u00fan inform\u00f3 el Departamento de Estado. La medida se &hellip;<\/p>\n","protected":false},"author":7,"featured_media":4951,"comment_status":"open","ping_status":"open","sticky":false,"template":"","format":"standard","meta":{"footnotes":""},"categories":[57],"tags":[1623,344,85,206],"class_list":["post-4949","post","type-post","status-publish","format-standard","has-post-thumbnail","hentry","category-geopolitica","tag-cuba","tag-donald-trump","tag-estados-unidos","tag-venezuela"],"aioseo_notices":[],"_links":{"self":[{"href":"https:\/\/www.podermexico.mx\/index.php?rest_route=\/wp\/v2\/posts\/4949","targetHints":{"allow":["GET"]}}],"collection":[{"href":"https:\/\/www.podermexico.mx\/index.php?rest_route=\/wp\/v2\/posts"}],"about":[{"href":"https:\/\/www.podermexico.mx\/index.php?rest_route=\/wp\/v2\/types\/post"}],"author":[{"embeddable":true,"href":"https:\/\/www.podermexico.mx\/index.php?rest_route=\/wp\/v2\/users\/7"}],"replies":[{"embeddable":true,"href":"https:\/\/www.podermexico.mx\/index.php?rest_route=%2Fwp%2Fv2%2Fcomments&post=4949"}],"version-history":[{"count":1,"href":"https:\/\/www.podermexico.mx\/index.php?rest_route=\/wp\/v2\/posts\/4949\/revisions"}],"predecessor-version":[{"id":4950,"href":"https:\/\/www.podermexico.mx\/index.php?rest_route=\/wp\/v2\/posts\/4949\/revisions\/4950"}],"wp:featuredmedia":[{"embeddable":true,"href":"https:\/\/www.podermexico.mx\/index.php?rest_route=\/wp\/v2\/media\/4951"}],"wp:attachment":[{"href":"https:\/\/www.podermexico.mx\/index.php?rest_route=%2Fwp%2Fv2%2Fmedia&parent=4949"}],"wp:term":[{"taxonomy":"category","embeddable":true,"href":"https:\/\/www.podermexico.mx\/index.php?rest_route=%2Fwp%2Fv2%2Fcategories&post=4949"},{"taxonomy":"post_tag","embeddable":true,"href":"https:\/\/www.podermexico.mx\/index.php?rest_route=%2Fwp%2Fv2%2Ftags&post=4949"}],"curies":[{"name":"wp","href":"https:\/\/api.w.org\/{rel}","templated":true}]}}