
{"id":4946,"date":"2025-05-13T19:04:46","date_gmt":"2025-05-13T19:04:46","guid":{"rendered":"https:\/\/www.podermexico.mx\/?p=4946"},"modified":"2025-09-24T13:06:28","modified_gmt":"2025-09-24T19:06:28","slug":"apple-integrara-ia-para-mejorar-rendimiento-en-baterias","status":"publish","type":"post","link":"https:\/\/www.podermexico.mx\/?p=4946","title":{"rendered":"Apple integrar\u00e1 IA para mejorar rendimiento en bater\u00edas"},"content":{"rendered":"\n<p>Apple avanza en el desarrollo de una nueva funci\u00f3n de <strong>gesti\u00f3n de bater\u00eda impulsada por Inteligencia Artificial (IA)<\/strong>, que estar\u00e1 incluida en su pr\u00f3ximo sistema operativo <strong>iOS 19<\/strong> y permitir\u00e1 <strong>optimizar el consumo energ\u00e9tico<\/strong> mediante el an\u00e1lisis del uso diario del dispositivo.<\/p>\n\n\n\n<p>La compa\u00f1\u00eda estadounidense est\u00e1 utilizando <strong>datos de bater\u00eda recolectados de los m\u00f3viles<\/strong> de los usuarios para determinar <strong>patrones de uso<\/strong> y reducir el gasto energ\u00e9tico en aplicaciones y funciones espec\u00edficas. Adem\u00e1s, incorporar\u00e1 un <strong>indicador en la pantalla de bloqueo<\/strong>, que mostrar\u00e1 <strong>cu\u00e1nto tiempo tardar\u00e1 en cargarse el dispositivo<\/strong>, seg\u00fan inform\u00f3 el periodista <strong>Mark Gurman<\/strong> en Bloomberg.<\/p>\n\n\n\n<p>Este avance tecnol\u00f3gico estar\u00e1 disponible en todos los dispositivos con <strong>iOS 19<\/strong>, que ser\u00e1 presentado el <strong>9 de junio en la Conferencia Mundial de Desarrolladores (WWDC)<\/strong>, con una versi\u00f3n beta prevista para finales de mayo.<\/p>\n\n\n\n<p>El desarrollo de esta tecnolog\u00eda responde a los cambios en la <strong>fabricaci\u00f3n del iPhone 17<\/strong>, que incluir\u00e1 un nuevo modelo denominado <strong>iPhone 17 Air<\/strong>, m\u00e1s delgado que las versiones est\u00e1ndar y Pro. Debido a su <strong>dise\u00f1o m\u00e1s compacto<\/strong>, contar\u00e1 con una <strong>bater\u00eda m\u00e1s peque\u00f1a<\/strong>, lo que ha llevado a Apple a <strong>buscar soluciones en IA para mejorar su autonom\u00eda<\/strong>.<\/p>\n\n\n\n<p>Adem\u00e1s, la empresa busca <strong>trasladar gran parte de la producci\u00f3n de sus dispositivos a India para finales de 2026<\/strong>, con el objetivo de <strong>evitar posibles aranceles m\u00e1s altos en China<\/strong>, donde actualmente tiene su principal base de fabricaci\u00f3n. Apple contin\u00faa liderando el sector tecnol\u00f3gico y se mantiene como la <strong>compa\u00f1\u00eda m\u00e1s valiosa del mundo<\/strong>, con un valor estimado de <strong>574,500 millones de d\u00f3lares<\/strong>, seg\u00fan el ranking 2025 de Brand Finance.<\/p>\n","protected":false},"excerpt":{"rendered":"<p>Apple avanza en el desarrollo de una nueva funci\u00f3n de gesti\u00f3n de bater\u00eda impulsada por Inteligencia Artificial (IA), que estar\u00e1 incluida en su pr\u00f3ximo sistema operativo iOS 19 y permitir\u00e1 optimizar el consumo energ\u00e9tico mediante el an\u00e1lisis del uso diario del dispositivo. La compa\u00f1\u00eda estadounidense est\u00e1 utilizando datos de bater\u00eda recolectados de los m\u00f3viles de los usuarios para determinar patrones &hellip;<\/p>\n","protected":false},"author":7,"featured_media":4947,"comment_status":"open","ping_status":"open","sticky":false,"template":"","format":"standard","meta":{"footnotes":""},"categories":[64],"tags":[],"class_list":["post-4946","post","type-post","status-publish","format-standard","has-post-thumbnail","hentry","category-tecnologia"],"aioseo_notices":[],"_links":{"self":[{"href":"https:\/\/www.podermexico.mx\/index.php?rest_route=\/wp\/v2\/posts\/4946","targetHints":{"allow":["GET"]}}],"collection":[{"href":"https:\/\/www.podermexico.mx\/index.php?rest_route=\/wp\/v2\/posts"}],"about":[{"href":"https:\/\/www.podermexico.mx\/index.php?rest_route=\/wp\/v2\/types\/post"}],"author":[{"embeddable":true,"href":"https:\/\/www.podermexico.mx\/index.php?rest_route=\/wp\/v2\/users\/7"}],"replies":[{"embeddable":true,"href":"https:\/\/www.podermexico.mx\/index.php?rest_route=%2Fwp%2Fv2%2Fcomments&post=4946"}],"version-history":[{"count":1,"href":"https:\/\/www.podermexico.mx\/index.php?rest_route=\/wp\/v2\/posts\/4946\/revisions"}],"predecessor-version":[{"id":4948,"href":"https:\/\/www.podermexico.mx\/index.php?rest_route=\/wp\/v2\/posts\/4946\/revisions\/4948"}],"wp:featuredmedia":[{"embeddable":true,"href":"https:\/\/www.podermexico.mx\/index.php?rest_route=\/wp\/v2\/media\/4947"}],"wp:attachment":[{"href":"https:\/\/www.podermexico.mx\/index.php?rest_route=%2Fwp%2Fv2%2Fmedia&parent=4946"}],"wp:term":[{"taxonomy":"category","embeddable":true,"href":"https:\/\/www.podermexico.mx\/index.php?rest_route=%2Fwp%2Fv2%2Fcategories&post=4946"},{"taxonomy":"post_tag","embeddable":true,"href":"https:\/\/www.podermexico.mx\/index.php?rest_route=%2Fwp%2Fv2%2Ftags&post=4946"}],"curies":[{"name":"wp","href":"https:\/\/api.w.org\/{rel}","templated":true}]}}