
{"id":4764,"date":"2025-04-29T18:59:43","date_gmt":"2025-04-29T18:59:43","guid":{"rendered":"https:\/\/www.podermexico.mx\/?p=4764"},"modified":"2025-04-29T22:34:31","modified_gmt":"2025-04-29T22:34:31","slug":"trump-firma-decreto-para-modificar-aranceles-automotrices","status":"publish","type":"post","link":"https:\/\/www.podermexico.mx\/?p=4764","title":{"rendered":"Trump firma decreto para modificar aranceles automotrices"},"content":{"rendered":"\n<p class=\"wp-block-paragraph\">El presidente de Estados Unidos, <strong>Donald Trump<\/strong>, firmar\u00e1 este martes un decreto que introduce cambios significativos en el esquema de <strong>aranceles a autom\u00f3viles y autopartes<\/strong>, seg\u00fan inform\u00f3 la <strong>Casa Blanca<\/strong>. La medida busca aliviar el impacto de los aranceles del <strong>25%<\/strong> impuestos previamente, con el objetivo de incentivar la <strong>producci\u00f3n nacional<\/strong> y fortalecer la industria automotriz estadounidense.<\/p>\n\n\n\n<p class=\"wp-block-paragraph\">De acuerdo con el secretario de Comercio, <strong>Howard Lutnick<\/strong>, los fabricantes de autom\u00f3viles que ensamblen veh\u00edculos en Estados Unidos podr\u00e1n acceder a <strong>cr\u00e9ditos fiscales de hasta el 15%<\/strong> del valor de los veh\u00edculos producidos localmente. Adem\u00e1s, se eliminar\u00e1n los <strong>aranceles duplicados<\/strong> sobre materiales como el acero y el aluminio, una medida que busca evitar cargas impositivas excesivas para los fabricantes.<\/p>\n\n\n\n<p class=\"wp-block-paragraph\">\u201cEl presidente Trump est\u00e1 comprometido con traer de vuelta la producci\u00f3n automotriz a Estados Unidos, creando empleos y fortaleciendo nuestra econom\u00eda\u201d, declar\u00f3 Lutnick en una conferencia de prensa. Por su parte, el secretario del Tesoro, <strong>Scott Bessent<\/strong>, destac\u00f3 que esta decisi\u00f3n es una respuesta a las preocupaciones de los fabricantes nacionales y extranjeros sobre el impacto de los aranceles en la competitividad global.<\/p>\n\n\n\n<p class=\"wp-block-paragraph\">El decreto tambi\u00e9n incluye una <strong>reducci\u00f3n progresiva de est\u00edmulos<\/strong>, dise\u00f1ada para presionar a las empresas a trasladar m\u00e1s partes de su cadena de suministro a territorio estadounidense. Sin embargo, analistas han se\u00f1alado que estas modificaciones podr\u00edan no ser suficientes para contrarrestar los efectos negativos de los aranceles en los precios de los veh\u00edculos y las ventas.<\/p>\n\n\n\n<p class=\"wp-block-paragraph\">La firma del decreto coincide con el viaje de Trump a <strong>Michigan<\/strong>, un estado clave para la industria automotriz, donde conmemora los primeros <strong>100 d\u00edas de su segundo mandato<\/strong>. Este anuncio llega en un momento cr\u00edtico, ya que los aranceles del 25% sobre autopartes extranjeras entrar\u00e1n en vigor el pr\u00f3ximo <strong>3 de mayo<\/strong>.<\/p>\n","protected":false},"excerpt":{"rendered":"<p>El presidente de Estados Unidos, Donald Trump, firmar\u00e1 este martes un decreto que introduce cambios significativos en el esquema de aranceles a autom\u00f3viles y autopartes, seg\u00fan inform\u00f3 la Casa Blanca. La medida busca aliviar el impacto de los aranceles del 25% impuestos previamente, con el objetivo de incentivar la producci\u00f3n nacional y fortalecer la industria automotriz estadounidense. De acuerdo con &hellip;<\/p>\n","protected":false},"author":7,"featured_media":4765,"comment_status":"open","ping_status":"open","sticky":false,"template":"","format":"standard","meta":{"footnotes":""},"categories":[57],"tags":[344,85,86],"class_list":["post-4764","post","type-post","status-publish","format-standard","has-post-thumbnail","hentry","category-geopolitica","tag-donald-trump","tag-estados-unidos","tag-industria-automotriz"],"aioseo_notices":[],"aioseo_head":"\n\t\t<!-- All in One SEO 5.0.0.1 - aioseo.com -->\n\t<meta name=\"description\" content=\"Trump firma decreto modificando aranceles automotrices en EU, ajustando est\u00edmulos para ensambladoras nacionales y atendiendo tensiones comerciales\" \/>\n\t<meta name=\"robots\" content=\"max-image-preview:large\" \/>\n\t<meta name=\"author\" content=\"Poder M\u00e9xico\"\/>\n\t<link rel=\"canonical\" href=\"https:\/\/www.podermexico.mx\/?p=4764\" \/>\n\t<meta name=\"generator\" content=\"All in One SEO (AIOSEO) 5.0.0.1\" \/>\n\t\t<meta property=\"og:locale\" content=\"es_MX\" \/>\n\t\t<meta property=\"og:site_name\" content=\"Poder M\u00e9xico - Donde los l\u00edderes definen el futuro, exploramos tendencias y desciframos el mundo de la pol\u00edtica y los negocios\" \/>\n\t\t<meta property=\"og:type\" content=\"article\" \/>\n\t\t<meta property=\"og:title\" content=\"Trump firma decreto para modificar aranceles automotrices - Poder M\u00e9xico\" \/>\n\t\t<meta property=\"og:description\" content=\"Trump firma decreto modificando aranceles automotrices en EU, ajustando est\u00edmulos para ensambladoras nacionales y atendiendo tensiones comerciales\" \/>\n\t\t<meta property=\"og:url\" content=\"https:\/\/www.podermexico.mx\/?p=4764\" \/>\n\t\t<meta property=\"article:published_time\" content=\"2025-04-29T18:59:43+00:00\" \/>\n\t\t<meta property=\"article:modified_time\" content=\"2025-04-29T22:34:31+00:00\" \/>\n\t\t<meta name=\"twitter:card\" content=\"summary_large_image\" \/>\n\t\t<meta name=\"twitter:title\" content=\"Trump firma decreto para modificar aranceles automotrices - Poder M\u00e9xico\" \/>\n\t\t<meta name=\"twitter:description\" content=\"Trump firma decreto modificando aranceles automotrices en EU, ajustando est\u00edmulos para ensambladoras nacionales y atendiendo tensiones comerciales\" \/>\n\t\t<script type=\"application\/ld+json\" class=\"aioseo-schema\">\n\t\t\t{\"@context\":\"https:\\\/\\\/schema.org\",\"@graph\":[{\"@type\":\"BlogPosting\",\"@id\":\"https:\\\/\\\/www.podermexico.mx\\\/?p=4764#blogposting\",\"name\":\"Trump firma decreto para modificar aranceles automotrices - Poder M\\u00e9xico\",\"headline\":\"Trump firma decreto para modificar aranceles automotrices\",\"author\":{\"@id\":\"https:\\\/\\\/www.podermexico.mx\\\/?author=7#author\"},\"publisher\":{\"@id\":\"https:\\\/\\\/www.podermexico.mx\\\/#organization\"},\"image\":{\"@type\":\"ImageObject\",\"url\":\"https:\\\/\\\/www.podermexico.mx\\\/wp-content\\\/uploads\\\/2025\\\/04\\\/29040502.png\",\"width\":1056,\"height\":586},\"datePublished\":\"2025-04-29T18:59:43-06:00\",\"dateModified\":\"2025-04-29T22:34:31-06:00\",\"inLanguage\":\"es-MX\",\"mainEntityOfPage\":{\"@id\":\"https:\\\/\\\/www.podermexico.mx\\\/?p=4764#webpage\"},\"isPartOf\":{\"@id\":\"https:\\\/\\\/www.podermexico.mx\\\/?p=4764#webpage\"},\"articleSection\":\"Geopol\\u00edtica, Donald Trump, Estados Unidos, industria automotriz\"},{\"@type\":\"BreadcrumbList\",\"@id\":\"https:\\\/\\\/www.podermexico.mx\\\/?p=4764#breadcrumblist\",\"itemListElement\":[{\"@type\":\"ListItem\",\"@id\":\"https:\\\/\\\/www.podermexico.mx#listItem\",\"position\":1,\"name\":\"Home\",\"item\":\"https:\\\/\\\/www.podermexico.mx\",\"nextItem\":{\"@type\":\"ListItem\",\"@id\":\"https:\\\/\\\/www.podermexico.mx\\\/?cat=57#listItem\",\"name\":\"Geopol\\u00edtica\"}},{\"@type\":\"ListItem\",\"@id\":\"https:\\\/\\\/www.podermexico.mx\\\/?cat=57#listItem\",\"position\":2,\"name\":\"Geopol\\u00edtica\",\"item\":\"https:\\\/\\\/www.podermexico.mx\\\/?cat=57\",\"nextItem\":{\"@type\":\"ListItem\",\"@id\":\"https:\\\/\\\/www.podermexico.mx\\\/?p=4764#listItem\",\"name\":\"Trump firma decreto para modificar aranceles automotrices\"},\"previousItem\":{\"@type\":\"ListItem\",\"@id\":\"https:\\\/\\\/www.podermexico.mx#listItem\",\"name\":\"Home\"}},{\"@type\":\"ListItem\",\"@id\":\"https:\\\/\\\/www.podermexico.mx\\\/?p=4764#listItem\",\"position\":3,\"name\":\"Trump firma decreto para modificar aranceles automotrices\",\"previousItem\":{\"@type\":\"ListItem\",\"@id\":\"https:\\\/\\\/www.podermexico.mx\\\/?cat=57#listItem\",\"name\":\"Geopol\\u00edtica\"}}]},{\"@type\":\"Organization\",\"@id\":\"https:\\\/\\\/www.podermexico.mx\\\/#organization\",\"name\":\"Poder M\\u00e9xico\",\"description\":\"Donde los l\\u00edderes definen el futuro, exploramos tendencias y desciframos el mundo de la pol\\u00edtica y los negocios\",\"url\":\"https:\\\/\\\/www.podermexico.mx\\\/\"},{\"@type\":\"Person\",\"@id\":\"https:\\\/\\\/www.podermexico.mx\\\/?author=7#author\",\"url\":\"https:\\\/\\\/www.podermexico.mx\\\/?author=7\",\"name\":\"Poder M\\u00e9xico\",\"image\":{\"@type\":\"ImageObject\",\"@id\":\"https:\\\/\\\/www.podermexico.mx\\\/?p=4764#authorImage\",\"url\":\"https:\\\/\\\/secure.gravatar.com\\\/avatar\\\/6873d270747c7f511ab0e491b4ef59ff185c68a5912118c90f83cdcd498e434b?s=96&d=mm&r=g\",\"width\":96,\"height\":96,\"caption\":\"Poder M\\u00e9xico\"}},{\"@type\":\"WebPage\",\"@id\":\"https:\\\/\\\/www.podermexico.mx\\\/?p=4764#webpage\",\"url\":\"https:\\\/\\\/www.podermexico.mx\\\/?p=4764\",\"name\":\"Trump firma decreto para modificar aranceles automotrices - Poder M\\u00e9xico\",\"description\":\"Trump firma decreto modificando aranceles automotrices en EU, ajustando est\\u00edmulos para ensambladoras nacionales y atendiendo tensiones comerciales\",\"inLanguage\":\"es-MX\",\"isPartOf\":{\"@id\":\"https:\\\/\\\/www.podermexico.mx\\\/#website\"},\"breadcrumb\":{\"@id\":\"https:\\\/\\\/www.podermexico.mx\\\/?p=4764#breadcrumblist\"},\"author\":{\"@id\":\"https:\\\/\\\/www.podermexico.mx\\\/?author=7#author\"},\"creator\":{\"@id\":\"https:\\\/\\\/www.podermexico.mx\\\/?author=7#author\"},\"image\":{\"@type\":\"ImageObject\",\"url\":\"https:\\\/\\\/www.podermexico.mx\\\/wp-content\\\/uploads\\\/2025\\\/04\\\/29040502.png\",\"@id\":\"https:\\\/\\\/www.podermexico.mx\\\/?p=4764\\\/#mainImage\",\"width\":1056,\"height\":586},\"primaryImageOfPage\":{\"@id\":\"https:\\\/\\\/www.podermexico.mx\\\/?p=4764#mainImage\"},\"datePublished\":\"2025-04-29T18:59:43-06:00\",\"dateModified\":\"2025-04-29T22:34:31-06:00\"},{\"@type\":\"WebSite\",\"@id\":\"https:\\\/\\\/www.podermexico.mx\\\/#website\",\"url\":\"https:\\\/\\\/www.podermexico.mx\\\/\",\"name\":\"Poder M\\u00e9xico\",\"description\":\"Donde los l\\u00edderes definen el futuro, exploramos tendencias y desciframos el mundo de la pol\\u00edtica y los negocios\",\"inLanguage\":\"es-MX\",\"publisher\":{\"@id\":\"https:\\\/\\\/www.podermexico.mx\\\/#organization\"}}]}\n\t\t<\/script>\n\t\t<!-- All in One SEO -->\n\n","aioseo_head_json":{"title":"Trump firma decreto para modificar aranceles automotrices - Poder M\u00e9xico","description":"Trump firma decreto modificando aranceles automotrices en EU, ajustando est\u00edmulos para ensambladoras nacionales y atendiendo tensiones comerciales","canonical_url":"https:\/\/www.podermexico.mx\/?p=4764","robots":"max-image-preview:large","keywords":"","webmasterTools":{"miscellaneous":""},"schema":{"@context":"https:\/\/schema.org","@graph":[{"@type":"BlogPosting","@id":"https:\/\/www.podermexico.mx\/?p=4764#blogposting","name":"Trump firma decreto para modificar aranceles automotrices - Poder M\u00e9xico","headline":"Trump firma decreto para modificar aranceles automotrices","author":{"@id":"https:\/\/www.podermexico.mx\/?author=7#author"},"publisher":{"@id":"https:\/\/www.podermexico.mx\/#organization"},"image":{"@type":"ImageObject","url":"https:\/\/www.podermexico.mx\/wp-content\/uploads\/2025\/04\/29040502.png","width":1056,"height":586},"datePublished":"2025-04-29T18:59:43-06:00","dateModified":"2025-04-29T22:34:31-06:00","inLanguage":"es-MX","mainEntityOfPage":{"@id":"https:\/\/www.podermexico.mx\/?p=4764#webpage"},"isPartOf":{"@id":"https:\/\/www.podermexico.mx\/?p=4764#webpage"},"articleSection":"Geopol\u00edtica, Donald Trump, Estados Unidos, industria automotriz"},{"@type":"BreadcrumbList","@id":"https:\/\/www.podermexico.mx\/?p=4764#breadcrumblist","itemListElement":[{"@type":"ListItem","@id":"https:\/\/www.podermexico.mx#listItem","position":1,"name":"Home","item":"https:\/\/www.podermexico.mx","nextItem":{"@type":"ListItem","@id":"https:\/\/www.podermexico.mx\/?cat=57#listItem","name":"Geopol\u00edtica"}},{"@type":"ListItem","@id":"https:\/\/www.podermexico.mx\/?cat=57#listItem","position":2,"name":"Geopol\u00edtica","item":"https:\/\/www.podermexico.mx\/?cat=57","nextItem":{"@type":"ListItem","@id":"https:\/\/www.podermexico.mx\/?p=4764#listItem","name":"Trump firma decreto para modificar aranceles automotrices"},"previousItem":{"@type":"ListItem","@id":"https:\/\/www.podermexico.mx#listItem","name":"Home"}},{"@type":"ListItem","@id":"https:\/\/www.podermexico.mx\/?p=4764#listItem","position":3,"name":"Trump firma decreto para modificar aranceles automotrices","previousItem":{"@type":"ListItem","@id":"https:\/\/www.podermexico.mx\/?cat=57#listItem","name":"Geopol\u00edtica"}}]},{"@type":"Organization","@id":"https:\/\/www.podermexico.mx\/#organization","name":"Poder M\u00e9xico","description":"Donde los l\u00edderes definen el futuro, exploramos tendencias y desciframos el mundo de la pol\u00edtica y los negocios","url":"https:\/\/www.podermexico.mx\/"},{"@type":"Person","@id":"https:\/\/www.podermexico.mx\/?author=7#author","url":"https:\/\/www.podermexico.mx\/?author=7","name":"Poder M\u00e9xico","image":{"@type":"ImageObject","@id":"https:\/\/www.podermexico.mx\/?p=4764#authorImage","url":"https:\/\/secure.gravatar.com\/avatar\/6873d270747c7f511ab0e491b4ef59ff185c68a5912118c90f83cdcd498e434b?s=96&d=mm&r=g","width":96,"height":96,"caption":"Poder M\u00e9xico"}},{"@type":"WebPage","@id":"https:\/\/www.podermexico.mx\/?p=4764#webpage","url":"https:\/\/www.podermexico.mx\/?p=4764","name":"Trump firma decreto para modificar aranceles automotrices - Poder M\u00e9xico","description":"Trump firma decreto modificando aranceles automotrices en EU, ajustando est\u00edmulos para ensambladoras nacionales y atendiendo tensiones comerciales","inLanguage":"es-MX","isPartOf":{"@id":"https:\/\/www.podermexico.mx\/#website"},"breadcrumb":{"@id":"https:\/\/www.podermexico.mx\/?p=4764#breadcrumblist"},"author":{"@id":"https:\/\/www.podermexico.mx\/?author=7#author"},"creator":{"@id":"https:\/\/www.podermexico.mx\/?author=7#author"},"image":{"@type":"ImageObject","url":"https:\/\/www.podermexico.mx\/wp-content\/uploads\/2025\/04\/29040502.png","@id":"https:\/\/www.podermexico.mx\/?p=4764\/#mainImage","width":1056,"height":586},"primaryImageOfPage":{"@id":"https:\/\/www.podermexico.mx\/?p=4764#mainImage"},"datePublished":"2025-04-29T18:59:43-06:00","dateModified":"2025-04-29T22:34:31-06:00"},{"@type":"WebSite","@id":"https:\/\/www.podermexico.mx\/#website","url":"https:\/\/www.podermexico.mx\/","name":"Poder M\u00e9xico","description":"Donde los l\u00edderes definen el futuro, exploramos tendencias y desciframos el mundo de la pol\u00edtica y los negocios","inLanguage":"es-MX","publisher":{"@id":"https:\/\/www.podermexico.mx\/#organization"}}]},"og:locale":"es_MX","og:site_name":"Poder M\u00e9xico - Donde los l\u00edderes definen el futuro, exploramos tendencias y desciframos el mundo de la pol\u00edtica y los negocios","og:type":"article","og:title":"Trump firma decreto para modificar aranceles automotrices - Poder M\u00e9xico","og:description":"Trump firma decreto modificando aranceles automotrices en EU, ajustando est\u00edmulos para ensambladoras nacionales y atendiendo tensiones comerciales","og:url":"https:\/\/www.podermexico.mx\/?p=4764","article:published_time":"2025-04-29T18:59:43+00:00","article:modified_time":"2025-04-29T22:34:31+00:00","twitter:card":"summary_large_image","twitter:title":"Trump firma decreto para modificar aranceles automotrices - Poder M\u00e9xico","twitter:description":"Trump firma decreto modificando aranceles automotrices en EU, ajustando est\u00edmulos para ensambladoras nacionales y atendiendo tensiones comerciales"},"aioseo_meta_data":{"post_id":"4764","title":null,"description":"Trump firma decreto modificando aranceles automotrices en EU, ajustando est\u00edmulos para ensambladoras nacionales y atendiendo tensiones comerciales","keywords":null,"keyphrases":{"focus":{"keyphrase":"Decreto aranceles automotrices","score":38,"analysis":{"keyphraseInTitle":{"score":3,"maxScore":9,"error":1},"keyphraseInDescription":{"score":3,"maxScore":9,"error":1},"keyphraseLength":{"score":9,"maxScore":9,"error":0,"length":3},"keyphraseInURL":{"score":1,"maxScore":5,"error":1},"keyphraseInIntroduction":{"score":3,"maxScore":9,"error":1},"keyphraseInSubHeadings":[],"keyphraseInImageAlt":[],"keywordDensity":{"score":0,"type":"low","maxScore":9,"error":1}}},"additional":[]},"primary_term":null,"canonical_url":null,"og_title":null,"og_description":null,"og_object_type":"default","og_image_type":"default","og_image_url":null,"og_image_width":null,"og_image_height":null,"og_image_custom_url":null,"og_image_custom_fields":null,"og_video":"","og_custom_url":null,"og_article_section":null,"og_article_tags":null,"twitter_use_og":false,"twitter_card":"default","twitter_image_type":"default","twitter_image_url":null,"twitter_image_custom_url":null,"twitter_image_custom_fields":null,"twitter_title":null,"twitter_description":null,"schema":{"blockGraphs":[],"customGraphs":[],"default":{"data":{"Article":[],"Course":[],"Dataset":[],"FAQPage":[],"Movie":[],"Person":[],"Product":[],"ProductReview":[],"Car":[],"Recipe":[],"Service":[],"SoftwareApplication":[],"WebPage":[]},"graphName":"BlogPosting","isEnabled":true},"graphs":[]},"schema_type":"default","schema_type_options":null,"pillar_content":false,"robots_default":true,"robots_noindex":false,"robots_noarchive":false,"robots_nosnippet":false,"robots_nofollow":false,"robots_noimageindex":false,"robots_noodp":false,"robots_notranslate":false,"robots_max_snippet":"-1","robots_max_videopreview":"-1","robots_max_imagepreview":"large","priority":null,"frequency":"default","local_seo":null,"breadcrumb_settings":null,"limit_modified_date":false,"ai":null,"created":"2025-04-29 18:59:44","updated":"2025-07-13 02:49:02","seo_analyzer_scan_date":null,"focus_keyword":"Decreto aranceles automotrices","additional_keywords":null,"truseo_locale":null},"aioseo_breadcrumb":"<div class=\"aioseo-breadcrumbs\"><span class=\"aioseo-breadcrumb\">\n\t\t\t<a href=\"https:\/\/www.podermexico.mx\" title=\"Home\">Home<\/a>\n\t\t<\/span><span class=\"aioseo-breadcrumb-separator\">&raquo;<\/span><span class=\"aioseo-breadcrumb\">\n\t\t\t<a href=\"https:\/\/www.podermexico.mx\/?cat=57\" title=\"Geopol\u00edtica\">Geopol\u00edtica<\/a>\n\t\t<\/span><span class=\"aioseo-breadcrumb-separator\">&raquo;<\/span><span class=\"aioseo-breadcrumb\">\n\t\t\tTrump firma decreto para modificar aranceles automotrices\n\t\t<\/span><\/div>","aioseo_breadcrumb_json":[{"label":"Home","link":"https:\/\/www.podermexico.mx"},{"label":"Geopol\u00edtica","link":"https:\/\/www.podermexico.mx\/?cat=57"},{"label":"Trump firma decreto para modificar aranceles automotrices","link":"https:\/\/www.podermexico.mx\/?p=4764"}],"_links":{"self":[{"href":"https:\/\/www.podermexico.mx\/index.php?rest_route=\/wp\/v2\/posts\/4764","targetHints":{"allow":["GET"]}}],"collection":[{"href":"https:\/\/www.podermexico.mx\/index.php?rest_route=\/wp\/v2\/posts"}],"about":[{"href":"https:\/\/www.podermexico.mx\/index.php?rest_route=\/wp\/v2\/types\/post"}],"author":[{"embeddable":true,"href":"https:\/\/www.podermexico.mx\/index.php?rest_route=\/wp\/v2\/users\/7"}],"replies":[{"embeddable":true,"href":"https:\/\/www.podermexico.mx\/index.php?rest_route=%2Fwp%2Fv2%2Fcomments&post=4764"}],"version-history":[{"count":1,"href":"https:\/\/www.podermexico.mx\/index.php?rest_route=\/wp\/v2\/posts\/4764\/revisions"}],"predecessor-version":[{"id":4766,"href":"https:\/\/www.podermexico.mx\/index.php?rest_route=\/wp\/v2\/posts\/4764\/revisions\/4766"}],"wp:featuredmedia":[{"embeddable":true,"href":"https:\/\/www.podermexico.mx\/index.php?rest_route=\/wp\/v2\/media\/4765"}],"wp:attachment":[{"href":"https:\/\/www.podermexico.mx\/index.php?rest_route=%2Fwp%2Fv2%2Fmedia&parent=4764"}],"wp:term":[{"taxonomy":"category","embeddable":true,"href":"https:\/\/www.podermexico.mx\/index.php?rest_route=%2Fwp%2Fv2%2Fcategories&post=4764"},{"taxonomy":"post_tag","embeddable":true,"href":"https:\/\/www.podermexico.mx\/index.php?rest_route=%2Fwp%2Fv2%2Ftags&post=4764"}],"curies":[{"name":"wp","href":"https:\/\/api.w.org\/{rel}","templated":true}]}}