
{"id":4718,"date":"2025-04-24T22:38:34","date_gmt":"2025-04-24T22:38:34","guid":{"rendered":"https:\/\/www.podermexico.mx\/?p=4718"},"modified":"2025-04-24T22:38:35","modified_gmt":"2025-04-24T22:38:35","slug":"sheinbaum-rechaza-afirmaciones-de-recesion-tecnica-en-mexico","status":"publish","type":"post","link":"https:\/\/www.podermexico.mx\/?p=4718","title":{"rendered":"Sheinbaum rechaza afirmaciones de recesi\u00f3n t\u00e9cnica en M\u00e9xico"},"content":{"rendered":"\n<p class=\"wp-block-paragraph\">La presidenta de M\u00e9xico, <strong>Claudia Sheinbaum<\/strong>, neg\u00f3 este jueves que la econom\u00eda nacional est\u00e9 en riesgo de entrar en una <strong>recesi\u00f3n t\u00e9cnica<\/strong>, como lo han se\u00f1alado algunos organismos internacionales y grupos financieros, entre ellos <strong>Citi<\/strong>. <\/p>\n\n\n\n<p class=\"wp-block-paragraph\">Durante su conferencia matutina, Sheinbaum calific\u00f3 estas proyecciones como <strong>&#8220;imprecisas&#8221;<\/strong> y asegur\u00f3 que el pa\u00eds cuenta con estrategias s\u00f3lidas para mantener la estabilidad econ\u00f3mica. <em>&#8220;No corresponde a la realidad porque no considera la instrumentaci\u00f3n del Plan M\u00e9xico y las inversiones que atraer\u00e1 su implementaci\u00f3n&#8221;<\/em>, afirm\u00f3 la mandataria, refiri\u00e9ndose al programa presentado en enero que busca fortalecer la econom\u00eda mediante la inversi\u00f3n p\u00fablica y privada. <\/p>\n\n\n\n<p class=\"wp-block-paragraph\">Seg\u00fan Sheinbaum, este plan incluye proyectos estrat\u00e9gicos en infraestructura y manufactura que contribuir\u00e1n al crecimiento econ\u00f3mico y la generaci\u00f3n de empleo. Las declaraciones de la presidenta se producen en un contexto de incertidumbre econ\u00f3mica, marcado por reportes del <strong>Inegi<\/strong> que indican una ligera ca\u00edda del <strong>0.2%<\/strong> en la actividad econ\u00f3mica durante el primer trimestre de 2025. Sin embargo, Sheinbaum atribuy\u00f3 esta disminuci\u00f3n a la transici\u00f3n gubernamental y asegur\u00f3 que, una vez reactivadas las obras p\u00fablicas, la econom\u00eda retomar\u00e1 su dinamismo.<\/p>\n\n\n\n<p class=\"wp-block-paragraph\"><em>&#8220;Es una visi\u00f3n muy negativa la que tienen algunos organismos. Nosotros no compartimos esa perspectiva. Estamos trabajando todos los d\u00edas para fortalecer la econom\u00eda desde abajo&#8221;<\/em>, subray\u00f3 Sheinbaum, quien tambi\u00e9n destac\u00f3 el r\u00e9cord de <strong>22.46 millones de empleos formales<\/strong> registrados en marzo, seg\u00fan datos del <strong>IMSS<\/strong>.<\/p>\n\n\n\n<p class=\"wp-block-paragraph\">La presidenta reiter\u00f3 que su administraci\u00f3n trabaja de manera activa para evitar una recesi\u00f3n, enfoc\u00e1ndose en el fortalecimiento del mercado interno y la atracci\u00f3n de inversiones. Adem\u00e1s, se\u00f1al\u00f3 que las tensiones comerciales internacionales, como los aranceles impuestos por Estados Unidos, representan desaf\u00edos que su gobierno est\u00e1 abordando con medidas espec\u00edficas.<\/p>\n\n\n\n<p class=\"wp-block-paragraph\">Sheinbaum defendi\u00f3 la solidez de la econom\u00eda mexicana y asegur\u00f3 que los proyectos contemplados en el <strong>Plan M\u00e9xico<\/strong> permitir\u00e1n mantener la estabilidad y avanzar hacia un modelo de desarrollo m\u00e1s inclusivo. <em>&#8220;Nuestro inter\u00e9s es el fortalecimiento de la econom\u00eda nacional, entre otros, de la industria automotriz y manufacturera&#8221;<\/em>, concluy\u00f3.<\/p>\n\n\n\n<p class=\"wp-block-paragraph\"><\/p>\n","protected":false},"excerpt":{"rendered":"<p>La presidenta de M\u00e9xico, Claudia Sheinbaum, neg\u00f3 este jueves que la econom\u00eda nacional est\u00e9 en riesgo de entrar en una recesi\u00f3n t\u00e9cnica, como lo han se\u00f1alado algunos organismos internacionales y grupos financieros, entre ellos Citi. Durante su conferencia matutina, Sheinbaum calific\u00f3 estas proyecciones como &#8220;imprecisas&#8221; y asegur\u00f3 que el pa\u00eds cuenta con estrategias s\u00f3lidas para mantener la estabilidad econ\u00f3mica. &#8220;No &hellip;<\/p>\n","protected":false},"author":3,"featured_media":4719,"comment_status":"open","ping_status":"open","sticky":false,"template":"","format":"standard","meta":{"footnotes":""},"categories":[56],"tags":[132,104],"class_list":["post-4718","post","type-post","status-publish","format-standard","has-post-thumbnail","hentry","category-gobierno","tag-claudia-sheinbaum","tag-mexico"],"aioseo_notices":[],"aioseo_head":"\n\t\t<!-- All in One SEO 5.0.0.1 - aioseo.com -->\n\t<meta name=\"description\" content=\"Claudia Sheinbaum rechaza que M\u00e9xico est\u00e9 en recesi\u00f3n t\u00e9cnica, destaca estabilidad econ\u00f3mica y asegura que el Plan M\u00e9xico fortalece la inversi\u00f3n\" \/>\n\t<meta name=\"robots\" content=\"max-image-preview:large\" \/>\n\t<meta name=\"author\" content=\"Indira Bustamante\"\/>\n\t<link rel=\"canonical\" href=\"https:\/\/www.podermexico.mx\/?p=4718\" \/>\n\t<meta name=\"generator\" content=\"All in One SEO (AIOSEO) 5.0.0.1\" \/>\n\t\t<meta property=\"og:locale\" content=\"es_MX\" \/>\n\t\t<meta property=\"og:site_name\" content=\"Poder M\u00e9xico - Donde los l\u00edderes definen el futuro, exploramos tendencias y desciframos el mundo de la pol\u00edtica y los negocios\" \/>\n\t\t<meta property=\"og:type\" content=\"article\" \/>\n\t\t<meta property=\"og:title\" content=\"Sheinbaum rechaza afirmaciones de recesi\u00f3n t\u00e9cnica en M\u00e9xico - Poder M\u00e9xico\" \/>\n\t\t<meta property=\"og:description\" content=\"Claudia Sheinbaum rechaza que M\u00e9xico est\u00e9 en recesi\u00f3n t\u00e9cnica, destaca estabilidad econ\u00f3mica y asegura que el Plan M\u00e9xico fortalece la inversi\u00f3n\" \/>\n\t\t<meta property=\"og:url\" content=\"https:\/\/www.podermexico.mx\/?p=4718\" \/>\n\t\t<meta property=\"article:published_time\" content=\"2025-04-24T22:38:34+00:00\" \/>\n\t\t<meta property=\"article:modified_time\" content=\"2025-04-24T22:38:35+00:00\" \/>\n\t\t<meta name=\"twitter:card\" content=\"summary_large_image\" \/>\n\t\t<meta name=\"twitter:title\" content=\"Sheinbaum rechaza afirmaciones de recesi\u00f3n t\u00e9cnica en M\u00e9xico - Poder M\u00e9xico\" \/>\n\t\t<meta name=\"twitter:description\" content=\"Claudia Sheinbaum rechaza que M\u00e9xico est\u00e9 en recesi\u00f3n t\u00e9cnica, destaca estabilidad econ\u00f3mica y asegura que el Plan M\u00e9xico fortalece la inversi\u00f3n\" \/>\n\t\t<script type=\"application\/ld+json\" class=\"aioseo-schema\">\n\t\t\t{\"@context\":\"https:\\\/\\\/schema.org\",\"@graph\":[{\"@type\":\"BlogPosting\",\"@id\":\"https:\\\/\\\/www.podermexico.mx\\\/?p=4718#blogposting\",\"name\":\"Sheinbaum rechaza afirmaciones de recesi\\u00f3n t\\u00e9cnica en M\\u00e9xico - Poder M\\u00e9xico\",\"headline\":\"Sheinbaum rechaza afirmaciones de recesi\\u00f3n t\\u00e9cnica en M\\u00e9xico\",\"author\":{\"@id\":\"https:\\\/\\\/www.podermexico.mx\\\/?author=3#author\"},\"publisher\":{\"@id\":\"https:\\\/\\\/www.podermexico.mx\\\/#organization\"},\"image\":{\"@type\":\"ImageObject\",\"url\":\"https:\\\/\\\/www.podermexico.mx\\\/wp-content\\\/uploads\\\/2025\\\/04\\\/2025-04-24_Conferencia_de_prensa_matutina_-_Palacio_Nacional_06_GM-1.jpg\",\"width\":1500,\"height\":1000},\"datePublished\":\"2025-04-24T22:38:34-06:00\",\"dateModified\":\"2025-04-24T22:38:35-06:00\",\"inLanguage\":\"es-MX\",\"mainEntityOfPage\":{\"@id\":\"https:\\\/\\\/www.podermexico.mx\\\/?p=4718#webpage\"},\"isPartOf\":{\"@id\":\"https:\\\/\\\/www.podermexico.mx\\\/?p=4718#webpage\"},\"articleSection\":\"Gobierno, Claudia Sheinbaum, M\\u00e9xico\"},{\"@type\":\"BreadcrumbList\",\"@id\":\"https:\\\/\\\/www.podermexico.mx\\\/?p=4718#breadcrumblist\",\"itemListElement\":[{\"@type\":\"ListItem\",\"@id\":\"https:\\\/\\\/www.podermexico.mx#listItem\",\"position\":1,\"name\":\"Home\",\"item\":\"https:\\\/\\\/www.podermexico.mx\",\"nextItem\":{\"@type\":\"ListItem\",\"@id\":\"https:\\\/\\\/www.podermexico.mx\\\/?cat=56#listItem\",\"name\":\"Gobierno\"}},{\"@type\":\"ListItem\",\"@id\":\"https:\\\/\\\/www.podermexico.mx\\\/?cat=56#listItem\",\"position\":2,\"name\":\"Gobierno\",\"item\":\"https:\\\/\\\/www.podermexico.mx\\\/?cat=56\",\"nextItem\":{\"@type\":\"ListItem\",\"@id\":\"https:\\\/\\\/www.podermexico.mx\\\/?p=4718#listItem\",\"name\":\"Sheinbaum rechaza afirmaciones de recesi\\u00f3n t\\u00e9cnica en M\\u00e9xico\"},\"previousItem\":{\"@type\":\"ListItem\",\"@id\":\"https:\\\/\\\/www.podermexico.mx#listItem\",\"name\":\"Home\"}},{\"@type\":\"ListItem\",\"@id\":\"https:\\\/\\\/www.podermexico.mx\\\/?p=4718#listItem\",\"position\":3,\"name\":\"Sheinbaum rechaza afirmaciones de recesi\\u00f3n t\\u00e9cnica en M\\u00e9xico\",\"previousItem\":{\"@type\":\"ListItem\",\"@id\":\"https:\\\/\\\/www.podermexico.mx\\\/?cat=56#listItem\",\"name\":\"Gobierno\"}}]},{\"@type\":\"Organization\",\"@id\":\"https:\\\/\\\/www.podermexico.mx\\\/#organization\",\"name\":\"Poder M\\u00e9xico\",\"description\":\"Donde los l\\u00edderes definen el futuro, exploramos tendencias y desciframos el mundo de la pol\\u00edtica y los negocios\",\"url\":\"https:\\\/\\\/www.podermexico.mx\\\/\"},{\"@type\":\"Person\",\"@id\":\"https:\\\/\\\/www.podermexico.mx\\\/?author=3#author\",\"url\":\"https:\\\/\\\/www.podermexico.mx\\\/?author=3\",\"name\":\"Indira Bustamante\",\"image\":{\"@type\":\"ImageObject\",\"@id\":\"https:\\\/\\\/www.podermexico.mx\\\/?p=4718#authorImage\",\"url\":\"https:\\\/\\\/secure.gravatar.com\\\/avatar\\\/a553c208de8403e1a86e0479159fe99c5a791d5689e2764f3bf73e3332b68647?s=96&d=mm&r=g\",\"width\":96,\"height\":96,\"caption\":\"Indira Bustamante\"}},{\"@type\":\"WebPage\",\"@id\":\"https:\\\/\\\/www.podermexico.mx\\\/?p=4718#webpage\",\"url\":\"https:\\\/\\\/www.podermexico.mx\\\/?p=4718\",\"name\":\"Sheinbaum rechaza afirmaciones de recesi\\u00f3n t\\u00e9cnica en M\\u00e9xico - Poder M\\u00e9xico\",\"description\":\"Claudia Sheinbaum rechaza que M\\u00e9xico est\\u00e9 en recesi\\u00f3n t\\u00e9cnica, destaca estabilidad econ\\u00f3mica y asegura que el Plan M\\u00e9xico fortalece la inversi\\u00f3n\",\"inLanguage\":\"es-MX\",\"isPartOf\":{\"@id\":\"https:\\\/\\\/www.podermexico.mx\\\/#website\"},\"breadcrumb\":{\"@id\":\"https:\\\/\\\/www.podermexico.mx\\\/?p=4718#breadcrumblist\"},\"author\":{\"@id\":\"https:\\\/\\\/www.podermexico.mx\\\/?author=3#author\"},\"creator\":{\"@id\":\"https:\\\/\\\/www.podermexico.mx\\\/?author=3#author\"},\"image\":{\"@type\":\"ImageObject\",\"url\":\"https:\\\/\\\/www.podermexico.mx\\\/wp-content\\\/uploads\\\/2025\\\/04\\\/2025-04-24_Conferencia_de_prensa_matutina_-_Palacio_Nacional_06_GM-1.jpg\",\"@id\":\"https:\\\/\\\/www.podermexico.mx\\\/?p=4718\\\/#mainImage\",\"width\":1500,\"height\":1000},\"primaryImageOfPage\":{\"@id\":\"https:\\\/\\\/www.podermexico.mx\\\/?p=4718#mainImage\"},\"datePublished\":\"2025-04-24T22:38:34-06:00\",\"dateModified\":\"2025-04-24T22:38:35-06:00\"},{\"@type\":\"WebSite\",\"@id\":\"https:\\\/\\\/www.podermexico.mx\\\/#website\",\"url\":\"https:\\\/\\\/www.podermexico.mx\\\/\",\"name\":\"Poder M\\u00e9xico\",\"description\":\"Donde los l\\u00edderes definen el futuro, exploramos tendencias y desciframos el mundo de la pol\\u00edtica y los negocios\",\"inLanguage\":\"es-MX\",\"publisher\":{\"@id\":\"https:\\\/\\\/www.podermexico.mx\\\/#organization\"}}]}\n\t\t<\/script>\n\t\t<!-- All in One SEO -->\n\n","aioseo_head_json":{"title":"Sheinbaum rechaza afirmaciones de recesi\u00f3n t\u00e9cnica en M\u00e9xico - Poder M\u00e9xico","description":"Claudia Sheinbaum rechaza que M\u00e9xico est\u00e9 en recesi\u00f3n t\u00e9cnica, destaca estabilidad econ\u00f3mica y asegura que el Plan M\u00e9xico fortalece la inversi\u00f3n","canonical_url":"https:\/\/www.podermexico.mx\/?p=4718","robots":"max-image-preview:large","keywords":"","webmasterTools":{"miscellaneous":""},"schema":{"@context":"https:\/\/schema.org","@graph":[{"@type":"BlogPosting","@id":"https:\/\/www.podermexico.mx\/?p=4718#blogposting","name":"Sheinbaum rechaza afirmaciones de recesi\u00f3n t\u00e9cnica en M\u00e9xico - Poder M\u00e9xico","headline":"Sheinbaum rechaza afirmaciones de recesi\u00f3n t\u00e9cnica en M\u00e9xico","author":{"@id":"https:\/\/www.podermexico.mx\/?author=3#author"},"publisher":{"@id":"https:\/\/www.podermexico.mx\/#organization"},"image":{"@type":"ImageObject","url":"https:\/\/www.podermexico.mx\/wp-content\/uploads\/2025\/04\/2025-04-24_Conferencia_de_prensa_matutina_-_Palacio_Nacional_06_GM-1.jpg","width":1500,"height":1000},"datePublished":"2025-04-24T22:38:34-06:00","dateModified":"2025-04-24T22:38:35-06:00","inLanguage":"es-MX","mainEntityOfPage":{"@id":"https:\/\/www.podermexico.mx\/?p=4718#webpage"},"isPartOf":{"@id":"https:\/\/www.podermexico.mx\/?p=4718#webpage"},"articleSection":"Gobierno, Claudia Sheinbaum, M\u00e9xico"},{"@type":"BreadcrumbList","@id":"https:\/\/www.podermexico.mx\/?p=4718#breadcrumblist","itemListElement":[{"@type":"ListItem","@id":"https:\/\/www.podermexico.mx#listItem","position":1,"name":"Home","item":"https:\/\/www.podermexico.mx","nextItem":{"@type":"ListItem","@id":"https:\/\/www.podermexico.mx\/?cat=56#listItem","name":"Gobierno"}},{"@type":"ListItem","@id":"https:\/\/www.podermexico.mx\/?cat=56#listItem","position":2,"name":"Gobierno","item":"https:\/\/www.podermexico.mx\/?cat=56","nextItem":{"@type":"ListItem","@id":"https:\/\/www.podermexico.mx\/?p=4718#listItem","name":"Sheinbaum rechaza afirmaciones de recesi\u00f3n t\u00e9cnica en M\u00e9xico"},"previousItem":{"@type":"ListItem","@id":"https:\/\/www.podermexico.mx#listItem","name":"Home"}},{"@type":"ListItem","@id":"https:\/\/www.podermexico.mx\/?p=4718#listItem","position":3,"name":"Sheinbaum rechaza afirmaciones de recesi\u00f3n t\u00e9cnica en M\u00e9xico","previousItem":{"@type":"ListItem","@id":"https:\/\/www.podermexico.mx\/?cat=56#listItem","name":"Gobierno"}}]},{"@type":"Organization","@id":"https:\/\/www.podermexico.mx\/#organization","name":"Poder M\u00e9xico","description":"Donde los l\u00edderes definen el futuro, exploramos tendencias y desciframos el mundo de la pol\u00edtica y los negocios","url":"https:\/\/www.podermexico.mx\/"},{"@type":"Person","@id":"https:\/\/www.podermexico.mx\/?author=3#author","url":"https:\/\/www.podermexico.mx\/?author=3","name":"Indira Bustamante","image":{"@type":"ImageObject","@id":"https:\/\/www.podermexico.mx\/?p=4718#authorImage","url":"https:\/\/secure.gravatar.com\/avatar\/a553c208de8403e1a86e0479159fe99c5a791d5689e2764f3bf73e3332b68647?s=96&d=mm&r=g","width":96,"height":96,"caption":"Indira Bustamante"}},{"@type":"WebPage","@id":"https:\/\/www.podermexico.mx\/?p=4718#webpage","url":"https:\/\/www.podermexico.mx\/?p=4718","name":"Sheinbaum rechaza afirmaciones de recesi\u00f3n t\u00e9cnica en M\u00e9xico - Poder M\u00e9xico","description":"Claudia Sheinbaum rechaza que M\u00e9xico est\u00e9 en recesi\u00f3n t\u00e9cnica, destaca estabilidad econ\u00f3mica y asegura que el Plan M\u00e9xico fortalece la inversi\u00f3n","inLanguage":"es-MX","isPartOf":{"@id":"https:\/\/www.podermexico.mx\/#website"},"breadcrumb":{"@id":"https:\/\/www.podermexico.mx\/?p=4718#breadcrumblist"},"author":{"@id":"https:\/\/www.podermexico.mx\/?author=3#author"},"creator":{"@id":"https:\/\/www.podermexico.mx\/?author=3#author"},"image":{"@type":"ImageObject","url":"https:\/\/www.podermexico.mx\/wp-content\/uploads\/2025\/04\/2025-04-24_Conferencia_de_prensa_matutina_-_Palacio_Nacional_06_GM-1.jpg","@id":"https:\/\/www.podermexico.mx\/?p=4718\/#mainImage","width":1500,"height":1000},"primaryImageOfPage":{"@id":"https:\/\/www.podermexico.mx\/?p=4718#mainImage"},"datePublished":"2025-04-24T22:38:34-06:00","dateModified":"2025-04-24T22:38:35-06:00"},{"@type":"WebSite","@id":"https:\/\/www.podermexico.mx\/#website","url":"https:\/\/www.podermexico.mx\/","name":"Poder M\u00e9xico","description":"Donde los l\u00edderes definen el futuro, exploramos tendencias y desciframos el mundo de la pol\u00edtica y los negocios","inLanguage":"es-MX","publisher":{"@id":"https:\/\/www.podermexico.mx\/#organization"}}]},"og:locale":"es_MX","og:site_name":"Poder M\u00e9xico - Donde los l\u00edderes definen el futuro, exploramos tendencias y desciframos el mundo de la pol\u00edtica y los negocios","og:type":"article","og:title":"Sheinbaum rechaza afirmaciones de recesi\u00f3n t\u00e9cnica en M\u00e9xico - Poder M\u00e9xico","og:description":"Claudia Sheinbaum rechaza que M\u00e9xico est\u00e9 en recesi\u00f3n t\u00e9cnica, destaca estabilidad econ\u00f3mica y asegura que el Plan M\u00e9xico fortalece la inversi\u00f3n","og:url":"https:\/\/www.podermexico.mx\/?p=4718","article:published_time":"2025-04-24T22:38:34+00:00","article:modified_time":"2025-04-24T22:38:35+00:00","twitter:card":"summary_large_image","twitter:title":"Sheinbaum rechaza afirmaciones de recesi\u00f3n t\u00e9cnica en M\u00e9xico - Poder M\u00e9xico","twitter:description":"Claudia Sheinbaum rechaza que M\u00e9xico est\u00e9 en recesi\u00f3n t\u00e9cnica, destaca estabilidad econ\u00f3mica y asegura que el Plan M\u00e9xico fortalece la inversi\u00f3n"},"aioseo_meta_data":{"post_id":"4718","title":null,"description":"Claudia Sheinbaum rechaza que M\u00e9xico est\u00e9 en recesi\u00f3n t\u00e9cnica, destaca estabilidad econ\u00f3mica y asegura que el Plan M\u00e9xico fortalece la inversi\u00f3n","keywords":null,"keyphrases":{"focus":{"keyphrase":"","score":0,"analysis":{"keyphraseInTitle":{"score":0,"maxScore":9,"error":1}}},"additional":[]},"primary_term":null,"canonical_url":null,"og_title":null,"og_description":null,"og_object_type":"default","og_image_type":"default","og_image_url":null,"og_image_width":null,"og_image_height":null,"og_image_custom_url":null,"og_image_custom_fields":null,"og_video":"","og_custom_url":null,"og_article_section":null,"og_article_tags":null,"twitter_use_og":false,"twitter_card":"default","twitter_image_type":"default","twitter_image_url":null,"twitter_image_custom_url":null,"twitter_image_custom_fields":null,"twitter_title":null,"twitter_description":null,"schema":{"blockGraphs":[],"customGraphs":[],"default":{"data":{"Article":[],"Course":[],"Dataset":[],"FAQPage":[],"Movie":[],"Person":[],"Product":[],"ProductReview":[],"Car":[],"Recipe":[],"Service":[],"SoftwareApplication":[],"WebPage":[]},"graphName":"BlogPosting","isEnabled":true},"graphs":[]},"schema_type":"default","schema_type_options":null,"pillar_content":false,"robots_default":true,"robots_noindex":false,"robots_noarchive":false,"robots_nosnippet":false,"robots_nofollow":false,"robots_noimageindex":false,"robots_noodp":false,"robots_notranslate":false,"robots_max_snippet":"-1","robots_max_videopreview":"-1","robots_max_imagepreview":"large","priority":null,"frequency":"default","local_seo":null,"breadcrumb_settings":null,"limit_modified_date":false,"ai":null,"created":"2025-04-24 22:38:35","updated":"2025-07-13 02:19:02","seo_analyzer_scan_date":null,"focus_keyword":null,"additional_keywords":null,"truseo_locale":null},"aioseo_breadcrumb":"<div class=\"aioseo-breadcrumbs\"><span class=\"aioseo-breadcrumb\">\n\t\t\t<a href=\"https:\/\/www.podermexico.mx\" title=\"Home\">Home<\/a>\n\t\t<\/span><span class=\"aioseo-breadcrumb-separator\">&raquo;<\/span><span class=\"aioseo-breadcrumb\">\n\t\t\t<a href=\"https:\/\/www.podermexico.mx\/?cat=56\" title=\"Gobierno\">Gobierno<\/a>\n\t\t<\/span><span class=\"aioseo-breadcrumb-separator\">&raquo;<\/span><span class=\"aioseo-breadcrumb\">\n\t\t\tSheinbaum rechaza afirmaciones de recesi\u00f3n t\u00e9cnica en M\u00e9xico\n\t\t<\/span><\/div>","aioseo_breadcrumb_json":[{"label":"Home","link":"https:\/\/www.podermexico.mx"},{"label":"Gobierno","link":"https:\/\/www.podermexico.mx\/?cat=56"},{"label":"Sheinbaum rechaza afirmaciones de recesi\u00f3n t\u00e9cnica en M\u00e9xico","link":"https:\/\/www.podermexico.mx\/?p=4718"}],"_links":{"self":[{"href":"https:\/\/www.podermexico.mx\/index.php?rest_route=\/wp\/v2\/posts\/4718","targetHints":{"allow":["GET"]}}],"collection":[{"href":"https:\/\/www.podermexico.mx\/index.php?rest_route=\/wp\/v2\/posts"}],"about":[{"href":"https:\/\/www.podermexico.mx\/index.php?rest_route=\/wp\/v2\/types\/post"}],"author":[{"embeddable":true,"href":"https:\/\/www.podermexico.mx\/index.php?rest_route=\/wp\/v2\/users\/3"}],"replies":[{"embeddable":true,"href":"https:\/\/www.podermexico.mx\/index.php?rest_route=%2Fwp%2Fv2%2Fcomments&post=4718"}],"version-history":[{"count":1,"href":"https:\/\/www.podermexico.mx\/index.php?rest_route=\/wp\/v2\/posts\/4718\/revisions"}],"predecessor-version":[{"id":4720,"href":"https:\/\/www.podermexico.mx\/index.php?rest_route=\/wp\/v2\/posts\/4718\/revisions\/4720"}],"wp:featuredmedia":[{"embeddable":true,"href":"https:\/\/www.podermexico.mx\/index.php?rest_route=\/wp\/v2\/media\/4719"}],"wp:attachment":[{"href":"https:\/\/www.podermexico.mx\/index.php?rest_route=%2Fwp%2Fv2%2Fmedia&parent=4718"}],"wp:term":[{"taxonomy":"category","embeddable":true,"href":"https:\/\/www.podermexico.mx\/index.php?rest_route=%2Fwp%2Fv2%2Fcategories&post=4718"},{"taxonomy":"post_tag","embeddable":true,"href":"https:\/\/www.podermexico.mx\/index.php?rest_route=%2Fwp%2Fv2%2Ftags&post=4718"}],"curies":[{"name":"wp","href":"https:\/\/api.w.org\/{rel}","templated":true}]}}