
{"id":4683,"date":"2025-04-22T23:01:59","date_gmt":"2025-04-22T23:01:59","guid":{"rendered":"https:\/\/www.podermexico.mx\/?p=4683"},"modified":"2025-04-22T23:02:01","modified_gmt":"2025-04-22T23:02:01","slug":"sheinbaum-rechaza-pronostico-del-fmi-asegura-estabilidad-economica","status":"publish","type":"post","link":"https:\/\/www.podermexico.mx\/?p=4683","title":{"rendered":"Sheinbaum rechaza pron\u00f3stico del FMI, asegura estabilidad econ\u00f3mica"},"content":{"rendered":"\n<p><strong>Claudia Sheinbaum<\/strong> expres\u00f3 su desacuerdo con el pron\u00f3stico del <strong>Fondo Monetario Internacional (FMI)<\/strong>, que prev\u00e9 una contracci\u00f3n econ\u00f3mica del <strong>0.3%<\/strong> para el pa\u00eds en <strong>2025<\/strong>. Durante la conferencia de prensa matutina, la presidenta de M\u00e9xico destac\u00f3 que la <strong>econom\u00eda<\/strong> nacional se encuentra en una <strong>posici\u00f3n s\u00f3lida<\/strong> y que las <strong>pol\u00edticas implementadas<\/strong> por el gobierno federal han contribuido a mantener la <strong>estabilidad econ\u00f3mica<\/strong>.<\/p>\n\n\n\n<p><strong>\u201cLa econom\u00eda est\u00e1 s\u00f3lida, hay inversi\u00f3n p\u00fablica y privada, y se est\u00e1n generando empleos. No coincidimos con el pron\u00f3stico del FMI porque los datos que tenemos muestran un panorama diferente,\u201d<\/strong> afirm\u00f3 Sheinbaum. La mandataria subray\u00f3 que los proyectos de <strong>infraestructura<\/strong>, como el <strong>Tren Maya<\/strong> y el <strong>Aeropuerto Internacional Felipe \u00c1ngeles<\/strong>, est\u00e1n impulsando el <strong>crecimiento econ\u00f3mico<\/strong> en diversas regiones del pa\u00eds.<\/p>\n\n\n\n<p>Adem\u00e1s, Sheinbaum se\u00f1al\u00f3 que el <strong>Gobierno Federal<\/strong> ha priorizado el <strong>bienestar social<\/strong>, lo que ha permitido fortalecer el <strong>consumo interno<\/strong> y reducir las <strong>desigualdades econ\u00f3micas<\/strong>. Seg\u00fan la mandataria federal, estas <strong>medidas<\/strong> han sido clave para enfrentar los <strong>desaf\u00edos econ\u00f3micos globales<\/strong> y garantizar la <strong>estabilidad<\/strong> en <strong>M\u00e9xico<\/strong>.<\/p>\n\n\n\n<p>El pron\u00f3stico del <strong>FMI<\/strong> ha generado diversas reacciones en el \u00e1mbito pol\u00edtico y econ\u00f3mico, pero Sheinbaum reiter\u00f3 su confianza en las <strong>pol\u00edticas p\u00fablicas actuales<\/strong> y en el potencial de la <strong>econom\u00eda mexicana<\/strong> para superar las <strong>expectativas internacionales<\/strong>. <strong>\u201cEstamos viendo un M\u00e9xico que avanza, que invierte y que genera oportunidades para todos\u201d<\/strong>, resalt\u00f3.<\/p>\n","protected":false},"excerpt":{"rendered":"<p>Claudia Sheinbaum expres\u00f3 su desacuerdo con el pron\u00f3stico del Fondo Monetario Internacional (FMI), que prev\u00e9 una contracci\u00f3n econ\u00f3mica del 0.3% para el pa\u00eds en 2025. Durante la conferencia de prensa matutina, la presidenta de M\u00e9xico destac\u00f3 que la econom\u00eda nacional se encuentra en una posici\u00f3n s\u00f3lida y que las pol\u00edticas implementadas por el gobierno federal han contribuido a mantener la &hellip;<\/p>\n","protected":false},"author":7,"featured_media":4684,"comment_status":"open","ping_status":"open","sticky":false,"template":"","format":"standard","meta":{"footnotes":""},"categories":[56],"tags":[],"class_list":["post-4683","post","type-post","status-publish","format-standard","has-post-thumbnail","hentry","category-gobierno"],"aioseo_notices":[],"_links":{"self":[{"href":"https:\/\/www.podermexico.mx\/index.php?rest_route=\/wp\/v2\/posts\/4683","targetHints":{"allow":["GET"]}}],"collection":[{"href":"https:\/\/www.podermexico.mx\/index.php?rest_route=\/wp\/v2\/posts"}],"about":[{"href":"https:\/\/www.podermexico.mx\/index.php?rest_route=\/wp\/v2\/types\/post"}],"author":[{"embeddable":true,"href":"https:\/\/www.podermexico.mx\/index.php?rest_route=\/wp\/v2\/users\/7"}],"replies":[{"embeddable":true,"href":"https:\/\/www.podermexico.mx\/index.php?rest_route=%2Fwp%2Fv2%2Fcomments&post=4683"}],"version-history":[{"count":1,"href":"https:\/\/www.podermexico.mx\/index.php?rest_route=\/wp\/v2\/posts\/4683\/revisions"}],"predecessor-version":[{"id":4685,"href":"https:\/\/www.podermexico.mx\/index.php?rest_route=\/wp\/v2\/posts\/4683\/revisions\/4685"}],"wp:featuredmedia":[{"embeddable":true,"href":"https:\/\/www.podermexico.mx\/index.php?rest_route=\/wp\/v2\/media\/4684"}],"wp:attachment":[{"href":"https:\/\/www.podermexico.mx\/index.php?rest_route=%2Fwp%2Fv2%2Fmedia&parent=4683"}],"wp:term":[{"taxonomy":"category","embeddable":true,"href":"https:\/\/www.podermexico.mx\/index.php?rest_route=%2Fwp%2Fv2%2Fcategories&post=4683"},{"taxonomy":"post_tag","embeddable":true,"href":"https:\/\/www.podermexico.mx\/index.php?rest_route=%2Fwp%2Fv2%2Ftags&post=4683"}],"curies":[{"name":"wp","href":"https:\/\/api.w.org\/{rel}","templated":true}]}}