
{"id":4668,"date":"2025-04-22T15:43:00","date_gmt":"2025-04-22T15:43:00","guid":{"rendered":"https:\/\/www.podermexico.mx\/?p=4668"},"modified":"2025-04-22T15:49:12","modified_gmt":"2025-04-22T15:49:12","slug":"no-hay-problemas-con-devolucion-de-impuestos-a-contribuyentes-sheinbaum","status":"publish","type":"post","link":"https:\/\/www.podermexico.mx\/?p=4668","title":{"rendered":"No hay problemas con devoluci\u00f3n de impuestos a contribuyentes: Sheinbaum"},"content":{"rendered":"\n<p class=\"wp-block-paragraph\"><strong>La presidenta de M\u00e9xico, Claudia Sheinbaum<\/strong>, descart\u00f3 la existencia de alg\u00fan <strong>problema con la devoluci\u00f3n de impuestos<\/strong> a los contribuyentes por parte de la <strong>Servicio de Administraci\u00f3n Tributaria<\/strong> <strong>(SAT)<\/strong> tras diversas <strong>quejas por parte de usuarios<\/strong> a trav\u00e9s de <strong>redes sociales<\/strong>.<\/p>\n\n\n\n<p class=\"wp-block-paragraph\">Al ser cuestionada sobre los comentarios de <strong>decenas de usuarios<\/strong> respecto a que <strong>no han recibido los montos correspondientes<\/strong> y otros m\u00e1s a quienes <strong>les han rechazado su declaraci\u00f3n<\/strong>, la mandataria respondi\u00f3 que <strong>\u201cno hay ning\u00fan problema\u201d<\/strong>. <\/p>\n\n\n\n<p class=\"wp-block-paragraph\"><em>&#8220;Son los tiempos de ley, no hay ning\u00fan problema en la devoluci\u00f3n en aquellos que les corresponde la devoluci\u00f3n de impuestos y se cumplen los plazos de ley siempre&#8221;<\/em>, expres\u00f3.<\/p>\n\n\n\n<p class=\"wp-block-paragraph\">Hasta el <strong>15 de abril de 2025<\/strong>, el <strong>SAT<\/strong> ha otorgado cerca de <strong>1.3 millones de devoluciones<\/strong> a <strong>personas f\u00edsicas<\/strong>, acumulando un monto total de <strong>10,323 millones de pesos<\/strong>, seg\u00fan datos oficiales.<\/p>\n\n\n\n<p class=\"wp-block-paragraph\">Sin embargo, <strong>habr\u00eda rechazado m\u00e1s del 30 por ciento de las solicitudes de devoluciones de saldo a favor<\/strong>, lo que ha generado <strong>preocupaci\u00f3n y desconfianza<\/strong> entre <strong>millones de contribuyentes en M\u00e9xico<\/strong>, seg\u00fan informaci\u00f3n publicada por <strong>Reforma<\/strong>. Estos datos coinciden con reportes de la plataforma <strong>TaxDown<\/strong>, que han destacado la <strong>dificultad que enfrentan los solicitantes<\/strong> en el proceso de recuperaci\u00f3n de impuestos.<\/p>\n","protected":false},"excerpt":{"rendered":"<p>La presidenta de M\u00e9xico, Claudia Sheinbaum, descart\u00f3 la existencia de alg\u00fan problema con la devoluci\u00f3n de impuestos a los contribuyentes por parte de la Servicio de Administraci\u00f3n Tributaria (SAT) tras diversas quejas por parte de usuarios a trav\u00e9s de redes sociales. Al ser cuestionada sobre los comentarios de decenas de usuarios respecto a que no han recibido los montos correspondientes &hellip;<\/p>\n","protected":false},"author":7,"featured_media":4669,"comment_status":"open","ping_status":"open","sticky":false,"template":"","format":"standard","meta":{"footnotes":""},"categories":[58],"tags":[104],"class_list":["post-4668","post","type-post","status-publish","format-standard","has-post-thumbnail","hentry","category-politica","tag-mexico"],"aioseo_notices":[],"aioseo_head":"\n\t\t<!-- All in One SEO 5.0.0.1 - aioseo.com -->\n\t<meta name=\"description\" content=\"Claudia Sheinbaum descarta problemas en la devoluci\u00f3n de impuestos por parte del SAT, pese a quejas en redes sociales\" \/>\n\t<meta name=\"robots\" content=\"max-image-preview:large\" \/>\n\t<meta name=\"author\" content=\"Poder M\u00e9xico\"\/>\n\t<link rel=\"canonical\" href=\"https:\/\/www.podermexico.mx\/?p=4668\" \/>\n\t<meta name=\"generator\" content=\"All in One SEO (AIOSEO) 5.0.0.1\" \/>\n\t\t<meta property=\"og:locale\" content=\"es_MX\" \/>\n\t\t<meta property=\"og:site_name\" content=\"Poder M\u00e9xico - Donde los l\u00edderes definen el futuro, exploramos tendencias y desciframos el mundo de la pol\u00edtica y los negocios\" \/>\n\t\t<meta property=\"og:type\" content=\"article\" \/>\n\t\t<meta property=\"og:title\" content=\"No hay problemas con devoluci\u00f3n de impuestos a contribuyentes: Sheinbaum - Poder M\u00e9xico\" \/>\n\t\t<meta property=\"og:description\" content=\"Claudia Sheinbaum descarta problemas en la devoluci\u00f3n de impuestos por parte del SAT, pese a quejas en redes sociales\" \/>\n\t\t<meta property=\"og:url\" content=\"https:\/\/www.podermexico.mx\/?p=4668\" \/>\n\t\t<meta property=\"article:published_time\" content=\"2025-04-22T15:43:00+00:00\" \/>\n\t\t<meta property=\"article:modified_time\" content=\"2025-04-22T15:49:12+00:00\" \/>\n\t\t<meta name=\"twitter:card\" content=\"summary_large_image\" \/>\n\t\t<meta name=\"twitter:title\" content=\"No hay problemas con devoluci\u00f3n de impuestos a contribuyentes: Sheinbaum - Poder M\u00e9xico\" \/>\n\t\t<meta name=\"twitter:description\" content=\"Claudia Sheinbaum descarta problemas en la devoluci\u00f3n de impuestos por parte del SAT, pese a quejas en redes sociales\" \/>\n\t\t<script type=\"application\/ld+json\" class=\"aioseo-schema\">\n\t\t\t{\"@context\":\"https:\\\/\\\/schema.org\",\"@graph\":[{\"@type\":\"BlogPosting\",\"@id\":\"https:\\\/\\\/www.podermexico.mx\\\/?p=4668#blogposting\",\"name\":\"No hay problemas con devoluci\\u00f3n de impuestos a contribuyentes: Sheinbaum - Poder M\\u00e9xico\",\"headline\":\"No hay problemas con devoluci\\u00f3n de impuestos a contribuyentes: Sheinbaum\",\"author\":{\"@id\":\"https:\\\/\\\/www.podermexico.mx\\\/?author=7#author\"},\"publisher\":{\"@id\":\"https:\\\/\\\/www.podermexico.mx\\\/#organization\"},\"image\":{\"@type\":\"ImageObject\",\"url\":\"https:\\\/\\\/www.podermexico.mx\\\/wp-content\\\/uploads\\\/2025\\\/04\\\/2025-04-21_Conferencia_de_prensa_matutina_-_Palacio_Nacional_16_SLE.jpg\",\"width\":1034,\"height\":719,\"caption\":\"Foto: Sa\\u00fal L\\u00f3pez Escorcia\\\/Presidencia\"},\"datePublished\":\"2025-04-22T15:43:00-06:00\",\"dateModified\":\"2025-04-22T15:49:12-06:00\",\"inLanguage\":\"es-MX\",\"mainEntityOfPage\":{\"@id\":\"https:\\\/\\\/www.podermexico.mx\\\/?p=4668#webpage\"},\"isPartOf\":{\"@id\":\"https:\\\/\\\/www.podermexico.mx\\\/?p=4668#webpage\"},\"articleSection\":\"Pol\\u00edtica, M\\u00e9xico\"},{\"@type\":\"BreadcrumbList\",\"@id\":\"https:\\\/\\\/www.podermexico.mx\\\/?p=4668#breadcrumblist\",\"itemListElement\":[{\"@type\":\"ListItem\",\"@id\":\"https:\\\/\\\/www.podermexico.mx#listItem\",\"position\":1,\"name\":\"Home\",\"item\":\"https:\\\/\\\/www.podermexico.mx\",\"nextItem\":{\"@type\":\"ListItem\",\"@id\":\"https:\\\/\\\/www.podermexico.mx\\\/?cat=58#listItem\",\"name\":\"Pol\\u00edtica\"}},{\"@type\":\"ListItem\",\"@id\":\"https:\\\/\\\/www.podermexico.mx\\\/?cat=58#listItem\",\"position\":2,\"name\":\"Pol\\u00edtica\",\"item\":\"https:\\\/\\\/www.podermexico.mx\\\/?cat=58\",\"nextItem\":{\"@type\":\"ListItem\",\"@id\":\"https:\\\/\\\/www.podermexico.mx\\\/?p=4668#listItem\",\"name\":\"No hay problemas con devoluci\\u00f3n de impuestos a contribuyentes: Sheinbaum\"},\"previousItem\":{\"@type\":\"ListItem\",\"@id\":\"https:\\\/\\\/www.podermexico.mx#listItem\",\"name\":\"Home\"}},{\"@type\":\"ListItem\",\"@id\":\"https:\\\/\\\/www.podermexico.mx\\\/?p=4668#listItem\",\"position\":3,\"name\":\"No hay problemas con devoluci\\u00f3n de impuestos a contribuyentes: Sheinbaum\",\"previousItem\":{\"@type\":\"ListItem\",\"@id\":\"https:\\\/\\\/www.podermexico.mx\\\/?cat=58#listItem\",\"name\":\"Pol\\u00edtica\"}}]},{\"@type\":\"Organization\",\"@id\":\"https:\\\/\\\/www.podermexico.mx\\\/#organization\",\"name\":\"Poder M\\u00e9xico\",\"description\":\"Donde los l\\u00edderes definen el futuro, exploramos tendencias y desciframos el mundo de la pol\\u00edtica y los negocios\",\"url\":\"https:\\\/\\\/www.podermexico.mx\\\/\"},{\"@type\":\"Person\",\"@id\":\"https:\\\/\\\/www.podermexico.mx\\\/?author=7#author\",\"url\":\"https:\\\/\\\/www.podermexico.mx\\\/?author=7\",\"name\":\"Poder M\\u00e9xico\",\"image\":{\"@type\":\"ImageObject\",\"@id\":\"https:\\\/\\\/www.podermexico.mx\\\/?p=4668#authorImage\",\"url\":\"https:\\\/\\\/secure.gravatar.com\\\/avatar\\\/6873d270747c7f511ab0e491b4ef59ff185c68a5912118c90f83cdcd498e434b?s=96&d=mm&r=g\",\"width\":96,\"height\":96,\"caption\":\"Poder M\\u00e9xico\"}},{\"@type\":\"WebPage\",\"@id\":\"https:\\\/\\\/www.podermexico.mx\\\/?p=4668#webpage\",\"url\":\"https:\\\/\\\/www.podermexico.mx\\\/?p=4668\",\"name\":\"No hay problemas con devoluci\\u00f3n de impuestos a contribuyentes: Sheinbaum - Poder M\\u00e9xico\",\"description\":\"Claudia Sheinbaum descarta problemas en la devoluci\\u00f3n de impuestos por parte del SAT, pese a quejas en redes sociales\",\"inLanguage\":\"es-MX\",\"isPartOf\":{\"@id\":\"https:\\\/\\\/www.podermexico.mx\\\/#website\"},\"breadcrumb\":{\"@id\":\"https:\\\/\\\/www.podermexico.mx\\\/?p=4668#breadcrumblist\"},\"author\":{\"@id\":\"https:\\\/\\\/www.podermexico.mx\\\/?author=7#author\"},\"creator\":{\"@id\":\"https:\\\/\\\/www.podermexico.mx\\\/?author=7#author\"},\"image\":{\"@type\":\"ImageObject\",\"url\":\"https:\\\/\\\/www.podermexico.mx\\\/wp-content\\\/uploads\\\/2025\\\/04\\\/2025-04-21_Conferencia_de_prensa_matutina_-_Palacio_Nacional_16_SLE.jpg\",\"@id\":\"https:\\\/\\\/www.podermexico.mx\\\/?p=4668\\\/#mainImage\",\"width\":1034,\"height\":719,\"caption\":\"Foto: Sa\\u00fal L\\u00f3pez Escorcia\\\/Presidencia\"},\"primaryImageOfPage\":{\"@id\":\"https:\\\/\\\/www.podermexico.mx\\\/?p=4668#mainImage\"},\"datePublished\":\"2025-04-22T15:43:00-06:00\",\"dateModified\":\"2025-04-22T15:49:12-06:00\"},{\"@type\":\"WebSite\",\"@id\":\"https:\\\/\\\/www.podermexico.mx\\\/#website\",\"url\":\"https:\\\/\\\/www.podermexico.mx\\\/\",\"name\":\"Poder M\\u00e9xico\",\"description\":\"Donde los l\\u00edderes definen el futuro, exploramos tendencias y desciframos el mundo de la pol\\u00edtica y los negocios\",\"inLanguage\":\"es-MX\",\"publisher\":{\"@id\":\"https:\\\/\\\/www.podermexico.mx\\\/#organization\"}}]}\n\t\t<\/script>\n\t\t<!-- All in One SEO -->\n\n","aioseo_head_json":{"title":"No hay problemas con devoluci\u00f3n de impuestos a contribuyentes: Sheinbaum - Poder M\u00e9xico","description":"Claudia Sheinbaum descarta problemas en la devoluci\u00f3n de impuestos por parte del SAT, pese a quejas en redes sociales","canonical_url":"https:\/\/www.podermexico.mx\/?p=4668","robots":"max-image-preview:large","keywords":"","webmasterTools":{"miscellaneous":""},"schema":{"@context":"https:\/\/schema.org","@graph":[{"@type":"BlogPosting","@id":"https:\/\/www.podermexico.mx\/?p=4668#blogposting","name":"No hay problemas con devoluci\u00f3n de impuestos a contribuyentes: Sheinbaum - Poder M\u00e9xico","headline":"No hay problemas con devoluci\u00f3n de impuestos a contribuyentes: Sheinbaum","author":{"@id":"https:\/\/www.podermexico.mx\/?author=7#author"},"publisher":{"@id":"https:\/\/www.podermexico.mx\/#organization"},"image":{"@type":"ImageObject","url":"https:\/\/www.podermexico.mx\/wp-content\/uploads\/2025\/04\/2025-04-21_Conferencia_de_prensa_matutina_-_Palacio_Nacional_16_SLE.jpg","width":1034,"height":719,"caption":"Foto: Sa\u00fal L\u00f3pez Escorcia\/Presidencia"},"datePublished":"2025-04-22T15:43:00-06:00","dateModified":"2025-04-22T15:49:12-06:00","inLanguage":"es-MX","mainEntityOfPage":{"@id":"https:\/\/www.podermexico.mx\/?p=4668#webpage"},"isPartOf":{"@id":"https:\/\/www.podermexico.mx\/?p=4668#webpage"},"articleSection":"Pol\u00edtica, M\u00e9xico"},{"@type":"BreadcrumbList","@id":"https:\/\/www.podermexico.mx\/?p=4668#breadcrumblist","itemListElement":[{"@type":"ListItem","@id":"https:\/\/www.podermexico.mx#listItem","position":1,"name":"Home","item":"https:\/\/www.podermexico.mx","nextItem":{"@type":"ListItem","@id":"https:\/\/www.podermexico.mx\/?cat=58#listItem","name":"Pol\u00edtica"}},{"@type":"ListItem","@id":"https:\/\/www.podermexico.mx\/?cat=58#listItem","position":2,"name":"Pol\u00edtica","item":"https:\/\/www.podermexico.mx\/?cat=58","nextItem":{"@type":"ListItem","@id":"https:\/\/www.podermexico.mx\/?p=4668#listItem","name":"No hay problemas con devoluci\u00f3n de impuestos a contribuyentes: Sheinbaum"},"previousItem":{"@type":"ListItem","@id":"https:\/\/www.podermexico.mx#listItem","name":"Home"}},{"@type":"ListItem","@id":"https:\/\/www.podermexico.mx\/?p=4668#listItem","position":3,"name":"No hay problemas con devoluci\u00f3n de impuestos a contribuyentes: Sheinbaum","previousItem":{"@type":"ListItem","@id":"https:\/\/www.podermexico.mx\/?cat=58#listItem","name":"Pol\u00edtica"}}]},{"@type":"Organization","@id":"https:\/\/www.podermexico.mx\/#organization","name":"Poder M\u00e9xico","description":"Donde los l\u00edderes definen el futuro, exploramos tendencias y desciframos el mundo de la pol\u00edtica y los negocios","url":"https:\/\/www.podermexico.mx\/"},{"@type":"Person","@id":"https:\/\/www.podermexico.mx\/?author=7#author","url":"https:\/\/www.podermexico.mx\/?author=7","name":"Poder M\u00e9xico","image":{"@type":"ImageObject","@id":"https:\/\/www.podermexico.mx\/?p=4668#authorImage","url":"https:\/\/secure.gravatar.com\/avatar\/6873d270747c7f511ab0e491b4ef59ff185c68a5912118c90f83cdcd498e434b?s=96&d=mm&r=g","width":96,"height":96,"caption":"Poder M\u00e9xico"}},{"@type":"WebPage","@id":"https:\/\/www.podermexico.mx\/?p=4668#webpage","url":"https:\/\/www.podermexico.mx\/?p=4668","name":"No hay problemas con devoluci\u00f3n de impuestos a contribuyentes: Sheinbaum - Poder M\u00e9xico","description":"Claudia Sheinbaum descarta problemas en la devoluci\u00f3n de impuestos por parte del SAT, pese a quejas en redes sociales","inLanguage":"es-MX","isPartOf":{"@id":"https:\/\/www.podermexico.mx\/#website"},"breadcrumb":{"@id":"https:\/\/www.podermexico.mx\/?p=4668#breadcrumblist"},"author":{"@id":"https:\/\/www.podermexico.mx\/?author=7#author"},"creator":{"@id":"https:\/\/www.podermexico.mx\/?author=7#author"},"image":{"@type":"ImageObject","url":"https:\/\/www.podermexico.mx\/wp-content\/uploads\/2025\/04\/2025-04-21_Conferencia_de_prensa_matutina_-_Palacio_Nacional_16_SLE.jpg","@id":"https:\/\/www.podermexico.mx\/?p=4668\/#mainImage","width":1034,"height":719,"caption":"Foto: Sa\u00fal L\u00f3pez Escorcia\/Presidencia"},"primaryImageOfPage":{"@id":"https:\/\/www.podermexico.mx\/?p=4668#mainImage"},"datePublished":"2025-04-22T15:43:00-06:00","dateModified":"2025-04-22T15:49:12-06:00"},{"@type":"WebSite","@id":"https:\/\/www.podermexico.mx\/#website","url":"https:\/\/www.podermexico.mx\/","name":"Poder M\u00e9xico","description":"Donde los l\u00edderes definen el futuro, exploramos tendencias y desciframos el mundo de la pol\u00edtica y los negocios","inLanguage":"es-MX","publisher":{"@id":"https:\/\/www.podermexico.mx\/#organization"}}]},"og:locale":"es_MX","og:site_name":"Poder M\u00e9xico - Donde los l\u00edderes definen el futuro, exploramos tendencias y desciframos el mundo de la pol\u00edtica y los negocios","og:type":"article","og:title":"No hay problemas con devoluci\u00f3n de impuestos a contribuyentes: Sheinbaum - Poder M\u00e9xico","og:description":"Claudia Sheinbaum descarta problemas en la devoluci\u00f3n de impuestos por parte del SAT, pese a quejas en redes sociales","og:url":"https:\/\/www.podermexico.mx\/?p=4668","article:published_time":"2025-04-22T15:43:00+00:00","article:modified_time":"2025-04-22T15:49:12+00:00","twitter:card":"summary_large_image","twitter:title":"No hay problemas con devoluci\u00f3n de impuestos a contribuyentes: Sheinbaum - Poder M\u00e9xico","twitter:description":"Claudia Sheinbaum descarta problemas en la devoluci\u00f3n de impuestos por parte del SAT, pese a quejas en redes sociales"},"aioseo_meta_data":{"post_id":"4668","title":null,"description":"Claudia Sheinbaum descarta problemas en la devoluci\u00f3n de impuestos por parte del SAT, pese a quejas en redes sociales","keywords":null,"keyphrases":{"focus":{"keyphrase":"","score":0,"analysis":{"keyphraseInTitle":{"score":0,"maxScore":9,"error":1}}},"additional":[]},"primary_term":null,"canonical_url":null,"og_title":null,"og_description":null,"og_object_type":"default","og_image_type":"default","og_image_url":null,"og_image_width":null,"og_image_height":null,"og_image_custom_url":null,"og_image_custom_fields":null,"og_video":"","og_custom_url":null,"og_article_section":null,"og_article_tags":null,"twitter_use_og":false,"twitter_card":"default","twitter_image_type":"default","twitter_image_url":null,"twitter_image_custom_url":null,"twitter_image_custom_fields":null,"twitter_title":null,"twitter_description":null,"schema":{"blockGraphs":[],"customGraphs":[],"default":{"data":{"Article":[],"Course":[],"Dataset":[],"FAQPage":[],"Movie":[],"Person":[],"Product":[],"ProductReview":[],"Car":[],"Recipe":[],"Service":[],"SoftwareApplication":[],"WebPage":[]},"graphName":"BlogPosting","isEnabled":true},"graphs":[]},"schema_type":"default","schema_type_options":null,"pillar_content":false,"robots_default":true,"robots_noindex":false,"robots_noarchive":false,"robots_nosnippet":false,"robots_nofollow":false,"robots_noimageindex":false,"robots_noodp":false,"robots_notranslate":false,"robots_max_snippet":"-1","robots_max_videopreview":"-1","robots_max_imagepreview":"large","priority":null,"frequency":"default","local_seo":null,"breadcrumb_settings":null,"limit_modified_date":false,"ai":null,"created":"2025-04-22 15:43:01","updated":"2025-07-13 01:19:01","seo_analyzer_scan_date":null,"focus_keyword":null,"additional_keywords":null,"truseo_locale":null},"aioseo_breadcrumb":"<div class=\"aioseo-breadcrumbs\"><span class=\"aioseo-breadcrumb\">\n\t\t\t<a href=\"https:\/\/www.podermexico.mx\" title=\"Home\">Home<\/a>\n\t\t<\/span><span class=\"aioseo-breadcrumb-separator\">&raquo;<\/span><span class=\"aioseo-breadcrumb\">\n\t\t\t<a href=\"https:\/\/www.podermexico.mx\/?cat=58\" title=\"Pol\u00edtica\">Pol\u00edtica<\/a>\n\t\t<\/span><span class=\"aioseo-breadcrumb-separator\">&raquo;<\/span><span class=\"aioseo-breadcrumb\">\n\t\t\tNo hay problemas con devoluci\u00f3n de impuestos a contribuyentes: Sheinbaum\n\t\t<\/span><\/div>","aioseo_breadcrumb_json":[{"label":"Home","link":"https:\/\/www.podermexico.mx"},{"label":"Pol\u00edtica","link":"https:\/\/www.podermexico.mx\/?cat=58"},{"label":"No hay problemas con devoluci\u00f3n de impuestos a contribuyentes: Sheinbaum","link":"https:\/\/www.podermexico.mx\/?p=4668"}],"_links":{"self":[{"href":"https:\/\/www.podermexico.mx\/index.php?rest_route=\/wp\/v2\/posts\/4668","targetHints":{"allow":["GET"]}}],"collection":[{"href":"https:\/\/www.podermexico.mx\/index.php?rest_route=\/wp\/v2\/posts"}],"about":[{"href":"https:\/\/www.podermexico.mx\/index.php?rest_route=\/wp\/v2\/types\/post"}],"author":[{"embeddable":true,"href":"https:\/\/www.podermexico.mx\/index.php?rest_route=\/wp\/v2\/users\/7"}],"replies":[{"embeddable":true,"href":"https:\/\/www.podermexico.mx\/index.php?rest_route=%2Fwp%2Fv2%2Fcomments&post=4668"}],"version-history":[{"count":2,"href":"https:\/\/www.podermexico.mx\/index.php?rest_route=\/wp\/v2\/posts\/4668\/revisions"}],"predecessor-version":[{"id":4672,"href":"https:\/\/www.podermexico.mx\/index.php?rest_route=\/wp\/v2\/posts\/4668\/revisions\/4672"}],"wp:featuredmedia":[{"embeddable":true,"href":"https:\/\/www.podermexico.mx\/index.php?rest_route=\/wp\/v2\/media\/4669"}],"wp:attachment":[{"href":"https:\/\/www.podermexico.mx\/index.php?rest_route=%2Fwp%2Fv2%2Fmedia&parent=4668"}],"wp:term":[{"taxonomy":"category","embeddable":true,"href":"https:\/\/www.podermexico.mx\/index.php?rest_route=%2Fwp%2Fv2%2Fcategories&post=4668"},{"taxonomy":"post_tag","embeddable":true,"href":"https:\/\/www.podermexico.mx\/index.php?rest_route=%2Fwp%2Fv2%2Ftags&post=4668"}],"curies":[{"name":"wp","href":"https:\/\/api.w.org\/{rel}","templated":true}]}}