
{"id":3746,"date":"2025-02-26T15:32:43","date_gmt":"2025-02-26T15:32:43","guid":{"rendered":"https:\/\/www.podermexico.mx\/?p=3746"},"modified":"2025-02-26T15:32:45","modified_gmt":"2025-02-26T15:32:45","slug":"gabinete-de-seguridad-de-mexico-se-reunira-con-marco-rubio-en-washington","status":"publish","type":"post","link":"https:\/\/www.podermexico.mx\/?p=3746","title":{"rendered":"Gabinete de Seguridad de M\u00e9xico se reunir\u00e1 con Marco Rubio en Washington"},"content":{"rendered":"\n<p class=\"wp-block-paragraph\">El jueves 27 de febrero, el Gabinete de Seguridad de M\u00e9xico sostendr\u00e1 una reuni\u00f3n en Washington con Marco Rubio, secretario de Estado de Estados Unidos, con el objetivo de cerrar un acuerdo de colaboraci\u00f3n en materia de seguridad entre ambos pa\u00edses.<\/p>\n\n\n\n<p class=\"wp-block-paragraph\">La presidenta Claudia Sheinbaum anunci\u00f3 el encuentro durante su conferencia matutina de este mi\u00e9rcoles, se\u00f1alando que la reuni\u00f3n forma parte de los esfuerzos recientes para fortalecer la cooperaci\u00f3n en este rubro.<\/p>\n\n\n\n<p class=\"wp-block-paragraph\">A la reuni\u00f3n asistir\u00e1n el secretario de Seguridad y Protecci\u00f3n Ciudadana, Omar Garc\u00eda Harfuch; el secretario de la Defensa Nacional, Ricardo Trevilla; el secretario de Marina, Raymundo Pedro Morales; y el fiscal general de la Rep\u00fablica, Alejandro Gertz Manero.<\/p>\n\n\n\n<p class=\"wp-block-paragraph\">Sheinbaum destac\u00f3 que la comunicaci\u00f3n entre ambas naciones en materia de seguridad ha sido constante en los \u00faltimos d\u00edas, con el prop\u00f3sito de consolidar acuerdos que respeten la soberan\u00eda de cada pa\u00eds.<\/p>\n\n\n\n<hr class=\"wp-block-separator has-alpha-channel-opacity\"\/>\n\n\n\n<p class=\"wp-block-paragraph\"><a href=\"https:\/\/whatsapp.com\/channel\/0029VakwIAp1XqubKInYmc19\">\u00a1\u00danete a nuestro canal de WhatsApp!<\/a> \ud83d\udcf2 Mantente informado desde tu m\u00f3vil con las noticias m\u00e1s importantes, an\u00e1lisis, negocios, y tendencias del d\u00eda<\/p>\n","protected":false},"excerpt":{"rendered":"<p>El jueves 27 de febrero, el Gabinete de Seguridad de M\u00e9xico sostendr\u00e1 una reuni\u00f3n en Washington con Marco Rubio, secretario de Estado de Estados Unidos, con el objetivo de cerrar un acuerdo de colaboraci\u00f3n en materia de seguridad entre ambos pa\u00edses. La presidenta Claudia Sheinbaum anunci\u00f3 el encuentro durante su conferencia matutina de este mi\u00e9rcoles, se\u00f1alando que la reuni\u00f3n forma &hellip;<\/p>\n","protected":false},"author":7,"featured_media":3747,"comment_status":"open","ping_status":"open","sticky":false,"template":"","format":"standard","meta":{"footnotes":""},"categories":[57],"tags":[85,1350,1352],"class_list":["post-3746","post","type-post","status-publish","format-standard","has-post-thumbnail","hentry","category-geopolitica","tag-estados-unidos","tag-gabinete-de-seguridad","tag-marco-rubio"],"aioseo_notices":[],"aioseo_head":"\n\t\t<!-- All in One SEO 5.0.0.1 - aioseo.com -->\n\t<meta name=\"description\" content=\"El jueves 27 de febrero, el Gabinete de Seguridad de M\u00e9xico sostendr\u00e1 una reuni\u00f3n en Washington con Marco Rubio, secretario de Estado de Estados Unidos, con el objetivo de cerrar un acuerdo de colaboraci\u00f3n en materia de seguridad entre ambos pa\u00edses. La presidenta Claudia Sheinbaum anunci\u00f3 el encuentro durante su conferencia matutina de este mi\u00e9rcoles,\" \/>\n\t<meta name=\"robots\" content=\"max-image-preview:large\" \/>\n\t<meta name=\"author\" content=\"Poder M\u00e9xico\"\/>\n\t<link rel=\"canonical\" href=\"https:\/\/www.podermexico.mx\/?p=3746\" \/>\n\t<meta name=\"generator\" content=\"All in One SEO (AIOSEO) 5.0.0.1\" \/>\n\t\t<meta property=\"og:locale\" content=\"es_MX\" \/>\n\t\t<meta property=\"og:site_name\" content=\"Poder M\u00e9xico - Donde los l\u00edderes definen el futuro, exploramos tendencias y desciframos el mundo de la pol\u00edtica y los negocios\" \/>\n\t\t<meta property=\"og:type\" content=\"article\" \/>\n\t\t<meta property=\"og:title\" content=\"Gabinete de Seguridad de M\u00e9xico se reunir\u00e1 con Marco Rubio en Washington - Poder M\u00e9xico\" \/>\n\t\t<meta property=\"og:description\" content=\"El jueves 27 de febrero, el Gabinete de Seguridad de M\u00e9xico sostendr\u00e1 una reuni\u00f3n en Washington con Marco Rubio, secretario de Estado de Estados Unidos, con el objetivo de cerrar un acuerdo de colaboraci\u00f3n en materia de seguridad entre ambos pa\u00edses. La presidenta Claudia Sheinbaum anunci\u00f3 el encuentro durante su conferencia matutina de este mi\u00e9rcoles,\" \/>\n\t\t<meta property=\"og:url\" content=\"https:\/\/www.podermexico.mx\/?p=3746\" \/>\n\t\t<meta property=\"article:published_time\" content=\"2025-02-26T15:32:43+00:00\" \/>\n\t\t<meta property=\"article:modified_time\" content=\"2025-02-26T15:32:45+00:00\" \/>\n\t\t<meta name=\"twitter:card\" content=\"summary_large_image\" \/>\n\t\t<meta name=\"twitter:title\" content=\"Gabinete de Seguridad de M\u00e9xico se reunir\u00e1 con Marco Rubio en Washington - Poder M\u00e9xico\" \/>\n\t\t<meta name=\"twitter:description\" content=\"El jueves 27 de febrero, el Gabinete de Seguridad de M\u00e9xico sostendr\u00e1 una reuni\u00f3n en Washington con Marco Rubio, secretario de Estado de Estados Unidos, con el objetivo de cerrar un acuerdo de colaboraci\u00f3n en materia de seguridad entre ambos pa\u00edses. La presidenta Claudia Sheinbaum anunci\u00f3 el encuentro durante su conferencia matutina de este mi\u00e9rcoles,\" \/>\n\t\t<script type=\"application\/ld+json\" class=\"aioseo-schema\">\n\t\t\t{\"@context\":\"https:\\\/\\\/schema.org\",\"@graph\":[{\"@type\":\"BlogPosting\",\"@id\":\"https:\\\/\\\/www.podermexico.mx\\\/?p=3746#blogposting\",\"name\":\"Gabinete de Seguridad de M\\u00e9xico se reunir\\u00e1 con Marco Rubio en Washington - Poder M\\u00e9xico\",\"headline\":\"Gabinete de Seguridad de M\\u00e9xico se reunir\\u00e1 con Marco Rubio en Washington\",\"author\":{\"@id\":\"https:\\\/\\\/www.podermexico.mx\\\/?author=7#author\"},\"publisher\":{\"@id\":\"https:\\\/\\\/www.podermexico.mx\\\/#organization\"},\"image\":{\"@type\":\"ImageObject\",\"url\":\"https:\\\/\\\/www.podermexico.mx\\\/wp-content\\\/uploads\\\/2025\\\/02\\\/D3XJICLOYVDOHKNCH44IBFN6AE.jpg\",\"width\":1920,\"height\":1279},\"datePublished\":\"2025-02-26T15:32:43-06:00\",\"dateModified\":\"2025-02-26T15:32:45-06:00\",\"inLanguage\":\"es-MX\",\"mainEntityOfPage\":{\"@id\":\"https:\\\/\\\/www.podermexico.mx\\\/?p=3746#webpage\"},\"isPartOf\":{\"@id\":\"https:\\\/\\\/www.podermexico.mx\\\/?p=3746#webpage\"},\"articleSection\":\"Geopol\\u00edtica, Estados Unidos, Gabinete de Seguridad, Marco Rubio\"},{\"@type\":\"BreadcrumbList\",\"@id\":\"https:\\\/\\\/www.podermexico.mx\\\/?p=3746#breadcrumblist\",\"itemListElement\":[{\"@type\":\"ListItem\",\"@id\":\"https:\\\/\\\/www.podermexico.mx#listItem\",\"position\":1,\"name\":\"Home\",\"item\":\"https:\\\/\\\/www.podermexico.mx\",\"nextItem\":{\"@type\":\"ListItem\",\"@id\":\"https:\\\/\\\/www.podermexico.mx\\\/?cat=57#listItem\",\"name\":\"Geopol\\u00edtica\"}},{\"@type\":\"ListItem\",\"@id\":\"https:\\\/\\\/www.podermexico.mx\\\/?cat=57#listItem\",\"position\":2,\"name\":\"Geopol\\u00edtica\",\"item\":\"https:\\\/\\\/www.podermexico.mx\\\/?cat=57\",\"nextItem\":{\"@type\":\"ListItem\",\"@id\":\"https:\\\/\\\/www.podermexico.mx\\\/?p=3746#listItem\",\"name\":\"Gabinete de Seguridad de M\\u00e9xico se reunir\\u00e1 con Marco Rubio en Washington\"},\"previousItem\":{\"@type\":\"ListItem\",\"@id\":\"https:\\\/\\\/www.podermexico.mx#listItem\",\"name\":\"Home\"}},{\"@type\":\"ListItem\",\"@id\":\"https:\\\/\\\/www.podermexico.mx\\\/?p=3746#listItem\",\"position\":3,\"name\":\"Gabinete de Seguridad de M\\u00e9xico se reunir\\u00e1 con Marco Rubio en Washington\",\"previousItem\":{\"@type\":\"ListItem\",\"@id\":\"https:\\\/\\\/www.podermexico.mx\\\/?cat=57#listItem\",\"name\":\"Geopol\\u00edtica\"}}]},{\"@type\":\"Organization\",\"@id\":\"https:\\\/\\\/www.podermexico.mx\\\/#organization\",\"name\":\"Poder M\\u00e9xico\",\"description\":\"Donde los l\\u00edderes definen el futuro, exploramos tendencias y desciframos el mundo de la pol\\u00edtica y los negocios\",\"url\":\"https:\\\/\\\/www.podermexico.mx\\\/\"},{\"@type\":\"Person\",\"@id\":\"https:\\\/\\\/www.podermexico.mx\\\/?author=7#author\",\"url\":\"https:\\\/\\\/www.podermexico.mx\\\/?author=7\",\"name\":\"Poder M\\u00e9xico\",\"image\":{\"@type\":\"ImageObject\",\"@id\":\"https:\\\/\\\/www.podermexico.mx\\\/?p=3746#authorImage\",\"url\":\"https:\\\/\\\/secure.gravatar.com\\\/avatar\\\/6873d270747c7f511ab0e491b4ef59ff185c68a5912118c90f83cdcd498e434b?s=96&d=mm&r=g\",\"width\":96,\"height\":96,\"caption\":\"Poder M\\u00e9xico\"}},{\"@type\":\"WebPage\",\"@id\":\"https:\\\/\\\/www.podermexico.mx\\\/?p=3746#webpage\",\"url\":\"https:\\\/\\\/www.podermexico.mx\\\/?p=3746\",\"name\":\"Gabinete de Seguridad de M\\u00e9xico se reunir\\u00e1 con Marco Rubio en Washington - Poder M\\u00e9xico\",\"description\":\"El jueves 27 de febrero, el Gabinete de Seguridad de M\\u00e9xico sostendr\\u00e1 una reuni\\u00f3n en Washington con Marco Rubio, secretario de Estado de Estados Unidos, con el objetivo de cerrar un acuerdo de colaboraci\\u00f3n en materia de seguridad entre ambos pa\\u00edses. La presidenta Claudia Sheinbaum anunci\\u00f3 el encuentro durante su conferencia matutina de este mi\\u00e9rcoles,\",\"inLanguage\":\"es-MX\",\"isPartOf\":{\"@id\":\"https:\\\/\\\/www.podermexico.mx\\\/#website\"},\"breadcrumb\":{\"@id\":\"https:\\\/\\\/www.podermexico.mx\\\/?p=3746#breadcrumblist\"},\"author\":{\"@id\":\"https:\\\/\\\/www.podermexico.mx\\\/?author=7#author\"},\"creator\":{\"@id\":\"https:\\\/\\\/www.podermexico.mx\\\/?author=7#author\"},\"image\":{\"@type\":\"ImageObject\",\"url\":\"https:\\\/\\\/www.podermexico.mx\\\/wp-content\\\/uploads\\\/2025\\\/02\\\/D3XJICLOYVDOHKNCH44IBFN6AE.jpg\",\"@id\":\"https:\\\/\\\/www.podermexico.mx\\\/?p=3746\\\/#mainImage\",\"width\":1920,\"height\":1279},\"primaryImageOfPage\":{\"@id\":\"https:\\\/\\\/www.podermexico.mx\\\/?p=3746#mainImage\"},\"datePublished\":\"2025-02-26T15:32:43-06:00\",\"dateModified\":\"2025-02-26T15:32:45-06:00\"},{\"@type\":\"WebSite\",\"@id\":\"https:\\\/\\\/www.podermexico.mx\\\/#website\",\"url\":\"https:\\\/\\\/www.podermexico.mx\\\/\",\"name\":\"Poder M\\u00e9xico\",\"description\":\"Donde los l\\u00edderes definen el futuro, exploramos tendencias y desciframos el mundo de la pol\\u00edtica y los negocios\",\"inLanguage\":\"es-MX\",\"publisher\":{\"@id\":\"https:\\\/\\\/www.podermexico.mx\\\/#organization\"}}]}\n\t\t<\/script>\n\t\t<!-- All in One SEO -->\n\n","aioseo_head_json":{"title":"Gabinete de Seguridad de M\u00e9xico se reunir\u00e1 con Marco Rubio en Washington - Poder M\u00e9xico","description":"El jueves 27 de febrero, el Gabinete de Seguridad de M\u00e9xico sostendr\u00e1 una reuni\u00f3n en Washington con Marco Rubio, secretario de Estado de Estados Unidos, con el objetivo de cerrar un acuerdo de colaboraci\u00f3n en materia de seguridad entre ambos pa\u00edses. La presidenta Claudia Sheinbaum anunci\u00f3 el encuentro durante su conferencia matutina de este mi\u00e9rcoles,","canonical_url":"https:\/\/www.podermexico.mx\/?p=3746","robots":"max-image-preview:large","keywords":"","webmasterTools":{"miscellaneous":""},"schema":{"@context":"https:\/\/schema.org","@graph":[{"@type":"BlogPosting","@id":"https:\/\/www.podermexico.mx\/?p=3746#blogposting","name":"Gabinete de Seguridad de M\u00e9xico se reunir\u00e1 con Marco Rubio en Washington - Poder M\u00e9xico","headline":"Gabinete de Seguridad de M\u00e9xico se reunir\u00e1 con Marco Rubio en Washington","author":{"@id":"https:\/\/www.podermexico.mx\/?author=7#author"},"publisher":{"@id":"https:\/\/www.podermexico.mx\/#organization"},"image":{"@type":"ImageObject","url":"https:\/\/www.podermexico.mx\/wp-content\/uploads\/2025\/02\/D3XJICLOYVDOHKNCH44IBFN6AE.jpg","width":1920,"height":1279},"datePublished":"2025-02-26T15:32:43-06:00","dateModified":"2025-02-26T15:32:45-06:00","inLanguage":"es-MX","mainEntityOfPage":{"@id":"https:\/\/www.podermexico.mx\/?p=3746#webpage"},"isPartOf":{"@id":"https:\/\/www.podermexico.mx\/?p=3746#webpage"},"articleSection":"Geopol\u00edtica, Estados Unidos, Gabinete de Seguridad, Marco Rubio"},{"@type":"BreadcrumbList","@id":"https:\/\/www.podermexico.mx\/?p=3746#breadcrumblist","itemListElement":[{"@type":"ListItem","@id":"https:\/\/www.podermexico.mx#listItem","position":1,"name":"Home","item":"https:\/\/www.podermexico.mx","nextItem":{"@type":"ListItem","@id":"https:\/\/www.podermexico.mx\/?cat=57#listItem","name":"Geopol\u00edtica"}},{"@type":"ListItem","@id":"https:\/\/www.podermexico.mx\/?cat=57#listItem","position":2,"name":"Geopol\u00edtica","item":"https:\/\/www.podermexico.mx\/?cat=57","nextItem":{"@type":"ListItem","@id":"https:\/\/www.podermexico.mx\/?p=3746#listItem","name":"Gabinete de Seguridad de M\u00e9xico se reunir\u00e1 con Marco Rubio en Washington"},"previousItem":{"@type":"ListItem","@id":"https:\/\/www.podermexico.mx#listItem","name":"Home"}},{"@type":"ListItem","@id":"https:\/\/www.podermexico.mx\/?p=3746#listItem","position":3,"name":"Gabinete de Seguridad de M\u00e9xico se reunir\u00e1 con Marco Rubio en Washington","previousItem":{"@type":"ListItem","@id":"https:\/\/www.podermexico.mx\/?cat=57#listItem","name":"Geopol\u00edtica"}}]},{"@type":"Organization","@id":"https:\/\/www.podermexico.mx\/#organization","name":"Poder M\u00e9xico","description":"Donde los l\u00edderes definen el futuro, exploramos tendencias y desciframos el mundo de la pol\u00edtica y los negocios","url":"https:\/\/www.podermexico.mx\/"},{"@type":"Person","@id":"https:\/\/www.podermexico.mx\/?author=7#author","url":"https:\/\/www.podermexico.mx\/?author=7","name":"Poder M\u00e9xico","image":{"@type":"ImageObject","@id":"https:\/\/www.podermexico.mx\/?p=3746#authorImage","url":"https:\/\/secure.gravatar.com\/avatar\/6873d270747c7f511ab0e491b4ef59ff185c68a5912118c90f83cdcd498e434b?s=96&d=mm&r=g","width":96,"height":96,"caption":"Poder M\u00e9xico"}},{"@type":"WebPage","@id":"https:\/\/www.podermexico.mx\/?p=3746#webpage","url":"https:\/\/www.podermexico.mx\/?p=3746","name":"Gabinete de Seguridad de M\u00e9xico se reunir\u00e1 con Marco Rubio en Washington - Poder M\u00e9xico","description":"El jueves 27 de febrero, el Gabinete de Seguridad de M\u00e9xico sostendr\u00e1 una reuni\u00f3n en Washington con Marco Rubio, secretario de Estado de Estados Unidos, con el objetivo de cerrar un acuerdo de colaboraci\u00f3n en materia de seguridad entre ambos pa\u00edses. La presidenta Claudia Sheinbaum anunci\u00f3 el encuentro durante su conferencia matutina de este mi\u00e9rcoles,","inLanguage":"es-MX","isPartOf":{"@id":"https:\/\/www.podermexico.mx\/#website"},"breadcrumb":{"@id":"https:\/\/www.podermexico.mx\/?p=3746#breadcrumblist"},"author":{"@id":"https:\/\/www.podermexico.mx\/?author=7#author"},"creator":{"@id":"https:\/\/www.podermexico.mx\/?author=7#author"},"image":{"@type":"ImageObject","url":"https:\/\/www.podermexico.mx\/wp-content\/uploads\/2025\/02\/D3XJICLOYVDOHKNCH44IBFN6AE.jpg","@id":"https:\/\/www.podermexico.mx\/?p=3746\/#mainImage","width":1920,"height":1279},"primaryImageOfPage":{"@id":"https:\/\/www.podermexico.mx\/?p=3746#mainImage"},"datePublished":"2025-02-26T15:32:43-06:00","dateModified":"2025-02-26T15:32:45-06:00"},{"@type":"WebSite","@id":"https:\/\/www.podermexico.mx\/#website","url":"https:\/\/www.podermexico.mx\/","name":"Poder M\u00e9xico","description":"Donde los l\u00edderes definen el futuro, exploramos tendencias y desciframos el mundo de la pol\u00edtica y los negocios","inLanguage":"es-MX","publisher":{"@id":"https:\/\/www.podermexico.mx\/#organization"}}]},"og:locale":"es_MX","og:site_name":"Poder M\u00e9xico - Donde los l\u00edderes definen el futuro, exploramos tendencias y desciframos el mundo de la pol\u00edtica y los negocios","og:type":"article","og:title":"Gabinete de Seguridad de M\u00e9xico se reunir\u00e1 con Marco Rubio en Washington - Poder M\u00e9xico","og:description":"El jueves 27 de febrero, el Gabinete de Seguridad de M\u00e9xico sostendr\u00e1 una reuni\u00f3n en Washington con Marco Rubio, secretario de Estado de Estados Unidos, con el objetivo de cerrar un acuerdo de colaboraci\u00f3n en materia de seguridad entre ambos pa\u00edses. La presidenta Claudia Sheinbaum anunci\u00f3 el encuentro durante su conferencia matutina de este mi\u00e9rcoles,","og:url":"https:\/\/www.podermexico.mx\/?p=3746","article:published_time":"2025-02-26T15:32:43+00:00","article:modified_time":"2025-02-26T15:32:45+00:00","twitter:card":"summary_large_image","twitter:title":"Gabinete de Seguridad de M\u00e9xico se reunir\u00e1 con Marco Rubio en Washington - Poder M\u00e9xico","twitter:description":"El jueves 27 de febrero, el Gabinete de Seguridad de M\u00e9xico sostendr\u00e1 una reuni\u00f3n en Washington con Marco Rubio, secretario de Estado de Estados Unidos, con el objetivo de cerrar un acuerdo de colaboraci\u00f3n en materia de seguridad entre ambos pa\u00edses. La presidenta Claudia Sheinbaum anunci\u00f3 el encuentro durante su conferencia matutina de este mi\u00e9rcoles,"},"aioseo_meta_data":{"post_id":"3746","title":null,"description":null,"keywords":null,"keyphrases":{"focus":{"keyphrase":"","score":0,"analysis":{"keyphraseInTitle":{"score":0,"maxScore":9,"error":1}}},"additional":[]},"primary_term":null,"canonical_url":null,"og_title":null,"og_description":null,"og_object_type":"default","og_image_type":"default","og_image_url":null,"og_image_width":null,"og_image_height":null,"og_image_custom_url":null,"og_image_custom_fields":null,"og_video":"","og_custom_url":null,"og_article_section":null,"og_article_tags":null,"twitter_use_og":false,"twitter_card":"default","twitter_image_type":"default","twitter_image_url":null,"twitter_image_custom_url":null,"twitter_image_custom_fields":null,"twitter_title":null,"twitter_description":null,"schema":{"blockGraphs":[],"customGraphs":[],"default":{"data":{"Article":[],"Course":[],"Dataset":[],"FAQPage":[],"Movie":[],"Person":[],"Product":[],"ProductReview":[],"Car":[],"Recipe":[],"Service":[],"SoftwareApplication":[],"WebPage":[]},"graphName":"BlogPosting","isEnabled":true},"graphs":[]},"schema_type":"default","schema_type_options":null,"pillar_content":false,"robots_default":true,"robots_noindex":false,"robots_noarchive":false,"robots_nosnippet":false,"robots_nofollow":false,"robots_noimageindex":false,"robots_noodp":false,"robots_notranslate":false,"robots_max_snippet":"-1","robots_max_videopreview":"-1","robots_max_imagepreview":"large","priority":null,"frequency":"default","local_seo":null,"breadcrumb_settings":null,"limit_modified_date":false,"ai":null,"created":"2025-02-26 15:32:45","updated":"2025-07-12 11:49:02","seo_analyzer_scan_date":null,"focus_keyword":null,"additional_keywords":null,"truseo_locale":null},"aioseo_breadcrumb":"<div class=\"aioseo-breadcrumbs\"><span class=\"aioseo-breadcrumb\">\n\t\t\t<a href=\"https:\/\/www.podermexico.mx\" title=\"Home\">Home<\/a>\n\t\t<\/span><span class=\"aioseo-breadcrumb-separator\">&raquo;<\/span><span class=\"aioseo-breadcrumb\">\n\t\t\t<a href=\"https:\/\/www.podermexico.mx\/?cat=57\" title=\"Geopol\u00edtica\">Geopol\u00edtica<\/a>\n\t\t<\/span><span class=\"aioseo-breadcrumb-separator\">&raquo;<\/span><span class=\"aioseo-breadcrumb\">\n\t\t\tGabinete de Seguridad de M\u00e9xico se reunir\u00e1 con Marco Rubio en Washington\n\t\t<\/span><\/div>","aioseo_breadcrumb_json":[{"label":"Home","link":"https:\/\/www.podermexico.mx"},{"label":"Geopol\u00edtica","link":"https:\/\/www.podermexico.mx\/?cat=57"},{"label":"Gabinete de Seguridad de M\u00e9xico se reunir\u00e1 con Marco Rubio en Washington","link":"https:\/\/www.podermexico.mx\/?p=3746"}],"_links":{"self":[{"href":"https:\/\/www.podermexico.mx\/index.php?rest_route=\/wp\/v2\/posts\/3746","targetHints":{"allow":["GET"]}}],"collection":[{"href":"https:\/\/www.podermexico.mx\/index.php?rest_route=\/wp\/v2\/posts"}],"about":[{"href":"https:\/\/www.podermexico.mx\/index.php?rest_route=\/wp\/v2\/types\/post"}],"author":[{"embeddable":true,"href":"https:\/\/www.podermexico.mx\/index.php?rest_route=\/wp\/v2\/users\/7"}],"replies":[{"embeddable":true,"href":"https:\/\/www.podermexico.mx\/index.php?rest_route=%2Fwp%2Fv2%2Fcomments&post=3746"}],"version-history":[{"count":1,"href":"https:\/\/www.podermexico.mx\/index.php?rest_route=\/wp\/v2\/posts\/3746\/revisions"}],"predecessor-version":[{"id":3748,"href":"https:\/\/www.podermexico.mx\/index.php?rest_route=\/wp\/v2\/posts\/3746\/revisions\/3748"}],"wp:featuredmedia":[{"embeddable":true,"href":"https:\/\/www.podermexico.mx\/index.php?rest_route=\/wp\/v2\/media\/3747"}],"wp:attachment":[{"href":"https:\/\/www.podermexico.mx\/index.php?rest_route=%2Fwp%2Fv2%2Fmedia&parent=3746"}],"wp:term":[{"taxonomy":"category","embeddable":true,"href":"https:\/\/www.podermexico.mx\/index.php?rest_route=%2Fwp%2Fv2%2Fcategories&post=3746"},{"taxonomy":"post_tag","embeddable":true,"href":"https:\/\/www.podermexico.mx\/index.php?rest_route=%2Fwp%2Fv2%2Ftags&post=3746"}],"curies":[{"name":"wp","href":"https:\/\/api.w.org\/{rel}","templated":true}]}}