
{"id":3219,"date":"2025-01-28T21:53:47","date_gmt":"2025-01-28T21:53:47","guid":{"rendered":"https:\/\/www.podermexico.mx\/?p=3219"},"modified":"2025-01-28T21:53:59","modified_gmt":"2025-01-28T21:53:59","slug":"aranceles-del-25-a-mexico-y-canada-comenzaran-este-1-de-febrero-casa-blanca","status":"publish","type":"post","link":"https:\/\/www.podermexico.mx\/?p=3219","title":{"rendered":"Aranceles del 25% a M\u00e9xico y Canad\u00e1 comenzar\u00e1n este 1 de febrero: Casa Blanca"},"content":{"rendered":"\n<p class=\"wp-block-paragraph\">La Casa Blanca ha confirmado que los aranceles del 25% a las importaciones de M\u00e9xico y Canad\u00e1 entrar\u00e1n en vigor este 1 de febrero, como lo hab\u00eda anunciado previamente el presidente Donald Trump. Seg\u00fan la portavoz Karoline Leavitt, el mandatario est\u00e1 comprometido a aplicar esta medida de manera efectiva, la cual forma parte de una serie de acciones comerciales m\u00e1s amplias que incluyen posibles aranceles a productos chinos.<\/p>\n\n\n\n<p class=\"wp-block-paragraph\">La decisi\u00f3n, que genera incertidumbre en los mercados, podr\u00eda impactar industrias clave como la automotriz, farmac\u00e9utica y de tecnolog\u00eda, pues se est\u00e1n evaluando aranceles adicionales a productos como acero, semiconductores y chips de computadora. Sin embargo, a\u00fan no se han definido detalles espec\u00edficos ni fechas para estas medidas adicionales.<\/p>\n\n\n\n<p class=\"wp-block-paragraph\">El presidente Trump ha defendido la implementaci\u00f3n de estos aranceles como una estrategia para fomentar la producci\u00f3n nacional en los Estados Unidos, especialmente en el sector automotriz. De hecho, General Motors (GM) ha se\u00f1alado que podr\u00eda transferir parte de su producci\u00f3n de veh\u00edculos desde M\u00e9xico y Canad\u00e1 a EU si los aranceles se imponen, aunque tambi\u00e9n han expresado su esperanza de que las negociaciones con M\u00e9xico logren evitar la medida.<\/p>\n\n\n\n<p class=\"wp-block-paragraph\">Este anuncio representa un nuevo cap\u00edtulo en la pol\u00edtica comercial estadounidense, con posibles consecuencias significativas para las relaciones comerciales entre los pa\u00edses de Am\u00e9rica del Norte.<\/p>\n\n\n\n<hr class=\"wp-block-separator has-alpha-channel-opacity\"\/>\n\n\n\n<p class=\"wp-block-paragraph\"><a href=\"https:\/\/whatsapp.com\/channel\/0029VakwIAp1XqubKInYmc19\">\u00a1\u00danete a nuestro canal de WhatsApp!<\/a> \ud83d\udcf2 Mantente informado desde tu m\u00f3vil con las noticias m\u00e1s importantes, an\u00e1lisis, negocios, y tendencias del d\u00eda<\/p>\n","protected":false},"excerpt":{"rendered":"<p>La Casa Blanca ha confirmado que los aranceles del 25% a las importaciones de M\u00e9xico y Canad\u00e1 entrar\u00e1n en vigor este 1 de febrero, como lo hab\u00eda anunciado previamente el presidente Donald Trump. Seg\u00fan la portavoz Karoline Leavitt, el mandatario est\u00e1 comprometido a aplicar esta medida de manera efectiva, la cual forma parte de una serie de acciones comerciales m\u00e1s &hellip;<\/p>\n","protected":false},"author":7,"featured_media":3220,"comment_status":"open","ping_status":"open","sticky":false,"template":"","format":"standard","meta":{"footnotes":""},"categories":[57],"tags":[715,728,1212,104],"class_list":["post-3219","post","type-post","status-publish","format-standard","has-post-thumbnail","hentry","category-geopolitica","tag-aranceles","tag-canada","tag-casa-blanca","tag-mexico"],"aioseo_notices":[],"aioseo_head":"\n\t\t<!-- All in One SEO 5.0.0.1 - aioseo.com -->\n\t<meta name=\"description\" content=\"La Casa Blanca ha confirmado que los aranceles del 25% a las importaciones de M\u00e9xico y Canad\u00e1 entrar\u00e1n en vigor este 1 de febrero, como lo hab\u00eda anunciado previamente el presidente Donald Trump. Seg\u00fan la portavoz Karoline Leavitt, el mandatario est\u00e1 comprometido a aplicar esta medida de manera efectiva, la cual forma parte de una\" \/>\n\t<meta name=\"robots\" content=\"max-image-preview:large\" \/>\n\t<meta name=\"author\" content=\"Poder M\u00e9xico\"\/>\n\t<link rel=\"canonical\" href=\"https:\/\/www.podermexico.mx\/?p=3219\" \/>\n\t<meta name=\"generator\" content=\"All in One SEO (AIOSEO) 5.0.0.1\" \/>\n\t\t<meta property=\"og:locale\" content=\"es_MX\" \/>\n\t\t<meta property=\"og:site_name\" content=\"Poder M\u00e9xico - Donde los l\u00edderes definen el futuro, exploramos tendencias y desciframos el mundo de la pol\u00edtica y los negocios\" \/>\n\t\t<meta property=\"og:type\" content=\"article\" \/>\n\t\t<meta property=\"og:title\" content=\"Aranceles del 25% a M\u00e9xico y Canad\u00e1 comenzar\u00e1n este 1 de febrero: Casa Blanca - Poder M\u00e9xico\" \/>\n\t\t<meta property=\"og:description\" content=\"La Casa Blanca ha confirmado que los aranceles del 25% a las importaciones de M\u00e9xico y Canad\u00e1 entrar\u00e1n en vigor este 1 de febrero, como lo hab\u00eda anunciado previamente el presidente Donald Trump. Seg\u00fan la portavoz Karoline Leavitt, el mandatario est\u00e1 comprometido a aplicar esta medida de manera efectiva, la cual forma parte de una\" \/>\n\t\t<meta property=\"og:url\" content=\"https:\/\/www.podermexico.mx\/?p=3219\" \/>\n\t\t<meta property=\"article:published_time\" content=\"2025-01-28T21:53:47+00:00\" \/>\n\t\t<meta property=\"article:modified_time\" content=\"2025-01-28T21:53:59+00:00\" \/>\n\t\t<meta name=\"twitter:card\" content=\"summary_large_image\" \/>\n\t\t<meta name=\"twitter:title\" content=\"Aranceles del 25% a M\u00e9xico y Canad\u00e1 comenzar\u00e1n este 1 de febrero: Casa Blanca - Poder M\u00e9xico\" \/>\n\t\t<meta name=\"twitter:description\" content=\"La Casa Blanca ha confirmado que los aranceles del 25% a las importaciones de M\u00e9xico y Canad\u00e1 entrar\u00e1n en vigor este 1 de febrero, como lo hab\u00eda anunciado previamente el presidente Donald Trump. Seg\u00fan la portavoz Karoline Leavitt, el mandatario est\u00e1 comprometido a aplicar esta medida de manera efectiva, la cual forma parte de una\" \/>\n\t\t<script type=\"application\/ld+json\" class=\"aioseo-schema\">\n\t\t\t{\"@context\":\"https:\\\/\\\/schema.org\",\"@graph\":[{\"@type\":\"BlogPosting\",\"@id\":\"https:\\\/\\\/www.podermexico.mx\\\/?p=3219#blogposting\",\"name\":\"Aranceles del 25% a M\\u00e9xico y Canad\\u00e1 comenzar\\u00e1n este 1 de febrero: Casa Blanca - Poder M\\u00e9xico\",\"headline\":\"Aranceles del 25% a M\\u00e9xico y Canad\\u00e1 comenzar\\u00e1n este 1 de febrero: Casa Blanca\",\"author\":{\"@id\":\"https:\\\/\\\/www.podermexico.mx\\\/?author=7#author\"},\"publisher\":{\"@id\":\"https:\\\/\\\/www.podermexico.mx\\\/#organization\"},\"image\":{\"@type\":\"ImageObject\",\"url\":\"https:\\\/\\\/www.podermexico.mx\\\/wp-content\\\/uploads\\\/2025\\\/01\\\/AA1xUwbL.jpeg\",\"width\":768,\"height\":511},\"datePublished\":\"2025-01-28T21:53:47-06:00\",\"dateModified\":\"2025-01-28T21:53:59-06:00\",\"inLanguage\":\"es-MX\",\"mainEntityOfPage\":{\"@id\":\"https:\\\/\\\/www.podermexico.mx\\\/?p=3219#webpage\"},\"isPartOf\":{\"@id\":\"https:\\\/\\\/www.podermexico.mx\\\/?p=3219#webpage\"},\"articleSection\":\"Geopol\\u00edtica, aranceles, Canad\\u00e1, Casa Blanca, M\\u00e9xico\"},{\"@type\":\"BreadcrumbList\",\"@id\":\"https:\\\/\\\/www.podermexico.mx\\\/?p=3219#breadcrumblist\",\"itemListElement\":[{\"@type\":\"ListItem\",\"@id\":\"https:\\\/\\\/www.podermexico.mx#listItem\",\"position\":1,\"name\":\"Home\",\"item\":\"https:\\\/\\\/www.podermexico.mx\",\"nextItem\":{\"@type\":\"ListItem\",\"@id\":\"https:\\\/\\\/www.podermexico.mx\\\/?cat=57#listItem\",\"name\":\"Geopol\\u00edtica\"}},{\"@type\":\"ListItem\",\"@id\":\"https:\\\/\\\/www.podermexico.mx\\\/?cat=57#listItem\",\"position\":2,\"name\":\"Geopol\\u00edtica\",\"item\":\"https:\\\/\\\/www.podermexico.mx\\\/?cat=57\",\"nextItem\":{\"@type\":\"ListItem\",\"@id\":\"https:\\\/\\\/www.podermexico.mx\\\/?p=3219#listItem\",\"name\":\"Aranceles del 25% a M\\u00e9xico y Canad\\u00e1 comenzar\\u00e1n este 1 de febrero: Casa Blanca\"},\"previousItem\":{\"@type\":\"ListItem\",\"@id\":\"https:\\\/\\\/www.podermexico.mx#listItem\",\"name\":\"Home\"}},{\"@type\":\"ListItem\",\"@id\":\"https:\\\/\\\/www.podermexico.mx\\\/?p=3219#listItem\",\"position\":3,\"name\":\"Aranceles del 25% a M\\u00e9xico y Canad\\u00e1 comenzar\\u00e1n este 1 de febrero: Casa Blanca\",\"previousItem\":{\"@type\":\"ListItem\",\"@id\":\"https:\\\/\\\/www.podermexico.mx\\\/?cat=57#listItem\",\"name\":\"Geopol\\u00edtica\"}}]},{\"@type\":\"Organization\",\"@id\":\"https:\\\/\\\/www.podermexico.mx\\\/#organization\",\"name\":\"Poder M\\u00e9xico\",\"description\":\"Donde los l\\u00edderes definen el futuro, exploramos tendencias y desciframos el mundo de la pol\\u00edtica y los negocios\",\"url\":\"https:\\\/\\\/www.podermexico.mx\\\/\"},{\"@type\":\"Person\",\"@id\":\"https:\\\/\\\/www.podermexico.mx\\\/?author=7#author\",\"url\":\"https:\\\/\\\/www.podermexico.mx\\\/?author=7\",\"name\":\"Poder M\\u00e9xico\",\"image\":{\"@type\":\"ImageObject\",\"@id\":\"https:\\\/\\\/www.podermexico.mx\\\/?p=3219#authorImage\",\"url\":\"https:\\\/\\\/secure.gravatar.com\\\/avatar\\\/6873d270747c7f511ab0e491b4ef59ff185c68a5912118c90f83cdcd498e434b?s=96&d=mm&r=g\",\"width\":96,\"height\":96,\"caption\":\"Poder M\\u00e9xico\"}},{\"@type\":\"WebPage\",\"@id\":\"https:\\\/\\\/www.podermexico.mx\\\/?p=3219#webpage\",\"url\":\"https:\\\/\\\/www.podermexico.mx\\\/?p=3219\",\"name\":\"Aranceles del 25% a M\\u00e9xico y Canad\\u00e1 comenzar\\u00e1n este 1 de febrero: Casa Blanca - Poder M\\u00e9xico\",\"description\":\"La Casa Blanca ha confirmado que los aranceles del 25% a las importaciones de M\\u00e9xico y Canad\\u00e1 entrar\\u00e1n en vigor este 1 de febrero, como lo hab\\u00eda anunciado previamente el presidente Donald Trump. Seg\\u00fan la portavoz Karoline Leavitt, el mandatario est\\u00e1 comprometido a aplicar esta medida de manera efectiva, la cual forma parte de una\",\"inLanguage\":\"es-MX\",\"isPartOf\":{\"@id\":\"https:\\\/\\\/www.podermexico.mx\\\/#website\"},\"breadcrumb\":{\"@id\":\"https:\\\/\\\/www.podermexico.mx\\\/?p=3219#breadcrumblist\"},\"author\":{\"@id\":\"https:\\\/\\\/www.podermexico.mx\\\/?author=7#author\"},\"creator\":{\"@id\":\"https:\\\/\\\/www.podermexico.mx\\\/?author=7#author\"},\"image\":{\"@type\":\"ImageObject\",\"url\":\"https:\\\/\\\/www.podermexico.mx\\\/wp-content\\\/uploads\\\/2025\\\/01\\\/AA1xUwbL.jpeg\",\"@id\":\"https:\\\/\\\/www.podermexico.mx\\\/?p=3219\\\/#mainImage\",\"width\":768,\"height\":511},\"primaryImageOfPage\":{\"@id\":\"https:\\\/\\\/www.podermexico.mx\\\/?p=3219#mainImage\"},\"datePublished\":\"2025-01-28T21:53:47-06:00\",\"dateModified\":\"2025-01-28T21:53:59-06:00\"},{\"@type\":\"WebSite\",\"@id\":\"https:\\\/\\\/www.podermexico.mx\\\/#website\",\"url\":\"https:\\\/\\\/www.podermexico.mx\\\/\",\"name\":\"Poder M\\u00e9xico\",\"description\":\"Donde los l\\u00edderes definen el futuro, exploramos tendencias y desciframos el mundo de la pol\\u00edtica y los negocios\",\"inLanguage\":\"es-MX\",\"publisher\":{\"@id\":\"https:\\\/\\\/www.podermexico.mx\\\/#organization\"}}]}\n\t\t<\/script>\n\t\t<!-- All in One SEO -->\n\n","aioseo_head_json":{"title":"Aranceles del 25% a M\u00e9xico y Canad\u00e1 comenzar\u00e1n este 1 de febrero: Casa Blanca - Poder M\u00e9xico","description":"La Casa Blanca ha confirmado que los aranceles del 25% a las importaciones de M\u00e9xico y Canad\u00e1 entrar\u00e1n en vigor este 1 de febrero, como lo hab\u00eda anunciado previamente el presidente Donald Trump. Seg\u00fan la portavoz Karoline Leavitt, el mandatario est\u00e1 comprometido a aplicar esta medida de manera efectiva, la cual forma parte de una","canonical_url":"https:\/\/www.podermexico.mx\/?p=3219","robots":"max-image-preview:large","keywords":"","webmasterTools":{"miscellaneous":""},"schema":{"@context":"https:\/\/schema.org","@graph":[{"@type":"BlogPosting","@id":"https:\/\/www.podermexico.mx\/?p=3219#blogposting","name":"Aranceles del 25% a M\u00e9xico y Canad\u00e1 comenzar\u00e1n este 1 de febrero: Casa Blanca - Poder M\u00e9xico","headline":"Aranceles del 25% a M\u00e9xico y Canad\u00e1 comenzar\u00e1n este 1 de febrero: Casa Blanca","author":{"@id":"https:\/\/www.podermexico.mx\/?author=7#author"},"publisher":{"@id":"https:\/\/www.podermexico.mx\/#organization"},"image":{"@type":"ImageObject","url":"https:\/\/www.podermexico.mx\/wp-content\/uploads\/2025\/01\/AA1xUwbL.jpeg","width":768,"height":511},"datePublished":"2025-01-28T21:53:47-06:00","dateModified":"2025-01-28T21:53:59-06:00","inLanguage":"es-MX","mainEntityOfPage":{"@id":"https:\/\/www.podermexico.mx\/?p=3219#webpage"},"isPartOf":{"@id":"https:\/\/www.podermexico.mx\/?p=3219#webpage"},"articleSection":"Geopol\u00edtica, aranceles, Canad\u00e1, Casa Blanca, M\u00e9xico"},{"@type":"BreadcrumbList","@id":"https:\/\/www.podermexico.mx\/?p=3219#breadcrumblist","itemListElement":[{"@type":"ListItem","@id":"https:\/\/www.podermexico.mx#listItem","position":1,"name":"Home","item":"https:\/\/www.podermexico.mx","nextItem":{"@type":"ListItem","@id":"https:\/\/www.podermexico.mx\/?cat=57#listItem","name":"Geopol\u00edtica"}},{"@type":"ListItem","@id":"https:\/\/www.podermexico.mx\/?cat=57#listItem","position":2,"name":"Geopol\u00edtica","item":"https:\/\/www.podermexico.mx\/?cat=57","nextItem":{"@type":"ListItem","@id":"https:\/\/www.podermexico.mx\/?p=3219#listItem","name":"Aranceles del 25% a M\u00e9xico y Canad\u00e1 comenzar\u00e1n este 1 de febrero: Casa Blanca"},"previousItem":{"@type":"ListItem","@id":"https:\/\/www.podermexico.mx#listItem","name":"Home"}},{"@type":"ListItem","@id":"https:\/\/www.podermexico.mx\/?p=3219#listItem","position":3,"name":"Aranceles del 25% a M\u00e9xico y Canad\u00e1 comenzar\u00e1n este 1 de febrero: Casa Blanca","previousItem":{"@type":"ListItem","@id":"https:\/\/www.podermexico.mx\/?cat=57#listItem","name":"Geopol\u00edtica"}}]},{"@type":"Organization","@id":"https:\/\/www.podermexico.mx\/#organization","name":"Poder M\u00e9xico","description":"Donde los l\u00edderes definen el futuro, exploramos tendencias y desciframos el mundo de la pol\u00edtica y los negocios","url":"https:\/\/www.podermexico.mx\/"},{"@type":"Person","@id":"https:\/\/www.podermexico.mx\/?author=7#author","url":"https:\/\/www.podermexico.mx\/?author=7","name":"Poder M\u00e9xico","image":{"@type":"ImageObject","@id":"https:\/\/www.podermexico.mx\/?p=3219#authorImage","url":"https:\/\/secure.gravatar.com\/avatar\/6873d270747c7f511ab0e491b4ef59ff185c68a5912118c90f83cdcd498e434b?s=96&d=mm&r=g","width":96,"height":96,"caption":"Poder M\u00e9xico"}},{"@type":"WebPage","@id":"https:\/\/www.podermexico.mx\/?p=3219#webpage","url":"https:\/\/www.podermexico.mx\/?p=3219","name":"Aranceles del 25% a M\u00e9xico y Canad\u00e1 comenzar\u00e1n este 1 de febrero: Casa Blanca - Poder M\u00e9xico","description":"La Casa Blanca ha confirmado que los aranceles del 25% a las importaciones de M\u00e9xico y Canad\u00e1 entrar\u00e1n en vigor este 1 de febrero, como lo hab\u00eda anunciado previamente el presidente Donald Trump. Seg\u00fan la portavoz Karoline Leavitt, el mandatario est\u00e1 comprometido a aplicar esta medida de manera efectiva, la cual forma parte de una","inLanguage":"es-MX","isPartOf":{"@id":"https:\/\/www.podermexico.mx\/#website"},"breadcrumb":{"@id":"https:\/\/www.podermexico.mx\/?p=3219#breadcrumblist"},"author":{"@id":"https:\/\/www.podermexico.mx\/?author=7#author"},"creator":{"@id":"https:\/\/www.podermexico.mx\/?author=7#author"},"image":{"@type":"ImageObject","url":"https:\/\/www.podermexico.mx\/wp-content\/uploads\/2025\/01\/AA1xUwbL.jpeg","@id":"https:\/\/www.podermexico.mx\/?p=3219\/#mainImage","width":768,"height":511},"primaryImageOfPage":{"@id":"https:\/\/www.podermexico.mx\/?p=3219#mainImage"},"datePublished":"2025-01-28T21:53:47-06:00","dateModified":"2025-01-28T21:53:59-06:00"},{"@type":"WebSite","@id":"https:\/\/www.podermexico.mx\/#website","url":"https:\/\/www.podermexico.mx\/","name":"Poder M\u00e9xico","description":"Donde los l\u00edderes definen el futuro, exploramos tendencias y desciframos el mundo de la pol\u00edtica y los negocios","inLanguage":"es-MX","publisher":{"@id":"https:\/\/www.podermexico.mx\/#organization"}}]},"og:locale":"es_MX","og:site_name":"Poder M\u00e9xico - Donde los l\u00edderes definen el futuro, exploramos tendencias y desciframos el mundo de la pol\u00edtica y los negocios","og:type":"article","og:title":"Aranceles del 25% a M\u00e9xico y Canad\u00e1 comenzar\u00e1n este 1 de febrero: Casa Blanca - Poder M\u00e9xico","og:description":"La Casa Blanca ha confirmado que los aranceles del 25% a las importaciones de M\u00e9xico y Canad\u00e1 entrar\u00e1n en vigor este 1 de febrero, como lo hab\u00eda anunciado previamente el presidente Donald Trump. Seg\u00fan la portavoz Karoline Leavitt, el mandatario est\u00e1 comprometido a aplicar esta medida de manera efectiva, la cual forma parte de una","og:url":"https:\/\/www.podermexico.mx\/?p=3219","article:published_time":"2025-01-28T21:53:47+00:00","article:modified_time":"2025-01-28T21:53:59+00:00","twitter:card":"summary_large_image","twitter:title":"Aranceles del 25% a M\u00e9xico y Canad\u00e1 comenzar\u00e1n este 1 de febrero: Casa Blanca - Poder M\u00e9xico","twitter:description":"La Casa Blanca ha confirmado que los aranceles del 25% a las importaciones de M\u00e9xico y Canad\u00e1 entrar\u00e1n en vigor este 1 de febrero, como lo hab\u00eda anunciado previamente el presidente Donald Trump. Seg\u00fan la portavoz Karoline Leavitt, el mandatario est\u00e1 comprometido a aplicar esta medida de manera efectiva, la cual forma parte de una"},"aioseo_meta_data":{"post_id":"3219","title":null,"description":null,"keywords":null,"keyphrases":{"focus":{"keyphrase":"","score":0,"analysis":{"keyphraseInTitle":{"score":0,"maxScore":9,"error":1}}},"additional":[]},"primary_term":null,"canonical_url":null,"og_title":null,"og_description":null,"og_object_type":"default","og_image_type":"default","og_image_url":null,"og_image_width":null,"og_image_height":null,"og_image_custom_url":null,"og_image_custom_fields":null,"og_video":"","og_custom_url":null,"og_article_section":null,"og_article_tags":null,"twitter_use_og":false,"twitter_card":"default","twitter_image_type":"default","twitter_image_url":null,"twitter_image_custom_url":null,"twitter_image_custom_fields":null,"twitter_title":null,"twitter_description":null,"schema":{"blockGraphs":[],"customGraphs":[],"default":{"data":{"Article":[],"Course":[],"Dataset":[],"FAQPage":[],"Movie":[],"Person":[],"Product":[],"ProductReview":[],"Car":[],"Recipe":[],"Service":[],"SoftwareApplication":[],"WebPage":[]},"graphName":"BlogPosting","isEnabled":true},"graphs":[]},"schema_type":"default","schema_type_options":null,"pillar_content":false,"robots_default":true,"robots_noindex":false,"robots_noarchive":false,"robots_nosnippet":false,"robots_nofollow":false,"robots_noimageindex":false,"robots_noodp":false,"robots_notranslate":false,"robots_max_snippet":"-1","robots_max_videopreview":"-1","robots_max_imagepreview":"large","priority":null,"frequency":"default","local_seo":null,"breadcrumb_settings":null,"limit_modified_date":false,"ai":null,"created":"2025-01-28 21:53:59","updated":"2025-07-12 05:57:00","seo_analyzer_scan_date":null,"focus_keyword":null,"additional_keywords":null,"truseo_locale":null},"aioseo_breadcrumb":"<div class=\"aioseo-breadcrumbs\"><span class=\"aioseo-breadcrumb\">\n\t\t\t<a href=\"https:\/\/www.podermexico.mx\" title=\"Home\">Home<\/a>\n\t\t<\/span><span class=\"aioseo-breadcrumb-separator\">&raquo;<\/span><span class=\"aioseo-breadcrumb\">\n\t\t\t<a href=\"https:\/\/www.podermexico.mx\/?cat=57\" title=\"Geopol\u00edtica\">Geopol\u00edtica<\/a>\n\t\t<\/span><span class=\"aioseo-breadcrumb-separator\">&raquo;<\/span><span class=\"aioseo-breadcrumb\">\n\t\t\tAranceles del 25% a M\u00e9xico y Canad\u00e1 comenzar\u00e1n este 1 de febrero: Casa Blanca\n\t\t<\/span><\/div>","aioseo_breadcrumb_json":[{"label":"Home","link":"https:\/\/www.podermexico.mx"},{"label":"Geopol\u00edtica","link":"https:\/\/www.podermexico.mx\/?cat=57"},{"label":"Aranceles del 25% a M\u00e9xico y Canad\u00e1 comenzar\u00e1n este 1 de febrero: Casa Blanca","link":"https:\/\/www.podermexico.mx\/?p=3219"}],"_links":{"self":[{"href":"https:\/\/www.podermexico.mx\/index.php?rest_route=\/wp\/v2\/posts\/3219","targetHints":{"allow":["GET"]}}],"collection":[{"href":"https:\/\/www.podermexico.mx\/index.php?rest_route=\/wp\/v2\/posts"}],"about":[{"href":"https:\/\/www.podermexico.mx\/index.php?rest_route=\/wp\/v2\/types\/post"}],"author":[{"embeddable":true,"href":"https:\/\/www.podermexico.mx\/index.php?rest_route=\/wp\/v2\/users\/7"}],"replies":[{"embeddable":true,"href":"https:\/\/www.podermexico.mx\/index.php?rest_route=%2Fwp%2Fv2%2Fcomments&post=3219"}],"version-history":[{"count":1,"href":"https:\/\/www.podermexico.mx\/index.php?rest_route=\/wp\/v2\/posts\/3219\/revisions"}],"predecessor-version":[{"id":3221,"href":"https:\/\/www.podermexico.mx\/index.php?rest_route=\/wp\/v2\/posts\/3219\/revisions\/3221"}],"wp:featuredmedia":[{"embeddable":true,"href":"https:\/\/www.podermexico.mx\/index.php?rest_route=\/wp\/v2\/media\/3220"}],"wp:attachment":[{"href":"https:\/\/www.podermexico.mx\/index.php?rest_route=%2Fwp%2Fv2%2Fmedia&parent=3219"}],"wp:term":[{"taxonomy":"category","embeddable":true,"href":"https:\/\/www.podermexico.mx\/index.php?rest_route=%2Fwp%2Fv2%2Fcategories&post=3219"},{"taxonomy":"post_tag","embeddable":true,"href":"https:\/\/www.podermexico.mx\/index.php?rest_route=%2Fwp%2Fv2%2Ftags&post=3219"}],"curies":[{"name":"wp","href":"https:\/\/api.w.org\/{rel}","templated":true}]}}