
{"id":3155,"date":"2025-01-24T18:35:03","date_gmt":"2025-01-24T18:35:03","guid":{"rendered":"https:\/\/www.podermexico.mx\/?p=3155"},"modified":"2025-01-24T18:35:05","modified_gmt":"2025-01-24T18:35:05","slug":"canada-rechaza-anexion-propuesta-por-trump","status":"publish","type":"post","link":"https:\/\/www.podermexico.mx\/?p=3155","title":{"rendered":"Canad\u00e1 rechaza anexi\u00f3n propuesta por Trump"},"content":{"rendered":"\n<p class=\"wp-block-paragraph\">El empresario canadiense Liam Mooney ha generado un fen\u00f3meno viral con las gorras que llevan el lema &#8220;Canad\u00e1 no est\u00e1 en venta&#8221;, dise\u00f1adas como respuesta a las amenazas del expresidente estadounidense Donald Trump. Estas gorras, que han recibido decenas de miles de pedidos en l\u00ednea, surgieron tras declaraciones de Trump sobre convertir a Canad\u00e1 en el estado 51 de Estados Unidos y la imposici\u00f3n de aranceles de hasta 25% a las importaciones canadienses.<\/p>\n\n\n\n<p class=\"wp-block-paragraph\">El primer ministro de Ontario, Doug Ford, impuls\u00f3 la popularidad de las gorras al usarlas durante una reuni\u00f3n con Justin Trudeau y otros gobernantes provinciales en Ottawa. Seg\u00fan Mooney, el dise\u00f1o pretende fomentar el nacionalismo y la unidad frente a la ret\u00f3rica de Trump.<\/p>\n\n\n\n<p class=\"wp-block-paragraph\">Las amenazas de aranceles, adem\u00e1s de tensionar las relaciones entre ambos pa\u00edses, podr\u00edan impactar la econom\u00eda canadiense y encarecer bienes esenciales como el petr\u00f3leo en Estados Unidos. En un contexto pol\u00edtico complejo en Canad\u00e1, con la posible renuncia de Trudeau y elecciones federales a finales de este a\u00f1o, el mensaje de las gorras ha resonado como s\u00edmbolo de resistencia y soberan\u00eda.<\/p>\n\n\n\n<p class=\"wp-block-paragraph\">Mooney afirma que el \u00e9xito de las gorras refleja un amplio respaldo ciudadano para defender la identidad canadiense en medio de estas tensiones internacionales.<\/p>\n\n\n\n<hr class=\"wp-block-separator has-alpha-channel-opacity\"\/>\n\n\n\n<p class=\"wp-block-paragraph\"><a href=\"https:\/\/whatsapp.com\/channel\/0029VakwIAp1XqubKInYmc19\">\u00a1\u00danete a nuestro canal de WhatsApp!<\/a> \ud83d\udcf2 Mantente informado desde tu m\u00f3vil con las noticias m\u00e1s importantes, an\u00e1lisis, negocios, y tendencias del d\u00eda<\/p>\n","protected":false},"excerpt":{"rendered":"<p>El empresario canadiense Liam Mooney ha generado un fen\u00f3meno viral con las gorras que llevan el lema &#8220;Canad\u00e1 no est\u00e1 en venta&#8221;, dise\u00f1adas como respuesta a las amenazas del expresidente estadounidense Donald Trump. Estas gorras, que han recibido decenas de miles de pedidos en l\u00ednea, surgieron tras declaraciones de Trump sobre convertir a Canad\u00e1 en el estado 51 de Estados &hellip;<\/p>\n","protected":false},"author":7,"featured_media":3156,"comment_status":"open","ping_status":"open","sticky":false,"template":"","format":"standard","meta":{"footnotes":""},"categories":[58],"tags":[728,344,85],"class_list":["post-3155","post","type-post","status-publish","format-standard","has-post-thumbnail","hentry","category-politica","tag-canada","tag-donald-trump","tag-estados-unidos"],"aioseo_notices":[],"aioseo_head":"\n\t\t<!-- All in One SEO 5.0.0.1 - aioseo.com -->\n\t<meta name=\"description\" content=\"El empresario canadiense Liam Mooney ha generado un fen\u00f3meno viral con las gorras que llevan el lema &quot;Canad\u00e1 no est\u00e1 en venta&quot;, dise\u00f1adas como respuesta a las amenazas del expresidente estadounidense Donald Trump. Estas gorras, que han recibido decenas de miles de pedidos en l\u00ednea, surgieron tras declaraciones de Trump sobre convertir a Canad\u00e1 en\" \/>\n\t<meta name=\"robots\" content=\"max-image-preview:large\" \/>\n\t<meta name=\"author\" content=\"Poder M\u00e9xico\"\/>\n\t<link rel=\"canonical\" href=\"https:\/\/www.podermexico.mx\/?p=3155\" \/>\n\t<meta name=\"generator\" content=\"All in One SEO (AIOSEO) 5.0.0.1\" \/>\n\t\t<meta property=\"og:locale\" content=\"es_MX\" \/>\n\t\t<meta property=\"og:site_name\" content=\"Poder M\u00e9xico - Donde los l\u00edderes definen el futuro, exploramos tendencias y desciframos el mundo de la pol\u00edtica y los negocios\" \/>\n\t\t<meta property=\"og:type\" content=\"article\" \/>\n\t\t<meta property=\"og:title\" content=\"Canad\u00e1 rechaza anexi\u00f3n propuesta por Trump - Poder M\u00e9xico\" \/>\n\t\t<meta property=\"og:description\" content=\"El empresario canadiense Liam Mooney ha generado un fen\u00f3meno viral con las gorras que llevan el lema &quot;Canad\u00e1 no est\u00e1 en venta&quot;, dise\u00f1adas como respuesta a las amenazas del expresidente estadounidense Donald Trump. Estas gorras, que han recibido decenas de miles de pedidos en l\u00ednea, surgieron tras declaraciones de Trump sobre convertir a Canad\u00e1 en\" \/>\n\t\t<meta property=\"og:url\" content=\"https:\/\/www.podermexico.mx\/?p=3155\" \/>\n\t\t<meta property=\"article:published_time\" content=\"2025-01-24T18:35:03+00:00\" \/>\n\t\t<meta property=\"article:modified_time\" content=\"2025-01-24T18:35:05+00:00\" \/>\n\t\t<meta name=\"twitter:card\" content=\"summary_large_image\" \/>\n\t\t<meta name=\"twitter:title\" content=\"Canad\u00e1 rechaza anexi\u00f3n propuesta por Trump - Poder M\u00e9xico\" \/>\n\t\t<meta name=\"twitter:description\" content=\"El empresario canadiense Liam Mooney ha generado un fen\u00f3meno viral con las gorras que llevan el lema &quot;Canad\u00e1 no est\u00e1 en venta&quot;, dise\u00f1adas como respuesta a las amenazas del expresidente estadounidense Donald Trump. Estas gorras, que han recibido decenas de miles de pedidos en l\u00ednea, surgieron tras declaraciones de Trump sobre convertir a Canad\u00e1 en\" \/>\n\t\t<script type=\"application\/ld+json\" class=\"aioseo-schema\">\n\t\t\t{\"@context\":\"https:\\\/\\\/schema.org\",\"@graph\":[{\"@type\":\"BlogPosting\",\"@id\":\"https:\\\/\\\/www.podermexico.mx\\\/?p=3155#blogposting\",\"name\":\"Canad\\u00e1 rechaza anexi\\u00f3n propuesta por Trump - Poder M\\u00e9xico\",\"headline\":\"Canad\\u00e1 rechaza anexi\\u00f3n propuesta por Trump\",\"author\":{\"@id\":\"https:\\\/\\\/www.podermexico.mx\\\/?author=7#author\"},\"publisher\":{\"@id\":\"https:\\\/\\\/www.podermexico.mx\\\/#organization\"},\"image\":{\"@type\":\"ImageObject\",\"url\":\"https:\\\/\\\/www.podermexico.mx\\\/wp-content\\\/uploads\\\/2025\\\/01\\\/Captura-de-pantalla-2025-01-24-122417.png\",\"width\":940,\"height\":512},\"datePublished\":\"2025-01-24T18:35:03-06:00\",\"dateModified\":\"2025-01-24T18:35:05-06:00\",\"inLanguage\":\"es-MX\",\"mainEntityOfPage\":{\"@id\":\"https:\\\/\\\/www.podermexico.mx\\\/?p=3155#webpage\"},\"isPartOf\":{\"@id\":\"https:\\\/\\\/www.podermexico.mx\\\/?p=3155#webpage\"},\"articleSection\":\"Pol\\u00edtica, Canad\\u00e1, Donald Trump, Estados Unidos\"},{\"@type\":\"BreadcrumbList\",\"@id\":\"https:\\\/\\\/www.podermexico.mx\\\/?p=3155#breadcrumblist\",\"itemListElement\":[{\"@type\":\"ListItem\",\"@id\":\"https:\\\/\\\/www.podermexico.mx#listItem\",\"position\":1,\"name\":\"Home\",\"item\":\"https:\\\/\\\/www.podermexico.mx\",\"nextItem\":{\"@type\":\"ListItem\",\"@id\":\"https:\\\/\\\/www.podermexico.mx\\\/?cat=58#listItem\",\"name\":\"Pol\\u00edtica\"}},{\"@type\":\"ListItem\",\"@id\":\"https:\\\/\\\/www.podermexico.mx\\\/?cat=58#listItem\",\"position\":2,\"name\":\"Pol\\u00edtica\",\"item\":\"https:\\\/\\\/www.podermexico.mx\\\/?cat=58\",\"nextItem\":{\"@type\":\"ListItem\",\"@id\":\"https:\\\/\\\/www.podermexico.mx\\\/?p=3155#listItem\",\"name\":\"Canad\\u00e1 rechaza anexi\\u00f3n propuesta por Trump\"},\"previousItem\":{\"@type\":\"ListItem\",\"@id\":\"https:\\\/\\\/www.podermexico.mx#listItem\",\"name\":\"Home\"}},{\"@type\":\"ListItem\",\"@id\":\"https:\\\/\\\/www.podermexico.mx\\\/?p=3155#listItem\",\"position\":3,\"name\":\"Canad\\u00e1 rechaza anexi\\u00f3n propuesta por Trump\",\"previousItem\":{\"@type\":\"ListItem\",\"@id\":\"https:\\\/\\\/www.podermexico.mx\\\/?cat=58#listItem\",\"name\":\"Pol\\u00edtica\"}}]},{\"@type\":\"Organization\",\"@id\":\"https:\\\/\\\/www.podermexico.mx\\\/#organization\",\"name\":\"Poder M\\u00e9xico\",\"description\":\"Donde los l\\u00edderes definen el futuro, exploramos tendencias y desciframos el mundo de la pol\\u00edtica y los negocios\",\"url\":\"https:\\\/\\\/www.podermexico.mx\\\/\"},{\"@type\":\"Person\",\"@id\":\"https:\\\/\\\/www.podermexico.mx\\\/?author=7#author\",\"url\":\"https:\\\/\\\/www.podermexico.mx\\\/?author=7\",\"name\":\"Poder M\\u00e9xico\",\"image\":{\"@type\":\"ImageObject\",\"@id\":\"https:\\\/\\\/www.podermexico.mx\\\/?p=3155#authorImage\",\"url\":\"https:\\\/\\\/secure.gravatar.com\\\/avatar\\\/6873d270747c7f511ab0e491b4ef59ff185c68a5912118c90f83cdcd498e434b?s=96&d=mm&r=g\",\"width\":96,\"height\":96,\"caption\":\"Poder M\\u00e9xico\"}},{\"@type\":\"WebPage\",\"@id\":\"https:\\\/\\\/www.podermexico.mx\\\/?p=3155#webpage\",\"url\":\"https:\\\/\\\/www.podermexico.mx\\\/?p=3155\",\"name\":\"Canad\\u00e1 rechaza anexi\\u00f3n propuesta por Trump - Poder M\\u00e9xico\",\"description\":\"El empresario canadiense Liam Mooney ha generado un fen\\u00f3meno viral con las gorras que llevan el lema \\\"Canad\\u00e1 no est\\u00e1 en venta\\\", dise\\u00f1adas como respuesta a las amenazas del expresidente estadounidense Donald Trump. Estas gorras, que han recibido decenas de miles de pedidos en l\\u00ednea, surgieron tras declaraciones de Trump sobre convertir a Canad\\u00e1 en\",\"inLanguage\":\"es-MX\",\"isPartOf\":{\"@id\":\"https:\\\/\\\/www.podermexico.mx\\\/#website\"},\"breadcrumb\":{\"@id\":\"https:\\\/\\\/www.podermexico.mx\\\/?p=3155#breadcrumblist\"},\"author\":{\"@id\":\"https:\\\/\\\/www.podermexico.mx\\\/?author=7#author\"},\"creator\":{\"@id\":\"https:\\\/\\\/www.podermexico.mx\\\/?author=7#author\"},\"image\":{\"@type\":\"ImageObject\",\"url\":\"https:\\\/\\\/www.podermexico.mx\\\/wp-content\\\/uploads\\\/2025\\\/01\\\/Captura-de-pantalla-2025-01-24-122417.png\",\"@id\":\"https:\\\/\\\/www.podermexico.mx\\\/?p=3155\\\/#mainImage\",\"width\":940,\"height\":512},\"primaryImageOfPage\":{\"@id\":\"https:\\\/\\\/www.podermexico.mx\\\/?p=3155#mainImage\"},\"datePublished\":\"2025-01-24T18:35:03-06:00\",\"dateModified\":\"2025-01-24T18:35:05-06:00\"},{\"@type\":\"WebSite\",\"@id\":\"https:\\\/\\\/www.podermexico.mx\\\/#website\",\"url\":\"https:\\\/\\\/www.podermexico.mx\\\/\",\"name\":\"Poder M\\u00e9xico\",\"description\":\"Donde los l\\u00edderes definen el futuro, exploramos tendencias y desciframos el mundo de la pol\\u00edtica y los negocios\",\"inLanguage\":\"es-MX\",\"publisher\":{\"@id\":\"https:\\\/\\\/www.podermexico.mx\\\/#organization\"}}]}\n\t\t<\/script>\n\t\t<!-- All in One SEO -->\n\n","aioseo_head_json":{"title":"Canad\u00e1 rechaza anexi\u00f3n propuesta por Trump - Poder M\u00e9xico","description":"El empresario canadiense Liam Mooney ha generado un fen\u00f3meno viral con las gorras que llevan el lema \"Canad\u00e1 no est\u00e1 en venta\", dise\u00f1adas como respuesta a las amenazas del expresidente estadounidense Donald Trump. Estas gorras, que han recibido decenas de miles de pedidos en l\u00ednea, surgieron tras declaraciones de Trump sobre convertir a Canad\u00e1 en","canonical_url":"https:\/\/www.podermexico.mx\/?p=3155","robots":"max-image-preview:large","keywords":"","webmasterTools":{"miscellaneous":""},"schema":{"@context":"https:\/\/schema.org","@graph":[{"@type":"BlogPosting","@id":"https:\/\/www.podermexico.mx\/?p=3155#blogposting","name":"Canad\u00e1 rechaza anexi\u00f3n propuesta por Trump - Poder M\u00e9xico","headline":"Canad\u00e1 rechaza anexi\u00f3n propuesta por Trump","author":{"@id":"https:\/\/www.podermexico.mx\/?author=7#author"},"publisher":{"@id":"https:\/\/www.podermexico.mx\/#organization"},"image":{"@type":"ImageObject","url":"https:\/\/www.podermexico.mx\/wp-content\/uploads\/2025\/01\/Captura-de-pantalla-2025-01-24-122417.png","width":940,"height":512},"datePublished":"2025-01-24T18:35:03-06:00","dateModified":"2025-01-24T18:35:05-06:00","inLanguage":"es-MX","mainEntityOfPage":{"@id":"https:\/\/www.podermexico.mx\/?p=3155#webpage"},"isPartOf":{"@id":"https:\/\/www.podermexico.mx\/?p=3155#webpage"},"articleSection":"Pol\u00edtica, Canad\u00e1, Donald Trump, Estados Unidos"},{"@type":"BreadcrumbList","@id":"https:\/\/www.podermexico.mx\/?p=3155#breadcrumblist","itemListElement":[{"@type":"ListItem","@id":"https:\/\/www.podermexico.mx#listItem","position":1,"name":"Home","item":"https:\/\/www.podermexico.mx","nextItem":{"@type":"ListItem","@id":"https:\/\/www.podermexico.mx\/?cat=58#listItem","name":"Pol\u00edtica"}},{"@type":"ListItem","@id":"https:\/\/www.podermexico.mx\/?cat=58#listItem","position":2,"name":"Pol\u00edtica","item":"https:\/\/www.podermexico.mx\/?cat=58","nextItem":{"@type":"ListItem","@id":"https:\/\/www.podermexico.mx\/?p=3155#listItem","name":"Canad\u00e1 rechaza anexi\u00f3n propuesta por Trump"},"previousItem":{"@type":"ListItem","@id":"https:\/\/www.podermexico.mx#listItem","name":"Home"}},{"@type":"ListItem","@id":"https:\/\/www.podermexico.mx\/?p=3155#listItem","position":3,"name":"Canad\u00e1 rechaza anexi\u00f3n propuesta por Trump","previousItem":{"@type":"ListItem","@id":"https:\/\/www.podermexico.mx\/?cat=58#listItem","name":"Pol\u00edtica"}}]},{"@type":"Organization","@id":"https:\/\/www.podermexico.mx\/#organization","name":"Poder M\u00e9xico","description":"Donde los l\u00edderes definen el futuro, exploramos tendencias y desciframos el mundo de la pol\u00edtica y los negocios","url":"https:\/\/www.podermexico.mx\/"},{"@type":"Person","@id":"https:\/\/www.podermexico.mx\/?author=7#author","url":"https:\/\/www.podermexico.mx\/?author=7","name":"Poder M\u00e9xico","image":{"@type":"ImageObject","@id":"https:\/\/www.podermexico.mx\/?p=3155#authorImage","url":"https:\/\/secure.gravatar.com\/avatar\/6873d270747c7f511ab0e491b4ef59ff185c68a5912118c90f83cdcd498e434b?s=96&d=mm&r=g","width":96,"height":96,"caption":"Poder M\u00e9xico"}},{"@type":"WebPage","@id":"https:\/\/www.podermexico.mx\/?p=3155#webpage","url":"https:\/\/www.podermexico.mx\/?p=3155","name":"Canad\u00e1 rechaza anexi\u00f3n propuesta por Trump - Poder M\u00e9xico","description":"El empresario canadiense Liam Mooney ha generado un fen\u00f3meno viral con las gorras que llevan el lema \"Canad\u00e1 no est\u00e1 en venta\", dise\u00f1adas como respuesta a las amenazas del expresidente estadounidense Donald Trump. Estas gorras, que han recibido decenas de miles de pedidos en l\u00ednea, surgieron tras declaraciones de Trump sobre convertir a Canad\u00e1 en","inLanguage":"es-MX","isPartOf":{"@id":"https:\/\/www.podermexico.mx\/#website"},"breadcrumb":{"@id":"https:\/\/www.podermexico.mx\/?p=3155#breadcrumblist"},"author":{"@id":"https:\/\/www.podermexico.mx\/?author=7#author"},"creator":{"@id":"https:\/\/www.podermexico.mx\/?author=7#author"},"image":{"@type":"ImageObject","url":"https:\/\/www.podermexico.mx\/wp-content\/uploads\/2025\/01\/Captura-de-pantalla-2025-01-24-122417.png","@id":"https:\/\/www.podermexico.mx\/?p=3155\/#mainImage","width":940,"height":512},"primaryImageOfPage":{"@id":"https:\/\/www.podermexico.mx\/?p=3155#mainImage"},"datePublished":"2025-01-24T18:35:03-06:00","dateModified":"2025-01-24T18:35:05-06:00"},{"@type":"WebSite","@id":"https:\/\/www.podermexico.mx\/#website","url":"https:\/\/www.podermexico.mx\/","name":"Poder M\u00e9xico","description":"Donde los l\u00edderes definen el futuro, exploramos tendencias y desciframos el mundo de la pol\u00edtica y los negocios","inLanguage":"es-MX","publisher":{"@id":"https:\/\/www.podermexico.mx\/#organization"}}]},"og:locale":"es_MX","og:site_name":"Poder M\u00e9xico - Donde los l\u00edderes definen el futuro, exploramos tendencias y desciframos el mundo de la pol\u00edtica y los negocios","og:type":"article","og:title":"Canad\u00e1 rechaza anexi\u00f3n propuesta por Trump - Poder M\u00e9xico","og:description":"El empresario canadiense Liam Mooney ha generado un fen\u00f3meno viral con las gorras que llevan el lema &quot;Canad\u00e1 no est\u00e1 en venta&quot;, dise\u00f1adas como respuesta a las amenazas del expresidente estadounidense Donald Trump. Estas gorras, que han recibido decenas de miles de pedidos en l\u00ednea, surgieron tras declaraciones de Trump sobre convertir a Canad\u00e1 en","og:url":"https:\/\/www.podermexico.mx\/?p=3155","article:published_time":"2025-01-24T18:35:03+00:00","article:modified_time":"2025-01-24T18:35:05+00:00","twitter:card":"summary_large_image","twitter:title":"Canad\u00e1 rechaza anexi\u00f3n propuesta por Trump - Poder M\u00e9xico","twitter:description":"El empresario canadiense Liam Mooney ha generado un fen\u00f3meno viral con las gorras que llevan el lema &quot;Canad\u00e1 no est\u00e1 en venta&quot;, dise\u00f1adas como respuesta a las amenazas del expresidente estadounidense Donald Trump. Estas gorras, que han recibido decenas de miles de pedidos en l\u00ednea, surgieron tras declaraciones de Trump sobre convertir a Canad\u00e1 en"},"aioseo_meta_data":{"post_id":"3155","title":null,"description":null,"keywords":null,"keyphrases":{"focus":{"keyphrase":"","score":0,"analysis":{"keyphraseInTitle":{"score":0,"maxScore":9,"error":1}}},"additional":[]},"primary_term":null,"canonical_url":null,"og_title":null,"og_description":null,"og_object_type":"default","og_image_type":"default","og_image_url":null,"og_image_width":null,"og_image_height":null,"og_image_custom_url":null,"og_image_custom_fields":null,"og_video":"","og_custom_url":null,"og_article_section":null,"og_article_tags":null,"twitter_use_og":false,"twitter_card":"default","twitter_image_type":"default","twitter_image_url":null,"twitter_image_custom_url":null,"twitter_image_custom_fields":null,"twitter_title":null,"twitter_description":null,"schema":{"blockGraphs":[],"customGraphs":[],"default":{"data":{"Article":[],"Course":[],"Dataset":[],"FAQPage":[],"Movie":[],"Person":[],"Product":[],"ProductReview":[],"Car":[],"Recipe":[],"Service":[],"SoftwareApplication":[],"WebPage":[]},"graphName":"BlogPosting","isEnabled":true},"graphs":[]},"schema_type":"default","schema_type_options":null,"pillar_content":false,"robots_default":true,"robots_noindex":false,"robots_noarchive":false,"robots_nosnippet":false,"robots_nofollow":false,"robots_noimageindex":false,"robots_noodp":false,"robots_notranslate":false,"robots_max_snippet":"-1","robots_max_videopreview":"-1","robots_max_imagepreview":"large","priority":null,"frequency":"default","local_seo":null,"breadcrumb_settings":null,"limit_modified_date":false,"ai":null,"created":"2025-01-24 18:35:05","updated":"2025-07-12 05:55:57","seo_analyzer_scan_date":null,"focus_keyword":null,"additional_keywords":null,"truseo_locale":null},"aioseo_breadcrumb":"<div class=\"aioseo-breadcrumbs\"><span class=\"aioseo-breadcrumb\">\n\t\t\t<a href=\"https:\/\/www.podermexico.mx\" title=\"Home\">Home<\/a>\n\t\t<\/span><span class=\"aioseo-breadcrumb-separator\">&raquo;<\/span><span class=\"aioseo-breadcrumb\">\n\t\t\t<a href=\"https:\/\/www.podermexico.mx\/?cat=58\" title=\"Pol\u00edtica\">Pol\u00edtica<\/a>\n\t\t<\/span><span class=\"aioseo-breadcrumb-separator\">&raquo;<\/span><span class=\"aioseo-breadcrumb\">\n\t\t\tCanad\u00e1 rechaza anexi\u00f3n propuesta por Trump\n\t\t<\/span><\/div>","aioseo_breadcrumb_json":[{"label":"Home","link":"https:\/\/www.podermexico.mx"},{"label":"Pol\u00edtica","link":"https:\/\/www.podermexico.mx\/?cat=58"},{"label":"Canad\u00e1 rechaza anexi\u00f3n propuesta por Trump","link":"https:\/\/www.podermexico.mx\/?p=3155"}],"_links":{"self":[{"href":"https:\/\/www.podermexico.mx\/index.php?rest_route=\/wp\/v2\/posts\/3155","targetHints":{"allow":["GET"]}}],"collection":[{"href":"https:\/\/www.podermexico.mx\/index.php?rest_route=\/wp\/v2\/posts"}],"about":[{"href":"https:\/\/www.podermexico.mx\/index.php?rest_route=\/wp\/v2\/types\/post"}],"author":[{"embeddable":true,"href":"https:\/\/www.podermexico.mx\/index.php?rest_route=\/wp\/v2\/users\/7"}],"replies":[{"embeddable":true,"href":"https:\/\/www.podermexico.mx\/index.php?rest_route=%2Fwp%2Fv2%2Fcomments&post=3155"}],"version-history":[{"count":2,"href":"https:\/\/www.podermexico.mx\/index.php?rest_route=\/wp\/v2\/posts\/3155\/revisions"}],"predecessor-version":[{"id":3159,"href":"https:\/\/www.podermexico.mx\/index.php?rest_route=\/wp\/v2\/posts\/3155\/revisions\/3159"}],"wp:featuredmedia":[{"embeddable":true,"href":"https:\/\/www.podermexico.mx\/index.php?rest_route=\/wp\/v2\/media\/3156"}],"wp:attachment":[{"href":"https:\/\/www.podermexico.mx\/index.php?rest_route=%2Fwp%2Fv2%2Fmedia&parent=3155"}],"wp:term":[{"taxonomy":"category","embeddable":true,"href":"https:\/\/www.podermexico.mx\/index.php?rest_route=%2Fwp%2Fv2%2Fcategories&post=3155"},{"taxonomy":"post_tag","embeddable":true,"href":"https:\/\/www.podermexico.mx\/index.php?rest_route=%2Fwp%2Fv2%2Ftags&post=3155"}],"curies":[{"name":"wp","href":"https:\/\/api.w.org\/{rel}","templated":true}]}}