
{"id":3107,"date":"2025-01-23T13:55:50","date_gmt":"2025-01-23T13:55:50","guid":{"rendered":"https:\/\/www.podermexico.mx\/?p=3107"},"modified":"2025-01-23T13:55:51","modified_gmt":"2025-01-23T13:55:51","slug":"amazon-cerrara-centros-en-quebec-y-despedira-a-casi-2000-empleados","status":"publish","type":"post","link":"https:\/\/www.podermexico.mx\/?p=3107","title":{"rendered":"Amazon cerrar\u00e1 centros en Quebec y despedir\u00e1 a casi 2,000 empleados"},"content":{"rendered":"\n<p class=\"wp-block-paragraph\">Amazon anunci\u00f3 hoy el cierre de sus siete centros de distribuci\u00f3n y otras instalaciones en la provincia canadiense de Quebec, lo que resultar\u00e1 en el despido de aproximadamente 2,000 empleados. La medida, que entrar\u00e1 en vigor en los pr\u00f3ximos dos meses, ha sido calificada por el sindicato como una represalia ante la reciente sindicalizaci\u00f3n de uno de sus almacenes.<\/p>\n\n\n\n<p class=\"wp-block-paragraph\">La compa\u00f1\u00eda justific\u00f3 su decisi\u00f3n argumentando una revisi\u00f3n de sus operaciones en Quebec y la b\u00fasqueda de reducir costos a largo plazo. Amazon planea regresar a un modelo de entrega tercerizado, similar al que ten\u00eda antes de 2020.<\/p>\n\n\n\n<p class=\"wp-block-paragraph\">Sin embargo, el sindicato que representa a los trabajadores ha denunciado que esta medida busca socavar el reciente acuerdo sindical alcanzado en uno de los centros de Quebec, el primero de su tipo en Canad\u00e1. Los trabajadores afectados recibir\u00e1n una indemnizaci\u00f3n de 14 semanas de salario, mientras que los trabajadores temporales recibir\u00e1n pagos hasta el final de sus contratos.<\/p>\n\n\n\n<hr class=\"wp-block-separator has-alpha-channel-opacity\"\/>\n","protected":false},"excerpt":{"rendered":"<p>Amazon anunci\u00f3 hoy el cierre de sus siete centros de distribuci\u00f3n y otras instalaciones en la provincia canadiense de Quebec, lo que resultar\u00e1 en el despido de aproximadamente 2,000 empleados. La medida, que entrar\u00e1 en vigor en los pr\u00f3ximos dos meses, ha sido calificada por el sindicato como una represalia ante la reciente sindicalizaci\u00f3n de uno de sus almacenes. La &hellip;<\/p>\n","protected":false},"author":7,"featured_media":3108,"comment_status":"open","ping_status":"open","sticky":false,"template":"","format":"standard","meta":{"footnotes":""},"categories":[60],"tags":[356,1183],"class_list":["post-3107","post","type-post","status-publish","format-standard","has-post-thumbnail","hentry","category-empresas","tag-amazon","tag-empleados"],"aioseo_notices":[],"aioseo_head":"\n\t\t<!-- All in One SEO 5.0.0.1 - aioseo.com -->\n\t<meta name=\"description\" content=\"Amazon anunci\u00f3 hoy el cierre de sus siete centros de distribuci\u00f3n y otras instalaciones en la provincia canadiense de Quebec, lo que resultar\u00e1 en el despido de aproximadamente 2,000 empleados. La medida, que entrar\u00e1 en vigor en los pr\u00f3ximos dos meses, ha sido calificada por el sindicato como una represalia ante la reciente sindicalizaci\u00f3n de\" \/>\n\t<meta name=\"robots\" content=\"max-image-preview:large\" \/>\n\t<meta name=\"author\" content=\"Poder M\u00e9xico\"\/>\n\t<link rel=\"canonical\" href=\"https:\/\/www.podermexico.mx\/?p=3107\" \/>\n\t<meta name=\"generator\" content=\"All in One SEO (AIOSEO) 5.0.0.1\" \/>\n\t\t<meta property=\"og:locale\" content=\"es_MX\" \/>\n\t\t<meta property=\"og:site_name\" content=\"Poder M\u00e9xico - Donde los l\u00edderes definen el futuro, exploramos tendencias y desciframos el mundo de la pol\u00edtica y los negocios\" \/>\n\t\t<meta property=\"og:type\" content=\"article\" \/>\n\t\t<meta property=\"og:title\" content=\"Amazon cerrar\u00e1 centros en Quebec y despedir\u00e1 a casi 2,000 empleados - Poder M\u00e9xico\" \/>\n\t\t<meta property=\"og:description\" content=\"Amazon anunci\u00f3 hoy el cierre de sus siete centros de distribuci\u00f3n y otras instalaciones en la provincia canadiense de Quebec, lo que resultar\u00e1 en el despido de aproximadamente 2,000 empleados. La medida, que entrar\u00e1 en vigor en los pr\u00f3ximos dos meses, ha sido calificada por el sindicato como una represalia ante la reciente sindicalizaci\u00f3n de\" \/>\n\t\t<meta property=\"og:url\" content=\"https:\/\/www.podermexico.mx\/?p=3107\" \/>\n\t\t<meta property=\"article:published_time\" content=\"2025-01-23T13:55:50+00:00\" \/>\n\t\t<meta property=\"article:modified_time\" content=\"2025-01-23T13:55:51+00:00\" \/>\n\t\t<meta name=\"twitter:card\" content=\"summary_large_image\" \/>\n\t\t<meta name=\"twitter:title\" content=\"Amazon cerrar\u00e1 centros en Quebec y despedir\u00e1 a casi 2,000 empleados - Poder M\u00e9xico\" \/>\n\t\t<meta name=\"twitter:description\" content=\"Amazon anunci\u00f3 hoy el cierre de sus siete centros de distribuci\u00f3n y otras instalaciones en la provincia canadiense de Quebec, lo que resultar\u00e1 en el despido de aproximadamente 2,000 empleados. La medida, que entrar\u00e1 en vigor en los pr\u00f3ximos dos meses, ha sido calificada por el sindicato como una represalia ante la reciente sindicalizaci\u00f3n de\" \/>\n\t\t<script type=\"application\/ld+json\" class=\"aioseo-schema\">\n\t\t\t{\"@context\":\"https:\\\/\\\/schema.org\",\"@graph\":[{\"@type\":\"BlogPosting\",\"@id\":\"https:\\\/\\\/www.podermexico.mx\\\/?p=3107#blogposting\",\"name\":\"Amazon cerrar\\u00e1 centros en Quebec y despedir\\u00e1 a casi 2,000 empleados - Poder M\\u00e9xico\",\"headline\":\"Amazon cerrar\\u00e1 centros en Quebec y despedir\\u00e1 a casi 2,000 empleados\",\"author\":{\"@id\":\"https:\\\/\\\/www.podermexico.mx\\\/?author=7#author\"},\"publisher\":{\"@id\":\"https:\\\/\\\/www.podermexico.mx\\\/#organization\"},\"image\":{\"@type\":\"ImageObject\",\"url\":\"https:\\\/\\\/www.podermexico.mx\\\/wp-content\\\/uploads\\\/2025\\\/01\\\/dd1d483fdeb84946fd2d5daef009d8477142b9e1334b993fb885d2852050af99.jpg\",\"width\":960,\"height\":583},\"datePublished\":\"2025-01-23T13:55:50-06:00\",\"dateModified\":\"2025-01-23T13:55:51-06:00\",\"inLanguage\":\"es-MX\",\"commentCount\":1,\"mainEntityOfPage\":{\"@id\":\"https:\\\/\\\/www.podermexico.mx\\\/?p=3107#webpage\"},\"isPartOf\":{\"@id\":\"https:\\\/\\\/www.podermexico.mx\\\/?p=3107#webpage\"},\"articleSection\":\"Empresas y Negocios, Amazon, empleados\"},{\"@type\":\"BreadcrumbList\",\"@id\":\"https:\\\/\\\/www.podermexico.mx\\\/?p=3107#breadcrumblist\",\"itemListElement\":[{\"@type\":\"ListItem\",\"@id\":\"https:\\\/\\\/www.podermexico.mx#listItem\",\"position\":1,\"name\":\"Home\",\"item\":\"https:\\\/\\\/www.podermexico.mx\",\"nextItem\":{\"@type\":\"ListItem\",\"@id\":\"https:\\\/\\\/www.podermexico.mx\\\/?cat=60#listItem\",\"name\":\"Empresas y Negocios\"}},{\"@type\":\"ListItem\",\"@id\":\"https:\\\/\\\/www.podermexico.mx\\\/?cat=60#listItem\",\"position\":2,\"name\":\"Empresas y Negocios\",\"item\":\"https:\\\/\\\/www.podermexico.mx\\\/?cat=60\",\"nextItem\":{\"@type\":\"ListItem\",\"@id\":\"https:\\\/\\\/www.podermexico.mx\\\/?p=3107#listItem\",\"name\":\"Amazon cerrar\\u00e1 centros en Quebec y despedir\\u00e1 a casi 2,000 empleados\"},\"previousItem\":{\"@type\":\"ListItem\",\"@id\":\"https:\\\/\\\/www.podermexico.mx#listItem\",\"name\":\"Home\"}},{\"@type\":\"ListItem\",\"@id\":\"https:\\\/\\\/www.podermexico.mx\\\/?p=3107#listItem\",\"position\":3,\"name\":\"Amazon cerrar\\u00e1 centros en Quebec y despedir\\u00e1 a casi 2,000 empleados\",\"previousItem\":{\"@type\":\"ListItem\",\"@id\":\"https:\\\/\\\/www.podermexico.mx\\\/?cat=60#listItem\",\"name\":\"Empresas y Negocios\"}}]},{\"@type\":\"Organization\",\"@id\":\"https:\\\/\\\/www.podermexico.mx\\\/#organization\",\"name\":\"Poder M\\u00e9xico\",\"description\":\"Donde los l\\u00edderes definen el futuro, exploramos tendencias y desciframos el mundo de la pol\\u00edtica y los negocios\",\"url\":\"https:\\\/\\\/www.podermexico.mx\\\/\"},{\"@type\":\"Person\",\"@id\":\"https:\\\/\\\/www.podermexico.mx\\\/?author=7#author\",\"url\":\"https:\\\/\\\/www.podermexico.mx\\\/?author=7\",\"name\":\"Poder M\\u00e9xico\",\"image\":{\"@type\":\"ImageObject\",\"@id\":\"https:\\\/\\\/www.podermexico.mx\\\/?p=3107#authorImage\",\"url\":\"https:\\\/\\\/secure.gravatar.com\\\/avatar\\\/6873d270747c7f511ab0e491b4ef59ff185c68a5912118c90f83cdcd498e434b?s=96&d=mm&r=g\",\"width\":96,\"height\":96,\"caption\":\"Poder M\\u00e9xico\"}},{\"@type\":\"WebPage\",\"@id\":\"https:\\\/\\\/www.podermexico.mx\\\/?p=3107#webpage\",\"url\":\"https:\\\/\\\/www.podermexico.mx\\\/?p=3107\",\"name\":\"Amazon cerrar\\u00e1 centros en Quebec y despedir\\u00e1 a casi 2,000 empleados - Poder M\\u00e9xico\",\"description\":\"Amazon anunci\\u00f3 hoy el cierre de sus siete centros de distribuci\\u00f3n y otras instalaciones en la provincia canadiense de Quebec, lo que resultar\\u00e1 en el despido de aproximadamente 2,000 empleados. La medida, que entrar\\u00e1 en vigor en los pr\\u00f3ximos dos meses, ha sido calificada por el sindicato como una represalia ante la reciente sindicalizaci\\u00f3n de\",\"inLanguage\":\"es-MX\",\"isPartOf\":{\"@id\":\"https:\\\/\\\/www.podermexico.mx\\\/#website\"},\"breadcrumb\":{\"@id\":\"https:\\\/\\\/www.podermexico.mx\\\/?p=3107#breadcrumblist\"},\"author\":{\"@id\":\"https:\\\/\\\/www.podermexico.mx\\\/?author=7#author\"},\"creator\":{\"@id\":\"https:\\\/\\\/www.podermexico.mx\\\/?author=7#author\"},\"image\":{\"@type\":\"ImageObject\",\"url\":\"https:\\\/\\\/www.podermexico.mx\\\/wp-content\\\/uploads\\\/2025\\\/01\\\/dd1d483fdeb84946fd2d5daef009d8477142b9e1334b993fb885d2852050af99.jpg\",\"@id\":\"https:\\\/\\\/www.podermexico.mx\\\/?p=3107\\\/#mainImage\",\"width\":960,\"height\":583},\"primaryImageOfPage\":{\"@id\":\"https:\\\/\\\/www.podermexico.mx\\\/?p=3107#mainImage\"},\"datePublished\":\"2025-01-23T13:55:50-06:00\",\"dateModified\":\"2025-01-23T13:55:51-06:00\"},{\"@type\":\"WebSite\",\"@id\":\"https:\\\/\\\/www.podermexico.mx\\\/#website\",\"url\":\"https:\\\/\\\/www.podermexico.mx\\\/\",\"name\":\"Poder M\\u00e9xico\",\"description\":\"Donde los l\\u00edderes definen el futuro, exploramos tendencias y desciframos el mundo de la pol\\u00edtica y los negocios\",\"inLanguage\":\"es-MX\",\"publisher\":{\"@id\":\"https:\\\/\\\/www.podermexico.mx\\\/#organization\"}}]}\n\t\t<\/script>\n\t\t<!-- All in One SEO -->\n\n","aioseo_head_json":{"title":"Amazon cerrar\u00e1 centros en Quebec y despedir\u00e1 a casi 2,000 empleados - Poder M\u00e9xico","description":"Amazon anunci\u00f3 hoy el cierre de sus siete centros de distribuci\u00f3n y otras instalaciones en la provincia canadiense de Quebec, lo que resultar\u00e1 en el despido de aproximadamente 2,000 empleados. La medida, que entrar\u00e1 en vigor en los pr\u00f3ximos dos meses, ha sido calificada por el sindicato como una represalia ante la reciente sindicalizaci\u00f3n de","canonical_url":"https:\/\/www.podermexico.mx\/?p=3107","robots":"max-image-preview:large","keywords":"","webmasterTools":{"miscellaneous":""},"schema":{"@context":"https:\/\/schema.org","@graph":[{"@type":"BlogPosting","@id":"https:\/\/www.podermexico.mx\/?p=3107#blogposting","name":"Amazon cerrar\u00e1 centros en Quebec y despedir\u00e1 a casi 2,000 empleados - Poder M\u00e9xico","headline":"Amazon cerrar\u00e1 centros en Quebec y despedir\u00e1 a casi 2,000 empleados","author":{"@id":"https:\/\/www.podermexico.mx\/?author=7#author"},"publisher":{"@id":"https:\/\/www.podermexico.mx\/#organization"},"image":{"@type":"ImageObject","url":"https:\/\/www.podermexico.mx\/wp-content\/uploads\/2025\/01\/dd1d483fdeb84946fd2d5daef009d8477142b9e1334b993fb885d2852050af99.jpg","width":960,"height":583},"datePublished":"2025-01-23T13:55:50-06:00","dateModified":"2025-01-23T13:55:51-06:00","inLanguage":"es-MX","commentCount":1,"mainEntityOfPage":{"@id":"https:\/\/www.podermexico.mx\/?p=3107#webpage"},"isPartOf":{"@id":"https:\/\/www.podermexico.mx\/?p=3107#webpage"},"articleSection":"Empresas y Negocios, Amazon, empleados"},{"@type":"BreadcrumbList","@id":"https:\/\/www.podermexico.mx\/?p=3107#breadcrumblist","itemListElement":[{"@type":"ListItem","@id":"https:\/\/www.podermexico.mx#listItem","position":1,"name":"Home","item":"https:\/\/www.podermexico.mx","nextItem":{"@type":"ListItem","@id":"https:\/\/www.podermexico.mx\/?cat=60#listItem","name":"Empresas y Negocios"}},{"@type":"ListItem","@id":"https:\/\/www.podermexico.mx\/?cat=60#listItem","position":2,"name":"Empresas y Negocios","item":"https:\/\/www.podermexico.mx\/?cat=60","nextItem":{"@type":"ListItem","@id":"https:\/\/www.podermexico.mx\/?p=3107#listItem","name":"Amazon cerrar\u00e1 centros en Quebec y despedir\u00e1 a casi 2,000 empleados"},"previousItem":{"@type":"ListItem","@id":"https:\/\/www.podermexico.mx#listItem","name":"Home"}},{"@type":"ListItem","@id":"https:\/\/www.podermexico.mx\/?p=3107#listItem","position":3,"name":"Amazon cerrar\u00e1 centros en Quebec y despedir\u00e1 a casi 2,000 empleados","previousItem":{"@type":"ListItem","@id":"https:\/\/www.podermexico.mx\/?cat=60#listItem","name":"Empresas y Negocios"}}]},{"@type":"Organization","@id":"https:\/\/www.podermexico.mx\/#organization","name":"Poder M\u00e9xico","description":"Donde los l\u00edderes definen el futuro, exploramos tendencias y desciframos el mundo de la pol\u00edtica y los negocios","url":"https:\/\/www.podermexico.mx\/"},{"@type":"Person","@id":"https:\/\/www.podermexico.mx\/?author=7#author","url":"https:\/\/www.podermexico.mx\/?author=7","name":"Poder M\u00e9xico","image":{"@type":"ImageObject","@id":"https:\/\/www.podermexico.mx\/?p=3107#authorImage","url":"https:\/\/secure.gravatar.com\/avatar\/6873d270747c7f511ab0e491b4ef59ff185c68a5912118c90f83cdcd498e434b?s=96&d=mm&r=g","width":96,"height":96,"caption":"Poder M\u00e9xico"}},{"@type":"WebPage","@id":"https:\/\/www.podermexico.mx\/?p=3107#webpage","url":"https:\/\/www.podermexico.mx\/?p=3107","name":"Amazon cerrar\u00e1 centros en Quebec y despedir\u00e1 a casi 2,000 empleados - Poder M\u00e9xico","description":"Amazon anunci\u00f3 hoy el cierre de sus siete centros de distribuci\u00f3n y otras instalaciones en la provincia canadiense de Quebec, lo que resultar\u00e1 en el despido de aproximadamente 2,000 empleados. La medida, que entrar\u00e1 en vigor en los pr\u00f3ximos dos meses, ha sido calificada por el sindicato como una represalia ante la reciente sindicalizaci\u00f3n de","inLanguage":"es-MX","isPartOf":{"@id":"https:\/\/www.podermexico.mx\/#website"},"breadcrumb":{"@id":"https:\/\/www.podermexico.mx\/?p=3107#breadcrumblist"},"author":{"@id":"https:\/\/www.podermexico.mx\/?author=7#author"},"creator":{"@id":"https:\/\/www.podermexico.mx\/?author=7#author"},"image":{"@type":"ImageObject","url":"https:\/\/www.podermexico.mx\/wp-content\/uploads\/2025\/01\/dd1d483fdeb84946fd2d5daef009d8477142b9e1334b993fb885d2852050af99.jpg","@id":"https:\/\/www.podermexico.mx\/?p=3107\/#mainImage","width":960,"height":583},"primaryImageOfPage":{"@id":"https:\/\/www.podermexico.mx\/?p=3107#mainImage"},"datePublished":"2025-01-23T13:55:50-06:00","dateModified":"2025-01-23T13:55:51-06:00"},{"@type":"WebSite","@id":"https:\/\/www.podermexico.mx\/#website","url":"https:\/\/www.podermexico.mx\/","name":"Poder M\u00e9xico","description":"Donde los l\u00edderes definen el futuro, exploramos tendencias y desciframos el mundo de la pol\u00edtica y los negocios","inLanguage":"es-MX","publisher":{"@id":"https:\/\/www.podermexico.mx\/#organization"}}]},"og:locale":"es_MX","og:site_name":"Poder M\u00e9xico - Donde los l\u00edderes definen el futuro, exploramos tendencias y desciframos el mundo de la pol\u00edtica y los negocios","og:type":"article","og:title":"Amazon cerrar\u00e1 centros en Quebec y despedir\u00e1 a casi 2,000 empleados - Poder M\u00e9xico","og:description":"Amazon anunci\u00f3 hoy el cierre de sus siete centros de distribuci\u00f3n y otras instalaciones en la provincia canadiense de Quebec, lo que resultar\u00e1 en el despido de aproximadamente 2,000 empleados. La medida, que entrar\u00e1 en vigor en los pr\u00f3ximos dos meses, ha sido calificada por el sindicato como una represalia ante la reciente sindicalizaci\u00f3n de","og:url":"https:\/\/www.podermexico.mx\/?p=3107","article:published_time":"2025-01-23T13:55:50+00:00","article:modified_time":"2025-01-23T13:55:51+00:00","twitter:card":"summary_large_image","twitter:title":"Amazon cerrar\u00e1 centros en Quebec y despedir\u00e1 a casi 2,000 empleados - Poder M\u00e9xico","twitter:description":"Amazon anunci\u00f3 hoy el cierre de sus siete centros de distribuci\u00f3n y otras instalaciones en la provincia canadiense de Quebec, lo que resultar\u00e1 en el despido de aproximadamente 2,000 empleados. La medida, que entrar\u00e1 en vigor en los pr\u00f3ximos dos meses, ha sido calificada por el sindicato como una represalia ante la reciente sindicalizaci\u00f3n de"},"aioseo_meta_data":{"post_id":"3107","title":null,"description":null,"keywords":null,"keyphrases":{"focus":{"keyphrase":"","score":0,"analysis":{"keyphraseInTitle":{"score":0,"maxScore":9,"error":1}}},"additional":[]},"primary_term":null,"canonical_url":null,"og_title":null,"og_description":null,"og_object_type":"default","og_image_type":"default","og_image_url":null,"og_image_width":null,"og_image_height":null,"og_image_custom_url":null,"og_image_custom_fields":null,"og_video":"","og_custom_url":null,"og_article_section":null,"og_article_tags":null,"twitter_use_og":false,"twitter_card":"default","twitter_image_type":"default","twitter_image_url":null,"twitter_image_custom_url":null,"twitter_image_custom_fields":null,"twitter_title":null,"twitter_description":null,"schema":{"blockGraphs":[],"customGraphs":[],"default":{"data":{"Article":[],"Course":[],"Dataset":[],"FAQPage":[],"Movie":[],"Person":[],"Product":[],"ProductReview":[],"Car":[],"Recipe":[],"Service":[],"SoftwareApplication":[],"WebPage":[]},"graphName":"BlogPosting","isEnabled":true},"graphs":[]},"schema_type":"default","schema_type_options":null,"pillar_content":false,"robots_default":true,"robots_noindex":false,"robots_noarchive":false,"robots_nosnippet":false,"robots_nofollow":false,"robots_noimageindex":false,"robots_noodp":false,"robots_notranslate":false,"robots_max_snippet":"-1","robots_max_videopreview":"-1","robots_max_imagepreview":"large","priority":null,"frequency":"default","local_seo":null,"breadcrumb_settings":null,"limit_modified_date":false,"ai":null,"created":"2025-01-23 13:55:51","updated":"2025-07-12 05:54:48","seo_analyzer_scan_date":null,"focus_keyword":null,"additional_keywords":null,"truseo_locale":null},"aioseo_breadcrumb":"<div class=\"aioseo-breadcrumbs\"><span class=\"aioseo-breadcrumb\">\n\t\t\t<a href=\"https:\/\/www.podermexico.mx\" title=\"Home\">Home<\/a>\n\t\t<\/span><span class=\"aioseo-breadcrumb-separator\">&raquo;<\/span><span class=\"aioseo-breadcrumb\">\n\t\t\t<a href=\"https:\/\/www.podermexico.mx\/?cat=60\" title=\"Empresas y Negocios\">Empresas y Negocios<\/a>\n\t\t<\/span><span class=\"aioseo-breadcrumb-separator\">&raquo;<\/span><span class=\"aioseo-breadcrumb\">\n\t\t\tAmazon cerrar\u00e1 centros en Quebec y despedir\u00e1 a casi 2,000 empleados\n\t\t<\/span><\/div>","aioseo_breadcrumb_json":[{"label":"Home","link":"https:\/\/www.podermexico.mx"},{"label":"Empresas y Negocios","link":"https:\/\/www.podermexico.mx\/?cat=60"},{"label":"Amazon cerrar\u00e1 centros en Quebec y despedir\u00e1 a casi 2,000 empleados","link":"https:\/\/www.podermexico.mx\/?p=3107"}],"_links":{"self":[{"href":"https:\/\/www.podermexico.mx\/index.php?rest_route=\/wp\/v2\/posts\/3107","targetHints":{"allow":["GET"]}}],"collection":[{"href":"https:\/\/www.podermexico.mx\/index.php?rest_route=\/wp\/v2\/posts"}],"about":[{"href":"https:\/\/www.podermexico.mx\/index.php?rest_route=\/wp\/v2\/types\/post"}],"author":[{"embeddable":true,"href":"https:\/\/www.podermexico.mx\/index.php?rest_route=\/wp\/v2\/users\/7"}],"replies":[{"embeddable":true,"href":"https:\/\/www.podermexico.mx\/index.php?rest_route=%2Fwp%2Fv2%2Fcomments&post=3107"}],"version-history":[{"count":2,"href":"https:\/\/www.podermexico.mx\/index.php?rest_route=\/wp\/v2\/posts\/3107\/revisions"}],"predecessor-version":[{"id":3110,"href":"https:\/\/www.podermexico.mx\/index.php?rest_route=\/wp\/v2\/posts\/3107\/revisions\/3110"}],"wp:featuredmedia":[{"embeddable":true,"href":"https:\/\/www.podermexico.mx\/index.php?rest_route=\/wp\/v2\/media\/3108"}],"wp:attachment":[{"href":"https:\/\/www.podermexico.mx\/index.php?rest_route=%2Fwp%2Fv2%2Fmedia&parent=3107"}],"wp:term":[{"taxonomy":"category","embeddable":true,"href":"https:\/\/www.podermexico.mx\/index.php?rest_route=%2Fwp%2Fv2%2Fcategories&post=3107"},{"taxonomy":"post_tag","embeddable":true,"href":"https:\/\/www.podermexico.mx\/index.php?rest_route=%2Fwp%2Fv2%2Ftags&post=3107"}],"curies":[{"name":"wp","href":"https:\/\/api.w.org\/{rel}","templated":true}]}}