
{"id":1886,"date":"2024-11-14T14:09:13","date_gmt":"2024-11-14T14:09:13","guid":{"rendered":"https:\/\/www.podermexico.mx\/?p=1886"},"modified":"2024-11-14T14:09:14","modified_gmt":"2024-11-14T14:09:14","slug":"inicia-construccion-de-frasa-otay-industrial-park-en-tijuana-con-inversion-de-700-mdp","status":"publish","type":"post","link":"https:\/\/www.podermexico.mx\/?p=1886","title":{"rendered":"Inicia construcci\u00f3n de Frasa Otay Industrial Park en Tijuana con inversi\u00f3n de 700 mdp"},"content":{"rendered":"\n<p class=\"wp-block-paragraph\"><strong>Con la colocaci\u00f3n de la primera piedra, ha iniciado la construcci\u00f3n del Frasa Otay Industrial Park en Tijuana, Baja California. <\/strong>Este nuevo proyecto industrial, que abarca tres naves en un terreno de 60 hect\u00e1reas, tiene como objetivo fortalecer la competitividad regional y generar entre 1,500 y 2,000 empleos directos en la ciudad.<\/p>\n\n\n\n<p class=\"wp-block-paragraph\">El complejo estar\u00e1 ubicado estrat\u00e9gicamente cerca del Aeropuerto Internacional de Tijuana y de la futura garita Otay II, una localizaci\u00f3n que busca optimizar el flujo de mercanc\u00edas hacia Estados Unidos y beneficiar la log\u00edstica de las industrias que operen en el parque. <strong>La inversi\u00f3n destinada para esta construcci\u00f3n ronda los 700 millones de pesos, financiada en conjunto por el sector privado y los tres niveles de gobierno, un modelo colaborativo que ha mostrado efectividad en otros proyectos similares.<\/strong><\/p>\n\n\n\n<p class=\"wp-block-paragraph\"><strong>El Secretario de Desarrollo Econ\u00f3mico de Tijuana (SEDETI), Pedro Alejandro Montejo Peterson, destac\u00f3 el respaldo que los inversionistas han mostrado hacia la ciudad, as\u00ed como el ambiente de certeza jur\u00eddica ofrecido a las empresas. <\/strong>Adem\u00e1s, subray\u00f3 que el gobierno municipal, en coordinaci\u00f3n con el gobierno estatal y federal, est\u00e1 comprometido con impulsar la infraestructura, la modernizaci\u00f3n y la movilidad urbana de Tijuana, factores clave para mantener la competitividad de la regi\u00f3n y fomentar la inversi\u00f3n.<\/p>\n\n\n\n<blockquote class=\"wp-block-quote is-layout-flow wp-block-quote-is-layout-flow\">\n<p class=\"wp-block-paragraph\">\u201cQuiero felicitarlos por seguir creyendo en Tijuana, porque de esta manera seguimos avanzando. Hoy hay coordinaci\u00f3n entre los tres \u00f3rdenes de gobierno, y hay que aprovecharlo\u201d, expres\u00f3 Montejo.<\/p>\n<\/blockquote>\n\n\n\n<hr class=\"wp-block-separator has-alpha-channel-opacity\"\/>\n\n\n\n<p class=\"wp-block-paragraph\"><a href=\"https:\/\/whatsapp.com\/channel\/0029VakwIAp1XqubKInYmc19\" target=\"_blank\" rel=\"noopener\" title=\"\u00a1\u00danete a nuestro canal de WhatsApp!\">\u00a1\u00danete a nuestro canal de WhatsApp!<\/a> \ud83d\udcf2 Mantente informado desde tu m\u00f3vil con las noticias m\u00e1s importantes, an\u00e1lisis, negocios, y tendencias del d\u00eda.<\/p>\n","protected":false},"excerpt":{"rendered":"<p>Con la colocaci\u00f3n de la primera piedra, ha iniciado la construcci\u00f3n del Frasa Otay Industrial Park en Tijuana, Baja California. Este nuevo proyecto industrial, que abarca tres naves en un terreno de 60 hect\u00e1reas, tiene como objetivo fortalecer la competitividad regional y generar entre 1,500 y 2,000 empleos directos en la ciudad. El complejo estar\u00e1 ubicado estrat\u00e9gicamente cerca del Aeropuerto &hellip;<\/p>\n","protected":false},"author":7,"featured_media":1887,"comment_status":"open","ping_status":"open","sticky":false,"template":"","format":"standard","meta":{"footnotes":""},"categories":[61],"tags":[592,145,591],"class_list":["post-1886","post","type-post","status-publish","format-standard","has-post-thumbnail","hentry","category-inversiones","tag-baja-california","tag-construccion","tag-frasa-otay-industrial-park"],"aioseo_notices":[],"aioseo_head":"\n\t\t<!-- All in One SEO 5.0.0.1 - aioseo.com -->\n\t<meta name=\"description\" content=\"Con la colocaci\u00f3n de la primera piedra, ha iniciado la construcci\u00f3n del Frasa Otay Industrial Park en Tijuana, Baja California. Este nuevo proyecto industrial, que abarca tres naves en un terreno de 60 hect\u00e1reas, tiene como objetivo fortalecer la competitividad regional y generar entre 1,500 y 2,000 empleos directos en la ciudad. El complejo estar\u00e1\" \/>\n\t<meta name=\"robots\" content=\"max-image-preview:large\" \/>\n\t<meta name=\"author\" content=\"Poder M\u00e9xico\"\/>\n\t<link rel=\"canonical\" href=\"https:\/\/www.podermexico.mx\/?p=1886\" \/>\n\t<meta name=\"generator\" content=\"All in One SEO (AIOSEO) 5.0.0.1\" \/>\n\t\t<meta property=\"og:locale\" content=\"es_MX\" \/>\n\t\t<meta property=\"og:site_name\" content=\"Poder M\u00e9xico - Donde los l\u00edderes definen el futuro, exploramos tendencias y desciframos el mundo de la pol\u00edtica y los negocios\" \/>\n\t\t<meta property=\"og:type\" content=\"article\" \/>\n\t\t<meta property=\"og:title\" content=\"Inicia construcci\u00f3n de Frasa Otay Industrial Park en Tijuana con inversi\u00f3n de 700 mdp - Poder M\u00e9xico\" \/>\n\t\t<meta property=\"og:description\" content=\"Con la colocaci\u00f3n de la primera piedra, ha iniciado la construcci\u00f3n del Frasa Otay Industrial Park en Tijuana, Baja California. Este nuevo proyecto industrial, que abarca tres naves en un terreno de 60 hect\u00e1reas, tiene como objetivo fortalecer la competitividad regional y generar entre 1,500 y 2,000 empleos directos en la ciudad. El complejo estar\u00e1\" \/>\n\t\t<meta property=\"og:url\" content=\"https:\/\/www.podermexico.mx\/?p=1886\" \/>\n\t\t<meta property=\"article:published_time\" content=\"2024-11-14T14:09:13+00:00\" \/>\n\t\t<meta property=\"article:modified_time\" content=\"2024-11-14T14:09:14+00:00\" \/>\n\t\t<meta name=\"twitter:card\" content=\"summary_large_image\" \/>\n\t\t<meta name=\"twitter:title\" content=\"Inicia construcci\u00f3n de Frasa Otay Industrial Park en Tijuana con inversi\u00f3n de 700 mdp - Poder M\u00e9xico\" \/>\n\t\t<meta name=\"twitter:description\" content=\"Con la colocaci\u00f3n de la primera piedra, ha iniciado la construcci\u00f3n del Frasa Otay Industrial Park en Tijuana, Baja California. Este nuevo proyecto industrial, que abarca tres naves en un terreno de 60 hect\u00e1reas, tiene como objetivo fortalecer la competitividad regional y generar entre 1,500 y 2,000 empleos directos en la ciudad. El complejo estar\u00e1\" \/>\n\t\t<script type=\"application\/ld+json\" class=\"aioseo-schema\">\n\t\t\t{\"@context\":\"https:\\\/\\\/schema.org\",\"@graph\":[{\"@type\":\"BlogPosting\",\"@id\":\"https:\\\/\\\/www.podermexico.mx\\\/?p=1886#blogposting\",\"name\":\"Inicia construcci\\u00f3n de Frasa Otay Industrial Park en Tijuana con inversi\\u00f3n de 700 mdp - Poder M\\u00e9xico\",\"headline\":\"Inicia construcci\\u00f3n de Frasa Otay Industrial Park en Tijuana con inversi\\u00f3n de 700 mdp\",\"author\":{\"@id\":\"https:\\\/\\\/www.podermexico.mx\\\/?author=7#author\"},\"publisher\":{\"@id\":\"https:\\\/\\\/www.podermexico.mx\\\/#organization\"},\"image\":{\"@type\":\"ImageObject\",\"url\":\"https:\\\/\\\/www.podermexico.mx\\\/wp-content\\\/uploads\\\/2024\\\/11\\\/inicia-construccion-de-frasa-otay-industrial-park-en-baja-california-25911.png\",\"width\":623,\"height\":451},\"datePublished\":\"2024-11-14T14:09:13-06:00\",\"dateModified\":\"2024-11-14T14:09:14-06:00\",\"inLanguage\":\"es-MX\",\"mainEntityOfPage\":{\"@id\":\"https:\\\/\\\/www.podermexico.mx\\\/?p=1886#webpage\"},\"isPartOf\":{\"@id\":\"https:\\\/\\\/www.podermexico.mx\\\/?p=1886#webpage\"},\"articleSection\":\"Inversiones, Baja California, Construcci\\u00f3n, Frasa Otay Industrial Park\"},{\"@type\":\"BreadcrumbList\",\"@id\":\"https:\\\/\\\/www.podermexico.mx\\\/?p=1886#breadcrumblist\",\"itemListElement\":[{\"@type\":\"ListItem\",\"@id\":\"https:\\\/\\\/www.podermexico.mx#listItem\",\"position\":1,\"name\":\"Home\",\"item\":\"https:\\\/\\\/www.podermexico.mx\",\"nextItem\":{\"@type\":\"ListItem\",\"@id\":\"https:\\\/\\\/www.podermexico.mx\\\/?cat=61#listItem\",\"name\":\"Inversiones\"}},{\"@type\":\"ListItem\",\"@id\":\"https:\\\/\\\/www.podermexico.mx\\\/?cat=61#listItem\",\"position\":2,\"name\":\"Inversiones\",\"item\":\"https:\\\/\\\/www.podermexico.mx\\\/?cat=61\",\"nextItem\":{\"@type\":\"ListItem\",\"@id\":\"https:\\\/\\\/www.podermexico.mx\\\/?p=1886#listItem\",\"name\":\"Inicia construcci\\u00f3n de Frasa Otay Industrial Park en Tijuana con inversi\\u00f3n de 700 mdp\"},\"previousItem\":{\"@type\":\"ListItem\",\"@id\":\"https:\\\/\\\/www.podermexico.mx#listItem\",\"name\":\"Home\"}},{\"@type\":\"ListItem\",\"@id\":\"https:\\\/\\\/www.podermexico.mx\\\/?p=1886#listItem\",\"position\":3,\"name\":\"Inicia construcci\\u00f3n de Frasa Otay Industrial Park en Tijuana con inversi\\u00f3n de 700 mdp\",\"previousItem\":{\"@type\":\"ListItem\",\"@id\":\"https:\\\/\\\/www.podermexico.mx\\\/?cat=61#listItem\",\"name\":\"Inversiones\"}}]},{\"@type\":\"Organization\",\"@id\":\"https:\\\/\\\/www.podermexico.mx\\\/#organization\",\"name\":\"Poder M\\u00e9xico\",\"description\":\"Donde los l\\u00edderes definen el futuro, exploramos tendencias y desciframos el mundo de la pol\\u00edtica y los negocios\",\"url\":\"https:\\\/\\\/www.podermexico.mx\\\/\"},{\"@type\":\"Person\",\"@id\":\"https:\\\/\\\/www.podermexico.mx\\\/?author=7#author\",\"url\":\"https:\\\/\\\/www.podermexico.mx\\\/?author=7\",\"name\":\"Poder M\\u00e9xico\",\"image\":{\"@type\":\"ImageObject\",\"@id\":\"https:\\\/\\\/www.podermexico.mx\\\/?p=1886#authorImage\",\"url\":\"https:\\\/\\\/secure.gravatar.com\\\/avatar\\\/6873d270747c7f511ab0e491b4ef59ff185c68a5912118c90f83cdcd498e434b?s=96&d=mm&r=g\",\"width\":96,\"height\":96,\"caption\":\"Poder M\\u00e9xico\"}},{\"@type\":\"WebPage\",\"@id\":\"https:\\\/\\\/www.podermexico.mx\\\/?p=1886#webpage\",\"url\":\"https:\\\/\\\/www.podermexico.mx\\\/?p=1886\",\"name\":\"Inicia construcci\\u00f3n de Frasa Otay Industrial Park en Tijuana con inversi\\u00f3n de 700 mdp - Poder M\\u00e9xico\",\"description\":\"Con la colocaci\\u00f3n de la primera piedra, ha iniciado la construcci\\u00f3n del Frasa Otay Industrial Park en Tijuana, Baja California. Este nuevo proyecto industrial, que abarca tres naves en un terreno de 60 hect\\u00e1reas, tiene como objetivo fortalecer la competitividad regional y generar entre 1,500 y 2,000 empleos directos en la ciudad. El complejo estar\\u00e1\",\"inLanguage\":\"es-MX\",\"isPartOf\":{\"@id\":\"https:\\\/\\\/www.podermexico.mx\\\/#website\"},\"breadcrumb\":{\"@id\":\"https:\\\/\\\/www.podermexico.mx\\\/?p=1886#breadcrumblist\"},\"author\":{\"@id\":\"https:\\\/\\\/www.podermexico.mx\\\/?author=7#author\"},\"creator\":{\"@id\":\"https:\\\/\\\/www.podermexico.mx\\\/?author=7#author\"},\"image\":{\"@type\":\"ImageObject\",\"url\":\"https:\\\/\\\/www.podermexico.mx\\\/wp-content\\\/uploads\\\/2024\\\/11\\\/inicia-construccion-de-frasa-otay-industrial-park-en-baja-california-25911.png\",\"@id\":\"https:\\\/\\\/www.podermexico.mx\\\/?p=1886\\\/#mainImage\",\"width\":623,\"height\":451},\"primaryImageOfPage\":{\"@id\":\"https:\\\/\\\/www.podermexico.mx\\\/?p=1886#mainImage\"},\"datePublished\":\"2024-11-14T14:09:13-06:00\",\"dateModified\":\"2024-11-14T14:09:14-06:00\"},{\"@type\":\"WebSite\",\"@id\":\"https:\\\/\\\/www.podermexico.mx\\\/#website\",\"url\":\"https:\\\/\\\/www.podermexico.mx\\\/\",\"name\":\"Poder M\\u00e9xico\",\"description\":\"Donde los l\\u00edderes definen el futuro, exploramos tendencias y desciframos el mundo de la pol\\u00edtica y los negocios\",\"inLanguage\":\"es-MX\",\"publisher\":{\"@id\":\"https:\\\/\\\/www.podermexico.mx\\\/#organization\"}}]}\n\t\t<\/script>\n\t\t<!-- All in One SEO -->\n\n","aioseo_head_json":{"title":"Inicia construcci\u00f3n de Frasa Otay Industrial Park en Tijuana con inversi\u00f3n de 700 mdp - Poder M\u00e9xico","description":"Con la colocaci\u00f3n de la primera piedra, ha iniciado la construcci\u00f3n del Frasa Otay Industrial Park en Tijuana, Baja California. Este nuevo proyecto industrial, que abarca tres naves en un terreno de 60 hect\u00e1reas, tiene como objetivo fortalecer la competitividad regional y generar entre 1,500 y 2,000 empleos directos en la ciudad. El complejo estar\u00e1","canonical_url":"https:\/\/www.podermexico.mx\/?p=1886","robots":"max-image-preview:large","keywords":"","webmasterTools":{"miscellaneous":""},"schema":{"@context":"https:\/\/schema.org","@graph":[{"@type":"BlogPosting","@id":"https:\/\/www.podermexico.mx\/?p=1886#blogposting","name":"Inicia construcci\u00f3n de Frasa Otay Industrial Park en Tijuana con inversi\u00f3n de 700 mdp - Poder M\u00e9xico","headline":"Inicia construcci\u00f3n de Frasa Otay Industrial Park en Tijuana con inversi\u00f3n de 700 mdp","author":{"@id":"https:\/\/www.podermexico.mx\/?author=7#author"},"publisher":{"@id":"https:\/\/www.podermexico.mx\/#organization"},"image":{"@type":"ImageObject","url":"https:\/\/www.podermexico.mx\/wp-content\/uploads\/2024\/11\/inicia-construccion-de-frasa-otay-industrial-park-en-baja-california-25911.png","width":623,"height":451},"datePublished":"2024-11-14T14:09:13-06:00","dateModified":"2024-11-14T14:09:14-06:00","inLanguage":"es-MX","mainEntityOfPage":{"@id":"https:\/\/www.podermexico.mx\/?p=1886#webpage"},"isPartOf":{"@id":"https:\/\/www.podermexico.mx\/?p=1886#webpage"},"articleSection":"Inversiones, Baja California, Construcci\u00f3n, Frasa Otay Industrial Park"},{"@type":"BreadcrumbList","@id":"https:\/\/www.podermexico.mx\/?p=1886#breadcrumblist","itemListElement":[{"@type":"ListItem","@id":"https:\/\/www.podermexico.mx#listItem","position":1,"name":"Home","item":"https:\/\/www.podermexico.mx","nextItem":{"@type":"ListItem","@id":"https:\/\/www.podermexico.mx\/?cat=61#listItem","name":"Inversiones"}},{"@type":"ListItem","@id":"https:\/\/www.podermexico.mx\/?cat=61#listItem","position":2,"name":"Inversiones","item":"https:\/\/www.podermexico.mx\/?cat=61","nextItem":{"@type":"ListItem","@id":"https:\/\/www.podermexico.mx\/?p=1886#listItem","name":"Inicia construcci\u00f3n de Frasa Otay Industrial Park en Tijuana con inversi\u00f3n de 700 mdp"},"previousItem":{"@type":"ListItem","@id":"https:\/\/www.podermexico.mx#listItem","name":"Home"}},{"@type":"ListItem","@id":"https:\/\/www.podermexico.mx\/?p=1886#listItem","position":3,"name":"Inicia construcci\u00f3n de Frasa Otay Industrial Park en Tijuana con inversi\u00f3n de 700 mdp","previousItem":{"@type":"ListItem","@id":"https:\/\/www.podermexico.mx\/?cat=61#listItem","name":"Inversiones"}}]},{"@type":"Organization","@id":"https:\/\/www.podermexico.mx\/#organization","name":"Poder M\u00e9xico","description":"Donde los l\u00edderes definen el futuro, exploramos tendencias y desciframos el mundo de la pol\u00edtica y los negocios","url":"https:\/\/www.podermexico.mx\/"},{"@type":"Person","@id":"https:\/\/www.podermexico.mx\/?author=7#author","url":"https:\/\/www.podermexico.mx\/?author=7","name":"Poder M\u00e9xico","image":{"@type":"ImageObject","@id":"https:\/\/www.podermexico.mx\/?p=1886#authorImage","url":"https:\/\/secure.gravatar.com\/avatar\/6873d270747c7f511ab0e491b4ef59ff185c68a5912118c90f83cdcd498e434b?s=96&d=mm&r=g","width":96,"height":96,"caption":"Poder M\u00e9xico"}},{"@type":"WebPage","@id":"https:\/\/www.podermexico.mx\/?p=1886#webpage","url":"https:\/\/www.podermexico.mx\/?p=1886","name":"Inicia construcci\u00f3n de Frasa Otay Industrial Park en Tijuana con inversi\u00f3n de 700 mdp - Poder M\u00e9xico","description":"Con la colocaci\u00f3n de la primera piedra, ha iniciado la construcci\u00f3n del Frasa Otay Industrial Park en Tijuana, Baja California. Este nuevo proyecto industrial, que abarca tres naves en un terreno de 60 hect\u00e1reas, tiene como objetivo fortalecer la competitividad regional y generar entre 1,500 y 2,000 empleos directos en la ciudad. El complejo estar\u00e1","inLanguage":"es-MX","isPartOf":{"@id":"https:\/\/www.podermexico.mx\/#website"},"breadcrumb":{"@id":"https:\/\/www.podermexico.mx\/?p=1886#breadcrumblist"},"author":{"@id":"https:\/\/www.podermexico.mx\/?author=7#author"},"creator":{"@id":"https:\/\/www.podermexico.mx\/?author=7#author"},"image":{"@type":"ImageObject","url":"https:\/\/www.podermexico.mx\/wp-content\/uploads\/2024\/11\/inicia-construccion-de-frasa-otay-industrial-park-en-baja-california-25911.png","@id":"https:\/\/www.podermexico.mx\/?p=1886\/#mainImage","width":623,"height":451},"primaryImageOfPage":{"@id":"https:\/\/www.podermexico.mx\/?p=1886#mainImage"},"datePublished":"2024-11-14T14:09:13-06:00","dateModified":"2024-11-14T14:09:14-06:00"},{"@type":"WebSite","@id":"https:\/\/www.podermexico.mx\/#website","url":"https:\/\/www.podermexico.mx\/","name":"Poder M\u00e9xico","description":"Donde los l\u00edderes definen el futuro, exploramos tendencias y desciframos el mundo de la pol\u00edtica y los negocios","inLanguage":"es-MX","publisher":{"@id":"https:\/\/www.podermexico.mx\/#organization"}}]},"og:locale":"es_MX","og:site_name":"Poder M\u00e9xico - Donde los l\u00edderes definen el futuro, exploramos tendencias y desciframos el mundo de la pol\u00edtica y los negocios","og:type":"article","og:title":"Inicia construcci\u00f3n de Frasa Otay Industrial Park en Tijuana con inversi\u00f3n de 700 mdp - Poder M\u00e9xico","og:description":"Con la colocaci\u00f3n de la primera piedra, ha iniciado la construcci\u00f3n del Frasa Otay Industrial Park en Tijuana, Baja California. Este nuevo proyecto industrial, que abarca tres naves en un terreno de 60 hect\u00e1reas, tiene como objetivo fortalecer la competitividad regional y generar entre 1,500 y 2,000 empleos directos en la ciudad. El complejo estar\u00e1","og:url":"https:\/\/www.podermexico.mx\/?p=1886","article:published_time":"2024-11-14T14:09:13+00:00","article:modified_time":"2024-11-14T14:09:14+00:00","twitter:card":"summary_large_image","twitter:title":"Inicia construcci\u00f3n de Frasa Otay Industrial Park en Tijuana con inversi\u00f3n de 700 mdp - Poder M\u00e9xico","twitter:description":"Con la colocaci\u00f3n de la primera piedra, ha iniciado la construcci\u00f3n del Frasa Otay Industrial Park en Tijuana, Baja California. Este nuevo proyecto industrial, que abarca tres naves en un terreno de 60 hect\u00e1reas, tiene como objetivo fortalecer la competitividad regional y generar entre 1,500 y 2,000 empleos directos en la ciudad. El complejo estar\u00e1"},"aioseo_meta_data":{"post_id":"1886","title":null,"description":null,"keywords":null,"keyphrases":{"focus":{"keyphrase":"","score":0,"analysis":{"keyphraseInTitle":{"score":0,"maxScore":9,"error":1}}},"additional":[]},"primary_term":null,"canonical_url":null,"og_title":null,"og_description":null,"og_object_type":"default","og_image_type":"default","og_image_url":null,"og_image_width":null,"og_image_height":null,"og_image_custom_url":null,"og_image_custom_fields":null,"og_video":"","og_custom_url":null,"og_article_section":null,"og_article_tags":null,"twitter_use_og":false,"twitter_card":"default","twitter_image_type":"default","twitter_image_url":null,"twitter_image_custom_url":null,"twitter_image_custom_fields":null,"twitter_title":null,"twitter_description":null,"schema":{"blockGraphs":[],"customGraphs":[],"default":{"data":{"Article":[],"Course":[],"Dataset":[],"FAQPage":[],"Movie":[],"Person":[],"Product":[],"ProductReview":[],"Car":[],"Recipe":[],"Service":[],"SoftwareApplication":[],"WebPage":[]},"graphName":"BlogPosting","isEnabled":true},"graphs":[]},"schema_type":"default","schema_type_options":null,"pillar_content":false,"robots_default":true,"robots_noindex":false,"robots_noarchive":false,"robots_nosnippet":false,"robots_nofollow":false,"robots_noimageindex":false,"robots_noodp":false,"robots_notranslate":false,"robots_max_snippet":"-1","robots_max_videopreview":"-1","robots_max_imagepreview":"large","priority":null,"frequency":"default","local_seo":null,"breadcrumb_settings":null,"limit_modified_date":false,"ai":null,"created":"2024-11-14 14:09:14","updated":"2025-07-11 20:18:05","seo_analyzer_scan_date":null,"focus_keyword":null,"additional_keywords":null,"truseo_locale":null},"aioseo_breadcrumb":"<div class=\"aioseo-breadcrumbs\"><span class=\"aioseo-breadcrumb\">\n\t\t\t<a href=\"https:\/\/www.podermexico.mx\" title=\"Home\">Home<\/a>\n\t\t<\/span><span class=\"aioseo-breadcrumb-separator\">&raquo;<\/span><span class=\"aioseo-breadcrumb\">\n\t\t\t<a href=\"https:\/\/www.podermexico.mx\/?cat=61\" title=\"Inversiones\">Inversiones<\/a>\n\t\t<\/span><span class=\"aioseo-breadcrumb-separator\">&raquo;<\/span><span class=\"aioseo-breadcrumb\">\n\t\t\tInicia construcci\u00f3n de Frasa Otay Industrial Park en Tijuana con inversi\u00f3n de 700 mdp\n\t\t<\/span><\/div>","aioseo_breadcrumb_json":[{"label":"Home","link":"https:\/\/www.podermexico.mx"},{"label":"Inversiones","link":"https:\/\/www.podermexico.mx\/?cat=61"},{"label":"Inicia construcci\u00f3n de Frasa Otay Industrial Park en Tijuana con inversi\u00f3n de 700 mdp","link":"https:\/\/www.podermexico.mx\/?p=1886"}],"_links":{"self":[{"href":"https:\/\/www.podermexico.mx\/index.php?rest_route=\/wp\/v2\/posts\/1886","targetHints":{"allow":["GET"]}}],"collection":[{"href":"https:\/\/www.podermexico.mx\/index.php?rest_route=\/wp\/v2\/posts"}],"about":[{"href":"https:\/\/www.podermexico.mx\/index.php?rest_route=\/wp\/v2\/types\/post"}],"author":[{"embeddable":true,"href":"https:\/\/www.podermexico.mx\/index.php?rest_route=\/wp\/v2\/users\/7"}],"replies":[{"embeddable":true,"href":"https:\/\/www.podermexico.mx\/index.php?rest_route=%2Fwp%2Fv2%2Fcomments&post=1886"}],"version-history":[{"count":1,"href":"https:\/\/www.podermexico.mx\/index.php?rest_route=\/wp\/v2\/posts\/1886\/revisions"}],"predecessor-version":[{"id":1888,"href":"https:\/\/www.podermexico.mx\/index.php?rest_route=\/wp\/v2\/posts\/1886\/revisions\/1888"}],"wp:featuredmedia":[{"embeddable":true,"href":"https:\/\/www.podermexico.mx\/index.php?rest_route=\/wp\/v2\/media\/1887"}],"wp:attachment":[{"href":"https:\/\/www.podermexico.mx\/index.php?rest_route=%2Fwp%2Fv2%2Fmedia&parent=1886"}],"wp:term":[{"taxonomy":"category","embeddable":true,"href":"https:\/\/www.podermexico.mx\/index.php?rest_route=%2Fwp%2Fv2%2Fcategories&post=1886"},{"taxonomy":"post_tag","embeddable":true,"href":"https:\/\/www.podermexico.mx\/index.php?rest_route=%2Fwp%2Fv2%2Ftags&post=1886"}],"curies":[{"name":"wp","href":"https:\/\/api.w.org\/{rel}","templated":true}]}}