
{"id":10830,"date":"2026-09-06T09:30:00","date_gmt":"2026-09-06T15:30:00","guid":{"rendered":"https:\/\/www.podermexico.mx\/?p=10830"},"modified":"2026-09-05T11:25:44","modified_gmt":"2026-09-05T17:25:44","slug":"fernando-valenzuela-exfiscal-de-tabasco-reaparece-en-un-evento-del-estado-de-hidalgo","status":"publish","type":"post","link":"https:\/\/www.podermexico.mx\/?p=10830","title":{"rendered":"Fernando Valenzuela, exfiscal de Tabasco, reaparece en un evento del Estado de Hidalgo"},"content":{"rendered":"\n<p class=\"wp-block-paragraph\">Itzel Alaniz<\/p>\n\n\n\n<p class=\"wp-block-paragraph\">El exfiscal de Tabasco, Fernando Valenzuela Pernas, fue uno de los invitados al foro organizado por el Gobierno de Hidalgo. En esa conferencia se habl\u00f3 sobre la necesidad de inversi\u00f3n para desarrollar al sector energ\u00e9tico de la mencionada entidad.<\/p>\n\n\n\n<p class=\"wp-block-paragraph\">Valenzuela asumi\u00f3 el cargo de procurador general de Justicia de Tabasco el 27 de diciembre de 2012 y, tras la creaci\u00f3n de la Fiscal\u00eda General del Estado, rindi\u00f3 protesta como su titular el 15 de diciembre de 2014. Ocup\u00f3 el cargo hasta diciembre de 2018, cuando present\u00f3 su renuncia, pese a que hab\u00eda sido designado para un periodo de nueve a\u00f1os.<\/p>\n\n\n\n<p class=\"wp-block-paragraph\">Su gesti\u00f3n qued\u00f3 bajo pol\u00e9micas tras la publicaci\u00f3n del documental de Netflix Duda razonable: Historia de dos secuestros, dirigido por el cineasta e investigador Roberto Hern\u00e1ndez. La producci\u00f3n aborda el caso de H\u00e9ctor Mu\u00f1oz, Gonzalo Garc\u00eda, Juan Luis L\u00f3pez y Darwin Morales, cuatro hombres acusados de secuestro en Tabasco, y cuestiona las actuaciones de la entonces Fiscal\u00eda General del Estado.<\/p>\n\n\n\n<p class=\"wp-block-paragraph\">H\u00e9ctor Mu\u00f1oz, Gonzalo Garc\u00eda y Juan Luis L\u00f3pez recibieron una sentencia de 50 a\u00f1os de prisi\u00f3n, mientras Darwin Morales recuper\u00f3 su libertad despu\u00e9s de acreditar que no se encontraba en el lugar de uno de los hechos. El documental expone presuntas irregularidades en la investigaci\u00f3n y se\u00f1ala la responsabilidad de funcionarios de la Fiscal\u00eda durante la gesti\u00f3n de Valenzuela.<\/p>\n\n\n\n<p class=\"wp-block-paragraph\">Adem\u00e1s, durante su gesti\u00f3n surgieron se\u00f1alamientos por la presunta manipulaci\u00f3n de estad\u00edsticas delictivas. El medio local Tabasco HOY public\u00f3 una nota titulada \u201cEs Valenzuela \u00a1el villano! de la pel\u00edcula\u201d, en donde cuestion\u00f3 los resultados de investigaciones realizadas por la Fiscal\u00eda durante ese periodo.<\/p>\n\n\n\n<figure class=\"wp-block-image size-large\"><img fetchpriority=\"high\" decoding=\"async\" width=\"1382\" height=\"975\" src=\"https:\/\/www.podermexico.mx\/wp-content\/uploads\/2026\/09\/edea96cc-4189-4925-8a7a-01f81e317123-edited.jpeg\" alt=\"\" class=\"wp-image-10832\"\/><\/figure>\n\n\n\n<p class=\"wp-block-paragraph\">Despu\u00e9s del estreno del documental, Valenzuela reapareci\u00f3 p\u00fablicamente el 31 de diciembre de 2021 en un restaurante de un hotel en Villahermosa. Un ciudadano lo encar\u00f3 sobre los se\u00f1alamientos expuestos en la producci\u00f3n, pero el exfiscal evit\u00f3 pronunciarse y abandon\u00f3 el lugar. El Heraldo de Tabasco report\u00f3 entonces que se trataba de su primera aparici\u00f3n p\u00fablica desde el estreno del documental.<\/p>\n\n\n\n<p class=\"wp-block-paragraph\">Un a\u00f1o despu\u00e9s, en diciembre de 2022, la Suprema Corte de Justicia de la Naci\u00f3n (SCJN) orden\u00f3 la liberaci\u00f3n de H\u00e9ctor Mu\u00f1oz, Gonzalo Garc\u00eda y Juan Luis L\u00f3pez tras revisar las irregularidades del proceso. El caso volvi\u00f3 a colocar bajo escrutinio la actuaci\u00f3n de las autoridades que participaron en la investigaci\u00f3n.<\/p>\n\n\n\n<p class=\"wp-block-paragraph\">Ahora, casi cinco a\u00f1os despu\u00e9s de aquella aparici\u00f3n en Villahermosa, Fernando Valenzuela volvi\u00f3 a un espacio p\u00fablico como invitado del foro.<\/p>\n","protected":false},"excerpt":{"rendered":"<p>Itzel Alaniz El exfiscal de Tabasco, Fernando Valenzuela Pernas, fue uno de los invitados al foro organizado por el Gobierno de Hidalgo. En esa conferencia se habl\u00f3 sobre la necesidad de inversi\u00f3n para desarrollar al sector energ\u00e9tico de la mencionada entidad. Valenzuela asumi\u00f3 el cargo de procurador general de Justicia de Tabasco el 27 de diciembre de 2012 y, tras &hellip;<\/p>\n","protected":false},"author":7,"featured_media":10833,"comment_status":"closed","ping_status":"closed","sticky":false,"template":"","format":"standard","meta":{"footnotes":""},"categories":[60],"tags":[],"class_list":["post-10830","post","type-post","status-publish","format-standard","has-post-thumbnail","hentry","category-empresas"],"aioseo_notices":[],"aioseo_head":"\n\t\t<!-- All in One SEO 5.0.0.1 - aioseo.com -->\n\t<meta name=\"description\" content=\"El exfiscal de Tabasco, Fernando Valenzuela Pernas, fue uno de los invitados al foro organizado por el Gobierno de Hidalgo.\" \/>\n\t<meta name=\"robots\" content=\"max-image-preview:large\" \/>\n\t<meta name=\"author\" content=\"Poder M\u00e9xico\"\/>\n\t<link rel=\"canonical\" href=\"https:\/\/www.podermexico.mx\/?p=10830\" \/>\n\t<meta name=\"generator\" content=\"All in One SEO (AIOSEO) 5.0.0.1\" \/>\n\t\t<meta property=\"og:locale\" content=\"es_MX\" \/>\n\t\t<meta property=\"og:site_name\" content=\"Poder M\u00e9xico - Donde los l\u00edderes definen el futuro, exploramos tendencias y desciframos el mundo de la pol\u00edtica y los negocios\" \/>\n\t\t<meta property=\"og:type\" content=\"article\" \/>\n\t\t<meta property=\"og:title\" content=\"Fernando Valenzuela, exfiscal de Tabasco, reaparece en un evento del Estado de Hidalgo - Poder M\u00e9xico\" \/>\n\t\t<meta property=\"og:description\" content=\"El exfiscal de Tabasco, Fernando Valenzuela Pernas, fue uno de los invitados al foro organizado por el Gobierno de Hidalgo.\" \/>\n\t\t<meta property=\"og:url\" content=\"https:\/\/www.podermexico.mx\/?p=10830\" \/>\n\t\t<meta property=\"article:published_time\" content=\"2026-09-06T15:30:00+00:00\" \/>\n\t\t<meta property=\"article:modified_time\" content=\"2026-09-05T17:25:44+00:00\" \/>\n\t\t<meta name=\"twitter:card\" content=\"summary_large_image\" \/>\n\t\t<meta name=\"twitter:title\" content=\"Fernando Valenzuela, exfiscal de Tabasco, reaparece en un evento del Estado de Hidalgo - Poder M\u00e9xico\" \/>\n\t\t<meta name=\"twitter:description\" content=\"El exfiscal de Tabasco, Fernando Valenzuela Pernas, fue uno de los invitados al foro organizado por el Gobierno de Hidalgo.\" \/>\n\t\t<script type=\"application\/ld+json\" class=\"aioseo-schema\">\n\t\t\t{\"@context\":\"https:\\\/\\\/schema.org\",\"@graph\":[{\"@type\":\"BlogPosting\",\"@id\":\"https:\\\/\\\/www.podermexico.mx\\\/?p=10830#blogposting\",\"name\":\"Fernando Valenzuela, exfiscal de Tabasco, reaparece en un evento del Estado de Hidalgo - Poder M\\u00e9xico\",\"headline\":\"Fernando Valenzuela, exfiscal de Tabasco, reaparece en un evento del Estado de Hidalgo\",\"author\":{\"@id\":\"https:\\\/\\\/www.podermexico.mx\\\/?author=7#author\"},\"publisher\":{\"@id\":\"https:\\\/\\\/www.podermexico.mx\\\/#organization\"},\"image\":{\"@type\":\"ImageObject\",\"url\":\"https:\\\/\\\/www.podermexico.mx\\\/wp-content\\\/uploads\\\/2026\\\/09\\\/WhatsApp-Image-2026-09-04-at-6.56.10-PM.jpeg\",\"width\":1053,\"height\":701},\"datePublished\":\"2026-09-06T09:30:00-06:00\",\"dateModified\":\"2026-09-05T11:25:44-06:00\",\"inLanguage\":\"es-MX\",\"mainEntityOfPage\":{\"@id\":\"https:\\\/\\\/www.podermexico.mx\\\/?p=10830#webpage\"},\"isPartOf\":{\"@id\":\"https:\\\/\\\/www.podermexico.mx\\\/?p=10830#webpage\"},\"articleSection\":\"Empresas y Negocios\"},{\"@type\":\"BreadcrumbList\",\"@id\":\"https:\\\/\\\/www.podermexico.mx\\\/?p=10830#breadcrumblist\",\"itemListElement\":[{\"@type\":\"ListItem\",\"@id\":\"https:\\\/\\\/www.podermexico.mx#listItem\",\"position\":1,\"name\":\"Home\",\"item\":\"https:\\\/\\\/www.podermexico.mx\",\"nextItem\":{\"@type\":\"ListItem\",\"@id\":\"https:\\\/\\\/www.podermexico.mx\\\/?cat=60#listItem\",\"name\":\"Empresas y Negocios\"}},{\"@type\":\"ListItem\",\"@id\":\"https:\\\/\\\/www.podermexico.mx\\\/?cat=60#listItem\",\"position\":2,\"name\":\"Empresas y Negocios\",\"item\":\"https:\\\/\\\/www.podermexico.mx\\\/?cat=60\",\"nextItem\":{\"@type\":\"ListItem\",\"@id\":\"https:\\\/\\\/www.podermexico.mx\\\/?p=10830#listItem\",\"name\":\"Fernando Valenzuela, exfiscal de Tabasco, reaparece en un evento del Estado de Hidalgo\"},\"previousItem\":{\"@type\":\"ListItem\",\"@id\":\"https:\\\/\\\/www.podermexico.mx#listItem\",\"name\":\"Home\"}},{\"@type\":\"ListItem\",\"@id\":\"https:\\\/\\\/www.podermexico.mx\\\/?p=10830#listItem\",\"position\":3,\"name\":\"Fernando Valenzuela, exfiscal de Tabasco, reaparece en un evento del Estado de Hidalgo\",\"previousItem\":{\"@type\":\"ListItem\",\"@id\":\"https:\\\/\\\/www.podermexico.mx\\\/?cat=60#listItem\",\"name\":\"Empresas y Negocios\"}}]},{\"@type\":\"Organization\",\"@id\":\"https:\\\/\\\/www.podermexico.mx\\\/#organization\",\"name\":\"Poder M\\u00e9xico\",\"description\":\"Donde los l\\u00edderes definen el futuro, exploramos tendencias y desciframos el mundo de la pol\\u00edtica y los negocios\",\"url\":\"https:\\\/\\\/www.podermexico.mx\\\/\"},{\"@type\":\"Person\",\"@id\":\"https:\\\/\\\/www.podermexico.mx\\\/?author=7#author\",\"url\":\"https:\\\/\\\/www.podermexico.mx\\\/?author=7\",\"name\":\"Poder M\\u00e9xico\",\"image\":{\"@type\":\"ImageObject\",\"@id\":\"https:\\\/\\\/www.podermexico.mx\\\/?p=10830#authorImage\",\"url\":\"https:\\\/\\\/secure.gravatar.com\\\/avatar\\\/6873d270747c7f511ab0e491b4ef59ff185c68a5912118c90f83cdcd498e434b?s=96&d=mm&r=g\",\"width\":96,\"height\":96,\"caption\":\"Poder M\\u00e9xico\"}},{\"@type\":\"WebPage\",\"@id\":\"https:\\\/\\\/www.podermexico.mx\\\/?p=10830#webpage\",\"url\":\"https:\\\/\\\/www.podermexico.mx\\\/?p=10830\",\"name\":\"Fernando Valenzuela, exfiscal de Tabasco, reaparece en un evento del Estado de Hidalgo - Poder M\\u00e9xico\",\"description\":\"El exfiscal de Tabasco, Fernando Valenzuela Pernas, fue uno de los invitados al foro organizado por el Gobierno de Hidalgo.\",\"inLanguage\":\"es-MX\",\"isPartOf\":{\"@id\":\"https:\\\/\\\/www.podermexico.mx\\\/#website\"},\"breadcrumb\":{\"@id\":\"https:\\\/\\\/www.podermexico.mx\\\/?p=10830#breadcrumblist\"},\"author\":{\"@id\":\"https:\\\/\\\/www.podermexico.mx\\\/?author=7#author\"},\"creator\":{\"@id\":\"https:\\\/\\\/www.podermexico.mx\\\/?author=7#author\"},\"image\":{\"@type\":\"ImageObject\",\"url\":\"https:\\\/\\\/www.podermexico.mx\\\/wp-content\\\/uploads\\\/2026\\\/09\\\/WhatsApp-Image-2026-09-04-at-6.56.10-PM.jpeg\",\"@id\":\"https:\\\/\\\/www.podermexico.mx\\\/?p=10830\\\/#mainImage\",\"width\":1053,\"height\":701},\"primaryImageOfPage\":{\"@id\":\"https:\\\/\\\/www.podermexico.mx\\\/?p=10830#mainImage\"},\"datePublished\":\"2026-09-06T09:30:00-06:00\",\"dateModified\":\"2026-09-05T11:25:44-06:00\"},{\"@type\":\"WebSite\",\"@id\":\"https:\\\/\\\/www.podermexico.mx\\\/#website\",\"url\":\"https:\\\/\\\/www.podermexico.mx\\\/\",\"name\":\"Poder M\\u00e9xico\",\"description\":\"Donde los l\\u00edderes definen el futuro, exploramos tendencias y desciframos el mundo de la pol\\u00edtica y los negocios\",\"inLanguage\":\"es-MX\",\"publisher\":{\"@id\":\"https:\\\/\\\/www.podermexico.mx\\\/#organization\"}}]}\n\t\t<\/script>\n\t\t<!-- All in One SEO -->\n\n","aioseo_head_json":{"title":"Fernando Valenzuela, exfiscal de Tabasco, reaparece en un evento del Estado de Hidalgo - Poder M\u00e9xico","description":"El exfiscal de Tabasco, Fernando Valenzuela Pernas, fue uno de los invitados al foro organizado por el Gobierno de Hidalgo.","canonical_url":"https:\/\/www.podermexico.mx\/?p=10830","robots":"max-image-preview:large","keywords":"","webmasterTools":{"miscellaneous":""},"schema":{"@context":"https:\/\/schema.org","@graph":[{"@type":"BlogPosting","@id":"https:\/\/www.podermexico.mx\/?p=10830#blogposting","name":"Fernando Valenzuela, exfiscal de Tabasco, reaparece en un evento del Estado de Hidalgo - Poder M\u00e9xico","headline":"Fernando Valenzuela, exfiscal de Tabasco, reaparece en un evento del Estado de Hidalgo","author":{"@id":"https:\/\/www.podermexico.mx\/?author=7#author"},"publisher":{"@id":"https:\/\/www.podermexico.mx\/#organization"},"image":{"@type":"ImageObject","url":"https:\/\/www.podermexico.mx\/wp-content\/uploads\/2026\/09\/WhatsApp-Image-2026-09-04-at-6.56.10-PM.jpeg","width":1053,"height":701},"datePublished":"2026-09-06T09:30:00-06:00","dateModified":"2026-09-05T11:25:44-06:00","inLanguage":"es-MX","mainEntityOfPage":{"@id":"https:\/\/www.podermexico.mx\/?p=10830#webpage"},"isPartOf":{"@id":"https:\/\/www.podermexico.mx\/?p=10830#webpage"},"articleSection":"Empresas y Negocios"},{"@type":"BreadcrumbList","@id":"https:\/\/www.podermexico.mx\/?p=10830#breadcrumblist","itemListElement":[{"@type":"ListItem","@id":"https:\/\/www.podermexico.mx#listItem","position":1,"name":"Home","item":"https:\/\/www.podermexico.mx","nextItem":{"@type":"ListItem","@id":"https:\/\/www.podermexico.mx\/?cat=60#listItem","name":"Empresas y Negocios"}},{"@type":"ListItem","@id":"https:\/\/www.podermexico.mx\/?cat=60#listItem","position":2,"name":"Empresas y Negocios","item":"https:\/\/www.podermexico.mx\/?cat=60","nextItem":{"@type":"ListItem","@id":"https:\/\/www.podermexico.mx\/?p=10830#listItem","name":"Fernando Valenzuela, exfiscal de Tabasco, reaparece en un evento del Estado de Hidalgo"},"previousItem":{"@type":"ListItem","@id":"https:\/\/www.podermexico.mx#listItem","name":"Home"}},{"@type":"ListItem","@id":"https:\/\/www.podermexico.mx\/?p=10830#listItem","position":3,"name":"Fernando Valenzuela, exfiscal de Tabasco, reaparece en un evento del Estado de Hidalgo","previousItem":{"@type":"ListItem","@id":"https:\/\/www.podermexico.mx\/?cat=60#listItem","name":"Empresas y Negocios"}}]},{"@type":"Organization","@id":"https:\/\/www.podermexico.mx\/#organization","name":"Poder M\u00e9xico","description":"Donde los l\u00edderes definen el futuro, exploramos tendencias y desciframos el mundo de la pol\u00edtica y los negocios","url":"https:\/\/www.podermexico.mx\/"},{"@type":"Person","@id":"https:\/\/www.podermexico.mx\/?author=7#author","url":"https:\/\/www.podermexico.mx\/?author=7","name":"Poder M\u00e9xico","image":{"@type":"ImageObject","@id":"https:\/\/www.podermexico.mx\/?p=10830#authorImage","url":"https:\/\/secure.gravatar.com\/avatar\/6873d270747c7f511ab0e491b4ef59ff185c68a5912118c90f83cdcd498e434b?s=96&d=mm&r=g","width":96,"height":96,"caption":"Poder M\u00e9xico"}},{"@type":"WebPage","@id":"https:\/\/www.podermexico.mx\/?p=10830#webpage","url":"https:\/\/www.podermexico.mx\/?p=10830","name":"Fernando Valenzuela, exfiscal de Tabasco, reaparece en un evento del Estado de Hidalgo - Poder M\u00e9xico","description":"El exfiscal de Tabasco, Fernando Valenzuela Pernas, fue uno de los invitados al foro organizado por el Gobierno de Hidalgo.","inLanguage":"es-MX","isPartOf":{"@id":"https:\/\/www.podermexico.mx\/#website"},"breadcrumb":{"@id":"https:\/\/www.podermexico.mx\/?p=10830#breadcrumblist"},"author":{"@id":"https:\/\/www.podermexico.mx\/?author=7#author"},"creator":{"@id":"https:\/\/www.podermexico.mx\/?author=7#author"},"image":{"@type":"ImageObject","url":"https:\/\/www.podermexico.mx\/wp-content\/uploads\/2026\/09\/WhatsApp-Image-2026-09-04-at-6.56.10-PM.jpeg","@id":"https:\/\/www.podermexico.mx\/?p=10830\/#mainImage","width":1053,"height":701},"primaryImageOfPage":{"@id":"https:\/\/www.podermexico.mx\/?p=10830#mainImage"},"datePublished":"2026-09-06T09:30:00-06:00","dateModified":"2026-09-05T11:25:44-06:00"},{"@type":"WebSite","@id":"https:\/\/www.podermexico.mx\/#website","url":"https:\/\/www.podermexico.mx\/","name":"Poder M\u00e9xico","description":"Donde los l\u00edderes definen el futuro, exploramos tendencias y desciframos el mundo de la pol\u00edtica y los negocios","inLanguage":"es-MX","publisher":{"@id":"https:\/\/www.podermexico.mx\/#organization"}}]},"og:locale":"es_MX","og:site_name":"Poder M\u00e9xico - Donde los l\u00edderes definen el futuro, exploramos tendencias y desciframos el mundo de la pol\u00edtica y los negocios","og:type":"article","og:title":"Fernando Valenzuela, exfiscal de Tabasco, reaparece en un evento del Estado de Hidalgo - Poder M\u00e9xico","og:description":"El exfiscal de Tabasco, Fernando Valenzuela Pernas, fue uno de los invitados al foro organizado por el Gobierno de Hidalgo.","og:url":"https:\/\/www.podermexico.mx\/?p=10830","article:published_time":"2026-09-06T15:30:00+00:00","article:modified_time":"2026-09-05T17:25:44+00:00","twitter:card":"summary_large_image","twitter:title":"Fernando Valenzuela, exfiscal de Tabasco, reaparece en un evento del Estado de Hidalgo - Poder M\u00e9xico","twitter:description":"El exfiscal de Tabasco, Fernando Valenzuela Pernas, fue uno de los invitados al foro organizado por el Gobierno de Hidalgo."},"aioseo_meta_data":{"post_id":"10830","title":null,"description":"El exfiscal de Tabasco, Fernando Valenzuela Pernas, fue uno de los invitados al foro organizado por el Gobierno de Hidalgo.","keywords":null,"keyphrases":{"focus":{"keyphrase":"Fernando Valenzuela","score":0,"analysis":[]},"additional":[]},"primary_term":null,"canonical_url":null,"og_title":null,"og_description":null,"og_object_type":"default","og_image_type":"default","og_image_url":null,"og_image_width":null,"og_image_height":null,"og_image_custom_url":null,"og_image_custom_fields":null,"og_video":"","og_custom_url":null,"og_article_section":null,"og_article_tags":null,"twitter_use_og":false,"twitter_card":"default","twitter_image_type":"default","twitter_image_url":null,"twitter_image_custom_url":null,"twitter_image_custom_fields":null,"twitter_title":null,"twitter_description":null,"schema":{"blockGraphs":[],"customGraphs":[],"default":{"data":{"Article":[],"Course":[],"Dataset":[],"FAQPage":[],"Movie":[],"Person":[],"Product":[],"ProductReview":[],"Car":[],"Recipe":[],"Service":[],"SoftwareApplication":[],"WebPage":[]},"graphName":"BlogPosting","isEnabled":true},"graphs":[]},"schema_type":"default","schema_type_options":null,"pillar_content":false,"robots_default":true,"robots_noindex":false,"robots_noarchive":false,"robots_nosnippet":false,"robots_nofollow":false,"robots_noimageindex":false,"robots_noodp":false,"robots_notranslate":false,"robots_max_snippet":"-1","robots_max_videopreview":"-1","robots_max_imagepreview":"large","priority":null,"frequency":"default","local_seo":null,"breadcrumb_settings":null,"limit_modified_date":false,"ai":{"faqs":[],"keyPoints":[],"schemas":[],"titles":[],"descriptions":[],"socialPosts":{"email":{"subject":"","preview":"","content":""},"linkedin":[],"twitter":[],"facebook":[],"instagram":[]}},"created":"2026-09-05 17:25:06","updated":"2026-09-05 17:25:44","seo_analyzer_scan_date":null,"focus_keyword":"Fernando Valenzuela","additional_keywords":null,"truseo_locale":null},"aioseo_breadcrumb":"<div class=\"aioseo-breadcrumbs\"><span class=\"aioseo-breadcrumb\">\n\t\t\t<a href=\"https:\/\/www.podermexico.mx\" title=\"Home\">Home<\/a>\n\t\t<\/span><span class=\"aioseo-breadcrumb-separator\">&raquo;<\/span><span class=\"aioseo-breadcrumb\">\n\t\t\t<a href=\"https:\/\/www.podermexico.mx\/?cat=60\" title=\"Empresas y Negocios\">Empresas y Negocios<\/a>\n\t\t<\/span><span class=\"aioseo-breadcrumb-separator\">&raquo;<\/span><span class=\"aioseo-breadcrumb\">\n\t\t\tFernando Valenzuela, exfiscal de Tabasco, reaparece en un evento del Estado de Hidalgo\n\t\t<\/span><\/div>","aioseo_breadcrumb_json":[{"label":"Home","link":"https:\/\/www.podermexico.mx"},{"label":"Empresas y Negocios","link":"https:\/\/www.podermexico.mx\/?cat=60"},{"label":"Fernando Valenzuela, exfiscal de Tabasco, reaparece en un evento del Estado de Hidalgo","link":"https:\/\/www.podermexico.mx\/?p=10830"}],"_links":{"self":[{"href":"https:\/\/www.podermexico.mx\/index.php?rest_route=\/wp\/v2\/posts\/10830","targetHints":{"allow":["GET"]}}],"collection":[{"href":"https:\/\/www.podermexico.mx\/index.php?rest_route=\/wp\/v2\/posts"}],"about":[{"href":"https:\/\/www.podermexico.mx\/index.php?rest_route=\/wp\/v2\/types\/post"}],"author":[{"embeddable":true,"href":"https:\/\/www.podermexico.mx\/index.php?rest_route=\/wp\/v2\/users\/7"}],"replies":[{"embeddable":true,"href":"https:\/\/www.podermexico.mx\/index.php?rest_route=%2Fwp%2Fv2%2Fcomments&post=10830"}],"version-history":[{"count":1,"href":"https:\/\/www.podermexico.mx\/index.php?rest_route=\/wp\/v2\/posts\/10830\/revisions"}],"predecessor-version":[{"id":10834,"href":"https:\/\/www.podermexico.mx\/index.php?rest_route=\/wp\/v2\/posts\/10830\/revisions\/10834"}],"wp:featuredmedia":[{"embeddable":true,"href":"https:\/\/www.podermexico.mx\/index.php?rest_route=\/wp\/v2\/media\/10833"}],"wp:attachment":[{"href":"https:\/\/www.podermexico.mx\/index.php?rest_route=%2Fwp%2Fv2%2Fmedia&parent=10830"}],"wp:term":[{"taxonomy":"category","embeddable":true,"href":"https:\/\/www.podermexico.mx\/index.php?rest_route=%2Fwp%2Fv2%2Fcategories&post=10830"},{"taxonomy":"post_tag","embeddable":true,"href":"https:\/\/www.podermexico.mx\/index.php?rest_route=%2Fwp%2Fv2%2Ftags&post=10830"}],"curies":[{"name":"wp","href":"https:\/\/api.w.org\/{rel}","templated":true}]}}