
{"id":10817,"date":"2026-09-04T10:30:00","date_gmt":"2026-09-04T16:30:00","guid":{"rendered":"https:\/\/www.podermexico.mx\/?p=10817"},"modified":"2026-09-04T08:38:22","modified_gmt":"2026-09-04T14:38:22","slug":"patricia-field-es-designada-consejera-propietaria-en-canifarma-representando-a-novo-nordisk","status":"publish","type":"post","link":"https:\/\/www.podermexico.mx\/?p=10817","title":{"rendered":"Patricia Field es designada Consejera Propietaria en CANIFARMA representando a Novo Nordisk"},"content":{"rendered":"\n<p class=\"wp-block-paragraph\">La Gerente General de Novo Nordisk M\u00e9xico, Patricia Field, asumi\u00f3 el cargo de consejera propietaria en la C\u00e1mara Nacional de la Industria Farmac\u00e9utica (CANIFARMA). <\/p>\n\n\n\n<p class=\"wp-block-paragraph\">La ejecutiva ejercer\u00e1 esta responsabilidad de manera paralela a la direcci\u00f3n general de la firma biofarmac\u00e9utica en el pa\u00eds, posici\u00f3n a la que se integr\u00f3 hace seis meses tras su paso por el sector en Colombia, donde presidi\u00f3 la Junta Directiva de la Asociaci\u00f3n de Laboratorios Farmac\u00e9uticos de Investigaci\u00f3n y Desarrollo (AFIDRO).<\/p>\n\n\n\n<p class=\"wp-block-paragraph\">La representaci\u00f3n dentro del \u00f3rgano directivo de CANIFARMA busca fortalecer el di\u00e1logo entre la industria farmac\u00e9utica y el ecosistema de salud local. <\/p>\n\n\n\n<p class=\"wp-block-paragraph\">Desde esta plataforma corporativa, Novo Nordisk enfocar\u00eda sus iniciativas institucionales en el desarrollo de propuestas normativas, la colaboraci\u00f3n en pol\u00edticas p\u00fablicas de salud y el impulso de esquemas de innovaci\u00f3n orientados a mejorar el acceso a tratamientos para la poblaci\u00f3n mexicana.<\/p>\n","protected":false},"excerpt":{"rendered":"<p>La Gerente General de Novo Nordisk M\u00e9xico, Patricia Field, asumi\u00f3 el cargo de consejera propietaria en la C\u00e1mara Nacional de la Industria Farmac\u00e9utica (CANIFARMA). La ejecutiva ejercer\u00e1 esta responsabilidad de manera paralela a la direcci\u00f3n general de la firma biofarmac\u00e9utica en el pa\u00eds, posici\u00f3n a la que se integr\u00f3 hace seis meses tras su paso por el sector en Colombia, &hellip;<\/p>\n","protected":false},"author":10,"featured_media":10818,"comment_status":"closed","ping_status":"closed","sticky":false,"template":"","format":"standard","meta":{"footnotes":""},"categories":[60,2135],"tags":[2587,1334],"class_list":["post-10817","post","type-post","status-publish","format-standard","has-post-thumbnail","hentry","category-empresas","category-nombramiento","tag-canifarma","tag-novo-nordisk"],"aioseo_notices":[],"aioseo_head":"\n\t\t<!-- All in One SEO 5.0.0.1 - aioseo.com -->\n\t<meta name=\"description\" content=\"La Gerente General de Novo Nordisk M\u00e9xico, Patricia Field, asumi\u00f3 el cargo de consejera propietaria en la CANIFARMA\" \/>\n\t<meta name=\"robots\" content=\"max-image-preview:large\" \/>\n\t<meta name=\"author\" content=\"Ana Paula S\u00e1nchez\"\/>\n\t<link rel=\"canonical\" href=\"https:\/\/www.podermexico.mx\/?p=10817\" \/>\n\t<meta name=\"generator\" content=\"All in One SEO (AIOSEO) 5.0.0.1\" \/>\n\t\t<meta property=\"og:locale\" content=\"es_MX\" \/>\n\t\t<meta property=\"og:site_name\" content=\"Poder M\u00e9xico - Donde los l\u00edderes definen el futuro, exploramos tendencias y desciframos el mundo de la pol\u00edtica y los negocios\" \/>\n\t\t<meta property=\"og:type\" content=\"article\" \/>\n\t\t<meta property=\"og:title\" content=\"Patricia Field es designada Consejera Propietaria en CANIFARMA representando a Novo Nordisk - Poder M\u00e9xico\" \/>\n\t\t<meta property=\"og:description\" content=\"La Gerente General de Novo Nordisk M\u00e9xico, Patricia Field, asumi\u00f3 el cargo de consejera propietaria en la CANIFARMA\" \/>\n\t\t<meta property=\"og:url\" content=\"https:\/\/www.podermexico.mx\/?p=10817\" \/>\n\t\t<meta property=\"article:published_time\" content=\"2026-09-04T16:30:00+00:00\" \/>\n\t\t<meta property=\"article:modified_time\" content=\"2026-09-04T14:38:22+00:00\" \/>\n\t\t<meta name=\"twitter:card\" content=\"summary_large_image\" \/>\n\t\t<meta name=\"twitter:title\" content=\"Patricia Field es designada Consejera Propietaria en CANIFARMA representando a Novo Nordisk - Poder M\u00e9xico\" \/>\n\t\t<meta name=\"twitter:description\" content=\"La Gerente General de Novo Nordisk M\u00e9xico, Patricia Field, asumi\u00f3 el cargo de consejera propietaria en la CANIFARMA\" \/>\n\t\t<script type=\"application\/ld+json\" class=\"aioseo-schema\">\n\t\t\t{\"@context\":\"https:\\\/\\\/schema.org\",\"@graph\":[{\"@type\":\"BlogPosting\",\"@id\":\"https:\\\/\\\/www.podermexico.mx\\\/?p=10817#blogposting\",\"name\":\"Patricia Field es designada Consejera Propietaria en CANIFARMA representando a Novo Nordisk - Poder M\\u00e9xico\",\"headline\":\"Patricia Field es designada Consejera Propietaria en CANIFARMA representando a Novo Nordisk\",\"author\":{\"@id\":\"https:\\\/\\\/www.podermexico.mx\\\/?author=10#author\"},\"publisher\":{\"@id\":\"https:\\\/\\\/www.podermexico.mx\\\/#organization\"},\"image\":{\"@type\":\"ImageObject\",\"url\":\"https:\\\/\\\/www.podermexico.mx\\\/wp-content\\\/uploads\\\/2026\\\/09\\\/Nombramiento-hr-Canifarma.png\",\"width\":1920,\"height\":1080},\"datePublished\":\"2026-09-04T10:30:00-06:00\",\"dateModified\":\"2026-09-04T08:38:22-06:00\",\"inLanguage\":\"es-MX\",\"mainEntityOfPage\":{\"@id\":\"https:\\\/\\\/www.podermexico.mx\\\/?p=10817#webpage\"},\"isPartOf\":{\"@id\":\"https:\\\/\\\/www.podermexico.mx\\\/?p=10817#webpage\"},\"articleSection\":\"Empresas y Negocios, Nombramiento, CANIFARMA, Novo Nordisk\"},{\"@type\":\"BreadcrumbList\",\"@id\":\"https:\\\/\\\/www.podermexico.mx\\\/?p=10817#breadcrumblist\",\"itemListElement\":[{\"@type\":\"ListItem\",\"@id\":\"https:\\\/\\\/www.podermexico.mx#listItem\",\"position\":1,\"name\":\"Home\",\"item\":\"https:\\\/\\\/www.podermexico.mx\",\"nextItem\":{\"@type\":\"ListItem\",\"@id\":\"https:\\\/\\\/www.podermexico.mx\\\/?cat=60#listItem\",\"name\":\"Empresas y Negocios\"}},{\"@type\":\"ListItem\",\"@id\":\"https:\\\/\\\/www.podermexico.mx\\\/?cat=60#listItem\",\"position\":2,\"name\":\"Empresas y Negocios\",\"item\":\"https:\\\/\\\/www.podermexico.mx\\\/?cat=60\",\"nextItem\":{\"@type\":\"ListItem\",\"@id\":\"https:\\\/\\\/www.podermexico.mx\\\/?cat=2135#listItem\",\"name\":\"Nombramiento\"},\"previousItem\":{\"@type\":\"ListItem\",\"@id\":\"https:\\\/\\\/www.podermexico.mx#listItem\",\"name\":\"Home\"}},{\"@type\":\"ListItem\",\"@id\":\"https:\\\/\\\/www.podermexico.mx\\\/?cat=2135#listItem\",\"position\":3,\"name\":\"Nombramiento\",\"item\":\"https:\\\/\\\/www.podermexico.mx\\\/?cat=2135\",\"nextItem\":{\"@type\":\"ListItem\",\"@id\":\"https:\\\/\\\/www.podermexico.mx\\\/?p=10817#listItem\",\"name\":\"Patricia Field es designada Consejera Propietaria en CANIFARMA representando a Novo Nordisk\"},\"previousItem\":{\"@type\":\"ListItem\",\"@id\":\"https:\\\/\\\/www.podermexico.mx\\\/?cat=60#listItem\",\"name\":\"Empresas y Negocios\"}},{\"@type\":\"ListItem\",\"@id\":\"https:\\\/\\\/www.podermexico.mx\\\/?p=10817#listItem\",\"position\":4,\"name\":\"Patricia Field es designada Consejera Propietaria en CANIFARMA representando a Novo Nordisk\",\"previousItem\":{\"@type\":\"ListItem\",\"@id\":\"https:\\\/\\\/www.podermexico.mx\\\/?cat=2135#listItem\",\"name\":\"Nombramiento\"}}]},{\"@type\":\"Organization\",\"@id\":\"https:\\\/\\\/www.podermexico.mx\\\/#organization\",\"name\":\"Poder M\\u00e9xico\",\"description\":\"Donde los l\\u00edderes definen el futuro, exploramos tendencias y desciframos el mundo de la pol\\u00edtica y los negocios\",\"url\":\"https:\\\/\\\/www.podermexico.mx\\\/\"},{\"@type\":\"Person\",\"@id\":\"https:\\\/\\\/www.podermexico.mx\\\/?author=10#author\",\"url\":\"https:\\\/\\\/www.podermexico.mx\\\/?author=10\",\"name\":\"Ana Paula S\\u00e1nchez\",\"image\":{\"@type\":\"ImageObject\",\"@id\":\"https:\\\/\\\/www.podermexico.mx\\\/?p=10817#authorImage\",\"url\":\"https:\\\/\\\/secure.gravatar.com\\\/avatar\\\/19ee16554e9e7586cb347184fe6e73083491a075c74c9d33aa7d22ebe4b90db8?s=96&d=mm&r=g\",\"width\":96,\"height\":96,\"caption\":\"Ana Paula S\\u00e1nchez\"}},{\"@type\":\"WebPage\",\"@id\":\"https:\\\/\\\/www.podermexico.mx\\\/?p=10817#webpage\",\"url\":\"https:\\\/\\\/www.podermexico.mx\\\/?p=10817\",\"name\":\"Patricia Field es designada Consejera Propietaria en CANIFARMA representando a Novo Nordisk - Poder M\\u00e9xico\",\"description\":\"La Gerente General de Novo Nordisk M\\u00e9xico, Patricia Field, asumi\\u00f3 el cargo de consejera propietaria en la CANIFARMA\",\"inLanguage\":\"es-MX\",\"isPartOf\":{\"@id\":\"https:\\\/\\\/www.podermexico.mx\\\/#website\"},\"breadcrumb\":{\"@id\":\"https:\\\/\\\/www.podermexico.mx\\\/?p=10817#breadcrumblist\"},\"author\":{\"@id\":\"https:\\\/\\\/www.podermexico.mx\\\/?author=10#author\"},\"creator\":{\"@id\":\"https:\\\/\\\/www.podermexico.mx\\\/?author=10#author\"},\"image\":{\"@type\":\"ImageObject\",\"url\":\"https:\\\/\\\/www.podermexico.mx\\\/wp-content\\\/uploads\\\/2026\\\/09\\\/Nombramiento-hr-Canifarma.png\",\"@id\":\"https:\\\/\\\/www.podermexico.mx\\\/?p=10817\\\/#mainImage\",\"width\":1920,\"height\":1080},\"primaryImageOfPage\":{\"@id\":\"https:\\\/\\\/www.podermexico.mx\\\/?p=10817#mainImage\"},\"datePublished\":\"2026-09-04T10:30:00-06:00\",\"dateModified\":\"2026-09-04T08:38:22-06:00\"},{\"@type\":\"WebSite\",\"@id\":\"https:\\\/\\\/www.podermexico.mx\\\/#website\",\"url\":\"https:\\\/\\\/www.podermexico.mx\\\/\",\"name\":\"Poder M\\u00e9xico\",\"description\":\"Donde los l\\u00edderes definen el futuro, exploramos tendencias y desciframos el mundo de la pol\\u00edtica y los negocios\",\"inLanguage\":\"es-MX\",\"publisher\":{\"@id\":\"https:\\\/\\\/www.podermexico.mx\\\/#organization\"}}]}\n\t\t<\/script>\n\t\t<!-- All in One SEO -->\n\n","aioseo_head_json":{"title":"Patricia Field es designada Consejera Propietaria en CANIFARMA representando a Novo Nordisk - Poder M\u00e9xico","description":"La Gerente General de Novo Nordisk M\u00e9xico, Patricia Field, asumi\u00f3 el cargo de consejera propietaria en la CANIFARMA","canonical_url":"https:\/\/www.podermexico.mx\/?p=10817","robots":"max-image-preview:large","keywords":"","webmasterTools":{"miscellaneous":""},"schema":{"@context":"https:\/\/schema.org","@graph":[{"@type":"BlogPosting","@id":"https:\/\/www.podermexico.mx\/?p=10817#blogposting","name":"Patricia Field es designada Consejera Propietaria en CANIFARMA representando a Novo Nordisk - Poder M\u00e9xico","headline":"Patricia Field es designada Consejera Propietaria en CANIFARMA representando a Novo Nordisk","author":{"@id":"https:\/\/www.podermexico.mx\/?author=10#author"},"publisher":{"@id":"https:\/\/www.podermexico.mx\/#organization"},"image":{"@type":"ImageObject","url":"https:\/\/www.podermexico.mx\/wp-content\/uploads\/2026\/09\/Nombramiento-hr-Canifarma.png","width":1920,"height":1080},"datePublished":"2026-09-04T10:30:00-06:00","dateModified":"2026-09-04T08:38:22-06:00","inLanguage":"es-MX","mainEntityOfPage":{"@id":"https:\/\/www.podermexico.mx\/?p=10817#webpage"},"isPartOf":{"@id":"https:\/\/www.podermexico.mx\/?p=10817#webpage"},"articleSection":"Empresas y Negocios, Nombramiento, CANIFARMA, Novo Nordisk"},{"@type":"BreadcrumbList","@id":"https:\/\/www.podermexico.mx\/?p=10817#breadcrumblist","itemListElement":[{"@type":"ListItem","@id":"https:\/\/www.podermexico.mx#listItem","position":1,"name":"Home","item":"https:\/\/www.podermexico.mx","nextItem":{"@type":"ListItem","@id":"https:\/\/www.podermexico.mx\/?cat=60#listItem","name":"Empresas y Negocios"}},{"@type":"ListItem","@id":"https:\/\/www.podermexico.mx\/?cat=60#listItem","position":2,"name":"Empresas y Negocios","item":"https:\/\/www.podermexico.mx\/?cat=60","nextItem":{"@type":"ListItem","@id":"https:\/\/www.podermexico.mx\/?cat=2135#listItem","name":"Nombramiento"},"previousItem":{"@type":"ListItem","@id":"https:\/\/www.podermexico.mx#listItem","name":"Home"}},{"@type":"ListItem","@id":"https:\/\/www.podermexico.mx\/?cat=2135#listItem","position":3,"name":"Nombramiento","item":"https:\/\/www.podermexico.mx\/?cat=2135","nextItem":{"@type":"ListItem","@id":"https:\/\/www.podermexico.mx\/?p=10817#listItem","name":"Patricia Field es designada Consejera Propietaria en CANIFARMA representando a Novo Nordisk"},"previousItem":{"@type":"ListItem","@id":"https:\/\/www.podermexico.mx\/?cat=60#listItem","name":"Empresas y Negocios"}},{"@type":"ListItem","@id":"https:\/\/www.podermexico.mx\/?p=10817#listItem","position":4,"name":"Patricia Field es designada Consejera Propietaria en CANIFARMA representando a Novo Nordisk","previousItem":{"@type":"ListItem","@id":"https:\/\/www.podermexico.mx\/?cat=2135#listItem","name":"Nombramiento"}}]},{"@type":"Organization","@id":"https:\/\/www.podermexico.mx\/#organization","name":"Poder M\u00e9xico","description":"Donde los l\u00edderes definen el futuro, exploramos tendencias y desciframos el mundo de la pol\u00edtica y los negocios","url":"https:\/\/www.podermexico.mx\/"},{"@type":"Person","@id":"https:\/\/www.podermexico.mx\/?author=10#author","url":"https:\/\/www.podermexico.mx\/?author=10","name":"Ana Paula S\u00e1nchez","image":{"@type":"ImageObject","@id":"https:\/\/www.podermexico.mx\/?p=10817#authorImage","url":"https:\/\/secure.gravatar.com\/avatar\/19ee16554e9e7586cb347184fe6e73083491a075c74c9d33aa7d22ebe4b90db8?s=96&d=mm&r=g","width":96,"height":96,"caption":"Ana Paula S\u00e1nchez"}},{"@type":"WebPage","@id":"https:\/\/www.podermexico.mx\/?p=10817#webpage","url":"https:\/\/www.podermexico.mx\/?p=10817","name":"Patricia Field es designada Consejera Propietaria en CANIFARMA representando a Novo Nordisk - Poder M\u00e9xico","description":"La Gerente General de Novo Nordisk M\u00e9xico, Patricia Field, asumi\u00f3 el cargo de consejera propietaria en la CANIFARMA","inLanguage":"es-MX","isPartOf":{"@id":"https:\/\/www.podermexico.mx\/#website"},"breadcrumb":{"@id":"https:\/\/www.podermexico.mx\/?p=10817#breadcrumblist"},"author":{"@id":"https:\/\/www.podermexico.mx\/?author=10#author"},"creator":{"@id":"https:\/\/www.podermexico.mx\/?author=10#author"},"image":{"@type":"ImageObject","url":"https:\/\/www.podermexico.mx\/wp-content\/uploads\/2026\/09\/Nombramiento-hr-Canifarma.png","@id":"https:\/\/www.podermexico.mx\/?p=10817\/#mainImage","width":1920,"height":1080},"primaryImageOfPage":{"@id":"https:\/\/www.podermexico.mx\/?p=10817#mainImage"},"datePublished":"2026-09-04T10:30:00-06:00","dateModified":"2026-09-04T08:38:22-06:00"},{"@type":"WebSite","@id":"https:\/\/www.podermexico.mx\/#website","url":"https:\/\/www.podermexico.mx\/","name":"Poder M\u00e9xico","description":"Donde los l\u00edderes definen el futuro, exploramos tendencias y desciframos el mundo de la pol\u00edtica y los negocios","inLanguage":"es-MX","publisher":{"@id":"https:\/\/www.podermexico.mx\/#organization"}}]},"og:locale":"es_MX","og:site_name":"Poder M\u00e9xico - Donde los l\u00edderes definen el futuro, exploramos tendencias y desciframos el mundo de la pol\u00edtica y los negocios","og:type":"article","og:title":"Patricia Field es designada Consejera Propietaria en CANIFARMA representando a Novo Nordisk - Poder M\u00e9xico","og:description":"La Gerente General de Novo Nordisk M\u00e9xico, Patricia Field, asumi\u00f3 el cargo de consejera propietaria en la CANIFARMA","og:url":"https:\/\/www.podermexico.mx\/?p=10817","article:published_time":"2026-09-04T16:30:00+00:00","article:modified_time":"2026-09-04T14:38:22+00:00","twitter:card":"summary_large_image","twitter:title":"Patricia Field es designada Consejera Propietaria en CANIFARMA representando a Novo Nordisk - Poder M\u00e9xico","twitter:description":"La Gerente General de Novo Nordisk M\u00e9xico, Patricia Field, asumi\u00f3 el cargo de consejera propietaria en la CANIFARMA"},"aioseo_meta_data":{"post_id":"10817","title":null,"description":"La Gerente General de Novo Nordisk M\u00e9xico, Patricia Field, asumi\u00f3 el cargo de consejera propietaria en la CANIFARMA","keywords":null,"keyphrases":{"focus":{"keyphrase":"CANIFARMA","score":0,"analysis":[]},"additional":[]},"primary_term":null,"canonical_url":null,"og_title":null,"og_description":null,"og_object_type":"default","og_image_type":"default","og_image_url":null,"og_image_width":null,"og_image_height":null,"og_image_custom_url":null,"og_image_custom_fields":null,"og_video":"","og_custom_url":null,"og_article_section":null,"og_article_tags":null,"twitter_use_og":false,"twitter_card":"default","twitter_image_type":"default","twitter_image_url":null,"twitter_image_custom_url":null,"twitter_image_custom_fields":null,"twitter_title":null,"twitter_description":null,"schema":{"blockGraphs":[],"customGraphs":[],"default":{"data":{"Article":[],"Course":[],"Dataset":[],"FAQPage":[],"Movie":[],"Person":[],"Product":[],"ProductReview":[],"Car":[],"Recipe":[],"Service":[],"SoftwareApplication":[],"WebPage":[]},"graphName":"BlogPosting","isEnabled":true},"graphs":[]},"schema_type":"default","schema_type_options":null,"pillar_content":false,"robots_default":true,"robots_noindex":false,"robots_noarchive":false,"robots_nosnippet":false,"robots_nofollow":false,"robots_noimageindex":false,"robots_noodp":false,"robots_notranslate":false,"robots_max_snippet":"-1","robots_max_videopreview":"-1","robots_max_imagepreview":"large","priority":null,"frequency":"default","local_seo":null,"breadcrumb_settings":null,"limit_modified_date":false,"ai":{"faqs":[],"keyPoints":[],"schemas":[],"titles":[],"descriptions":[],"socialPosts":{"email":{"subject":"","preview":"","content":""},"linkedin":[],"twitter":[],"facebook":[],"instagram":[]}},"created":"2026-09-04 14:37:54","updated":"2026-09-04 17:57:55","seo_analyzer_scan_date":null,"focus_keyword":"CANIFARMA","additional_keywords":null,"truseo_locale":null},"aioseo_breadcrumb":"<div class=\"aioseo-breadcrumbs\"><span class=\"aioseo-breadcrumb\">\n\t\t\t<a href=\"https:\/\/www.podermexico.mx\" title=\"Home\">Home<\/a>\n\t\t<\/span><span class=\"aioseo-breadcrumb-separator\">&raquo;<\/span><span class=\"aioseo-breadcrumb\">\n\t\t\t<a href=\"https:\/\/www.podermexico.mx\/?cat=60\" title=\"Empresas y Negocios\">Empresas y Negocios<\/a>\n\t\t<\/span><span class=\"aioseo-breadcrumb-separator\">&raquo;<\/span><span class=\"aioseo-breadcrumb\">\n\t\t\t<a href=\"https:\/\/www.podermexico.mx\/?cat=2135\" title=\"Nombramiento\">Nombramiento<\/a>\n\t\t<\/span><span class=\"aioseo-breadcrumb-separator\">&raquo;<\/span><span class=\"aioseo-breadcrumb\">\n\t\t\tPatricia Field es designada Consejera Propietaria en CANIFARMA representando a Novo Nordisk\n\t\t<\/span><\/div>","aioseo_breadcrumb_json":[{"label":"Home","link":"https:\/\/www.podermexico.mx"},{"label":"Empresas y Negocios","link":"https:\/\/www.podermexico.mx\/?cat=60"},{"label":"Nombramiento","link":"https:\/\/www.podermexico.mx\/?cat=2135"},{"label":"Patricia Field es designada Consejera Propietaria en CANIFARMA representando a Novo Nordisk","link":"https:\/\/www.podermexico.mx\/?p=10817"}],"_links":{"self":[{"href":"https:\/\/www.podermexico.mx\/index.php?rest_route=\/wp\/v2\/posts\/10817","targetHints":{"allow":["GET"]}}],"collection":[{"href":"https:\/\/www.podermexico.mx\/index.php?rest_route=\/wp\/v2\/posts"}],"about":[{"href":"https:\/\/www.podermexico.mx\/index.php?rest_route=\/wp\/v2\/types\/post"}],"author":[{"embeddable":true,"href":"https:\/\/www.podermexico.mx\/index.php?rest_route=\/wp\/v2\/users\/10"}],"replies":[{"embeddable":true,"href":"https:\/\/www.podermexico.mx\/index.php?rest_route=%2Fwp%2Fv2%2Fcomments&post=10817"}],"version-history":[{"count":1,"href":"https:\/\/www.podermexico.mx\/index.php?rest_route=\/wp\/v2\/posts\/10817\/revisions"}],"predecessor-version":[{"id":10819,"href":"https:\/\/www.podermexico.mx\/index.php?rest_route=\/wp\/v2\/posts\/10817\/revisions\/10819"}],"wp:featuredmedia":[{"embeddable":true,"href":"https:\/\/www.podermexico.mx\/index.php?rest_route=\/wp\/v2\/media\/10818"}],"wp:attachment":[{"href":"https:\/\/www.podermexico.mx\/index.php?rest_route=%2Fwp%2Fv2%2Fmedia&parent=10817"}],"wp:term":[{"taxonomy":"category","embeddable":true,"href":"https:\/\/www.podermexico.mx\/index.php?rest_route=%2Fwp%2Fv2%2Fcategories&post=10817"},{"taxonomy":"post_tag","embeddable":true,"href":"https:\/\/www.podermexico.mx\/index.php?rest_route=%2Fwp%2Fv2%2Ftags&post=10817"}],"curies":[{"name":"wp","href":"https:\/\/api.w.org\/{rel}","templated":true}]}}