
{"id":10809,"date":"2026-09-04T08:00:00","date_gmt":"2026-09-04T14:00:00","guid":{"rendered":"https:\/\/www.podermexico.mx\/?p=10809"},"modified":"2026-09-04T07:48:44","modified_gmt":"2026-09-04T13:48:44","slug":"senado-y-cce-crean-alianza-para-impulsar-agenda-digital-de-mexico","status":"publish","type":"post","link":"https:\/\/www.podermexico.mx\/?p=10809","title":{"rendered":"Senado y CCE crean alianza para impulsar agenda digital de M\u00e9xico"},"content":{"rendered":"\n<h2 class=\"wp-block-heading\">Itzel Alaniz<\/h2>\n\n\n\n<p class=\"wp-block-paragraph\">El poder legislativo y el Consejo Coordinador Empresarial (CCE) se al\u00edan para atraer inversi\u00f3n en tecnolog\u00eda al pa\u00eds a trav\u00e9s de la Alianza Nacional Digital realizada en el Senado de la Rep\u00fablica.<\/p>\n\n\n\n<p class=\"wp-block-paragraph\">Esta alianza se concreta en un contexto de avances tecnol\u00f3gicos acelerados en el mundo y, en contraste, la poca adopci\u00f3n de su uso por parte de las empresas y del sector p\u00fablico. De acuerdo con el diagn\u00f3stico presentado por la Comisi\u00f3n de Econom\u00eda del Senado, s\u00f3lo 8% de las compa\u00f1\u00edas con 10 o m\u00e1s trabajadores utiliza inteligencia artificial, frente a 20.1% en promedio entre los pa\u00edses de la Organizaci\u00f3n para la Cooperaci\u00f3n y el Desarrollo Econ\u00f3micos (OCDE).<\/p>\n\n\n\n<p class=\"wp-block-paragraph\">\u201cNecesitamos una agenda digital de Estado, donde se presente la tecnolog\u00eda, la podamos aprovechar, y esto nos lleve a ser m\u00e1s productivos, m\u00e1s competitivos, y a lograr esas oportunidades. Se ha mencionado la innovaci\u00f3n que es fundamental, y es la manera en que logramos las ventajas positivas\u201d, afirm\u00f3 Jos\u00e9 Medina Mora.<\/p>\n\n\n\n<p class=\"wp-block-paragraph\">El dirigente empresarial tambi\u00e9n pidi\u00f3 una regulaci\u00f3n capaz de acompa\u00f1ar el desarrollo tecnol\u00f3gico sin frenar la llegada de capital, en un contexto donde M\u00e9xico requiere reglas capaces de generar certidumbre para las empresas frente al avance significativo.<\/p>\n\n\n\n<p class=\"wp-block-paragraph\">Por otra parte, el senador Luis Donaldo Colosio Riojas se\u00f1al\u00f3 que la transformaci\u00f3n tecnol\u00f3gica tambi\u00e9n exige actualizar las normas para proteger a los usuarios. Entre los temas que plante\u00f3 est\u00e1n la privacidad, los datos personales, la ciberseguridad, la accesibilidad y la conectividad.<\/p>\n\n\n\n<p class=\"wp-block-paragraph\">\u201cLos derechos no dejan de existir cuando entramos al mundo digital; al contrario, y ese es el prop\u00f3sito de una comisi\u00f3n como la de Derechos Digitales. Tenemos una necesidad de actualizar nuestra legislaci\u00f3n, actualizar la conversaci\u00f3n para ampliar la cobertura de nuestros derechos precisamente en el ecosistema digital\u201d, afirm\u00f3 Colosio Riojas.<\/p>\n\n\n\n<p class=\"wp-block-paragraph\">El senador enfatiz\u00f3 la necesidad de una discusi\u00f3n amplia entre instituciones p\u00fablicas, empresas y especialistas para dise\u00f1ar pol\u00edticas p\u00fablicas acordes con la realidad tecnol\u00f3gica del pa\u00eds. Tambi\u00e9n destac\u00f3 la importancia de fortalecer la alfabetizaci\u00f3n y educaci\u00f3n digital para construir una ciudadan\u00eda informada y segura.<\/p>\n\n\n\n<p class=\"wp-block-paragraph\">Por su parte, el Senado destac\u00f3 la necesidad de construir sus propias capacidades frente al crecimiento de la inteligencia artificial. Por ello, la alianza incluye fortalecer el talento mexicano, la infraestructura, la investigaci\u00f3n y el desarrollo tecnol\u00f3gico para aumentar el valor agregado de M\u00e9xico en las cadenas globales.<\/p>\n\n\n\n<figure class=\"wp-block-image size-large\"><img fetchpriority=\"high\" decoding=\"async\" width=\"1024\" height=\"683\" src=\"https:\/\/www.podermexico.mx\/wp-content\/uploads\/2026\/09\/WhatsApp-Image-2026-09-03-at-4.19.29-PM-1024x683.jpeg\" alt=\"\" class=\"wp-image-10812\"\/><\/figure>\n\n\n\n<h2 class=\"wp-block-heading\">Retos frente al avance de la IA<\/h2>\n\n\n\n<p class=\"wp-block-paragraph\">Uno de los desaf\u00edos identificados y expuestos en la conferencia es la infraestructura necesaria para aprovechar el crecimiento de los centros de datos y las aplicaciones de inteligencia artificial. El sector empresarial consider\u00f3 una oportunidad para M\u00e9xico atraer nuevos proyectos ante las dificultades que enfrenta Estados Unidos para ampliar este tipo de instalaciones.<\/p>\n\n\n\n<p class=\"wp-block-paragraph\">\u201cHay una gran oportunidad en el hecho de que Estados Unidos haya rechazado invertir en estos data centers para la inteligencia artificial, lo podemos hacer en M\u00e9xico, es una oportunidad de inversi\u00f3n, necesitamos energ\u00eda, y eso es algo que tenemos que resolver si queremos aprovechar esta oportunidad\u201d, sostuvo el presidente del CCE.<\/p>\n\n\n\n<p class=\"wp-block-paragraph\">La alianza tambi\u00e9n contempla la incorporaci\u00f3n de las micro, peque\u00f1as y medianas empresas a la transformaci\u00f3n digital. La Secretar\u00eda de Econom\u00eda inform\u00f3 sobre un programa de digitalizaci\u00f3n de MIPYMES cercano a 1 mill\u00f3n de negocios y con la meta de superar los 3 millones para 2030.<\/p>\n\n\n\n<p class=\"wp-block-paragraph\">La subsecretaria de Industria y Comercio destac\u00f3 la importancia de las MIPYMES, al representar 99% de las unidades econ\u00f3micas del pa\u00eds y tener un papel central en las cadenas productivas. Por ello, consider\u00f3 necesario ampliar su acceso a herramientas digitales para elevar su competitividad.<\/p>\n\n\n\n<p class=\"wp-block-paragraph\">En el evento estuvieron presentes Jos\u00e9 Medina Mora Icaza, presidente del CCE; Felipe Vallejo, presidente del Comit\u00e9 de Alta Tecnolog\u00eda del CCE; Ximena Escobedo, subsecretaria de Industria y Comercio de la Secretar\u00eda de Econom\u00eda; Luis Donaldo Colosio Riojas, presidente de la Comisi\u00f3n de Derechos Digitales del Senado; Juanita Guerra, presidenta de la Comisi\u00f3n de Guardia Nacional; Emmanuel Reyes Carmona, presidente de la Comisi\u00f3n de Econom\u00eda; y Jorge Luis P\u00e9rez, coordinador nacional de infraestructura digital.<\/p>\n","protected":false},"excerpt":{"rendered":"<p>Itzel Alaniz El poder legislativo y el Consejo Coordinador Empresarial (CCE) se al\u00edan para atraer inversi\u00f3n en tecnolog\u00eda al pa\u00eds a trav\u00e9s de la Alianza Nacional Digital realizada en el Senado de la Rep\u00fablica. Esta alianza se concreta en un contexto de avances tecnol\u00f3gicos acelerados en el mundo y, en contraste, la poca adopci\u00f3n de su uso por parte de &hellip;<\/p>\n","protected":false},"author":7,"featured_media":10811,"comment_status":"closed","ping_status":"closed","sticky":false,"template":"","format":"standard","meta":{"footnotes":""},"categories":[60],"tags":[311,104,434],"class_list":["post-10809","post","type-post","status-publish","format-standard","has-post-thumbnail","hentry","category-empresas","tag-cce","tag-mexico","tag-senado"],"aioseo_notices":[],"aioseo_head":"\n\t\t<!-- All in One SEO 5.0.0.1 - aioseo.com -->\n\t<meta name=\"description\" content=\"Itzel Alaniz El poder legislativo y el Consejo Coordinador Empresarial (CCE) se al\u00edan para atraer inversi\u00f3n en tecnolog\u00eda al pa\u00eds a trav\u00e9s de la Alianza Nacional Digital realizada en el Senado de la Rep\u00fablica. Esta alianza se concreta en un contexto de avances tecnol\u00f3gicos acelerados en el mundo y, en contraste, la poca adopci\u00f3n de\" \/>\n\t<meta name=\"robots\" content=\"max-image-preview:large\" \/>\n\t<meta name=\"author\" content=\"Poder M\u00e9xico\"\/>\n\t<link rel=\"canonical\" href=\"https:\/\/www.podermexico.mx\/?p=10809\" \/>\n\t<meta name=\"generator\" content=\"All in One SEO (AIOSEO) 5.0.0.1\" \/>\n\t\t<meta property=\"og:locale\" content=\"es_MX\" \/>\n\t\t<meta property=\"og:site_name\" content=\"Poder M\u00e9xico - Donde los l\u00edderes definen el futuro, exploramos tendencias y desciframos el mundo de la pol\u00edtica y los negocios\" \/>\n\t\t<meta property=\"og:type\" content=\"article\" \/>\n\t\t<meta property=\"og:title\" content=\"Senado y CCE crean alianza para impulsar agenda digital de M\u00e9xico - Poder M\u00e9xico\" \/>\n\t\t<meta property=\"og:description\" content=\"Itzel Alaniz El poder legislativo y el Consejo Coordinador Empresarial (CCE) se al\u00edan para atraer inversi\u00f3n en tecnolog\u00eda al pa\u00eds a trav\u00e9s de la Alianza Nacional Digital realizada en el Senado de la Rep\u00fablica. Esta alianza se concreta en un contexto de avances tecnol\u00f3gicos acelerados en el mundo y, en contraste, la poca adopci\u00f3n de\" \/>\n\t\t<meta property=\"og:url\" content=\"https:\/\/www.podermexico.mx\/?p=10809\" \/>\n\t\t<meta property=\"article:published_time\" content=\"2026-09-04T14:00:00+00:00\" \/>\n\t\t<meta property=\"article:modified_time\" content=\"2026-09-04T13:48:44+00:00\" \/>\n\t\t<meta name=\"twitter:card\" content=\"summary_large_image\" \/>\n\t\t<meta name=\"twitter:title\" content=\"Senado y CCE crean alianza para impulsar agenda digital de M\u00e9xico - Poder M\u00e9xico\" \/>\n\t\t<meta name=\"twitter:description\" content=\"Itzel Alaniz El poder legislativo y el Consejo Coordinador Empresarial (CCE) se al\u00edan para atraer inversi\u00f3n en tecnolog\u00eda al pa\u00eds a trav\u00e9s de la Alianza Nacional Digital realizada en el Senado de la Rep\u00fablica. Esta alianza se concreta en un contexto de avances tecnol\u00f3gicos acelerados en el mundo y, en contraste, la poca adopci\u00f3n de\" \/>\n\t\t<script type=\"application\/ld+json\" class=\"aioseo-schema\">\n\t\t\t{\"@context\":\"https:\\\/\\\/schema.org\",\"@graph\":[{\"@type\":\"BlogPosting\",\"@id\":\"https:\\\/\\\/www.podermexico.mx\\\/?p=10809#blogposting\",\"name\":\"Senado y CCE crean alianza para impulsar agenda digital de M\\u00e9xico - Poder M\\u00e9xico\",\"headline\":\"Senado y CCE crean alianza para impulsar agenda digital de M\\u00e9xico\",\"author\":{\"@id\":\"https:\\\/\\\/www.podermexico.mx\\\/?author=7#author\"},\"publisher\":{\"@id\":\"https:\\\/\\\/www.podermexico.mx\\\/#organization\"},\"image\":{\"@type\":\"ImageObject\",\"url\":\"https:\\\/\\\/www.podermexico.mx\\\/wp-content\\\/uploads\\\/2026\\\/09\\\/El-Mundial-2026-podria-disparar-los-fraudes-financieros-un-40-en-Mexico.-14.jpg\",\"width\":1600,\"height\":900},\"datePublished\":\"2026-09-04T08:00:00-06:00\",\"dateModified\":\"2026-09-04T07:48:44-06:00\",\"inLanguage\":\"es-MX\",\"mainEntityOfPage\":{\"@id\":\"https:\\\/\\\/www.podermexico.mx\\\/?p=10809#webpage\"},\"isPartOf\":{\"@id\":\"https:\\\/\\\/www.podermexico.mx\\\/?p=10809#webpage\"},\"articleSection\":\"Empresas y Negocios, CCE, M\\u00e9xico, Senado\"},{\"@type\":\"BreadcrumbList\",\"@id\":\"https:\\\/\\\/www.podermexico.mx\\\/?p=10809#breadcrumblist\",\"itemListElement\":[{\"@type\":\"ListItem\",\"@id\":\"https:\\\/\\\/www.podermexico.mx#listItem\",\"position\":1,\"name\":\"Home\",\"item\":\"https:\\\/\\\/www.podermexico.mx\",\"nextItem\":{\"@type\":\"ListItem\",\"@id\":\"https:\\\/\\\/www.podermexico.mx\\\/?cat=60#listItem\",\"name\":\"Empresas y Negocios\"}},{\"@type\":\"ListItem\",\"@id\":\"https:\\\/\\\/www.podermexico.mx\\\/?cat=60#listItem\",\"position\":2,\"name\":\"Empresas y Negocios\",\"item\":\"https:\\\/\\\/www.podermexico.mx\\\/?cat=60\",\"nextItem\":{\"@type\":\"ListItem\",\"@id\":\"https:\\\/\\\/www.podermexico.mx\\\/?p=10809#listItem\",\"name\":\"Senado y CCE crean alianza para impulsar agenda digital de M\\u00e9xico\"},\"previousItem\":{\"@type\":\"ListItem\",\"@id\":\"https:\\\/\\\/www.podermexico.mx#listItem\",\"name\":\"Home\"}},{\"@type\":\"ListItem\",\"@id\":\"https:\\\/\\\/www.podermexico.mx\\\/?p=10809#listItem\",\"position\":3,\"name\":\"Senado y CCE crean alianza para impulsar agenda digital de M\\u00e9xico\",\"previousItem\":{\"@type\":\"ListItem\",\"@id\":\"https:\\\/\\\/www.podermexico.mx\\\/?cat=60#listItem\",\"name\":\"Empresas y Negocios\"}}]},{\"@type\":\"Organization\",\"@id\":\"https:\\\/\\\/www.podermexico.mx\\\/#organization\",\"name\":\"Poder M\\u00e9xico\",\"description\":\"Donde los l\\u00edderes definen el futuro, exploramos tendencias y desciframos el mundo de la pol\\u00edtica y los negocios\",\"url\":\"https:\\\/\\\/www.podermexico.mx\\\/\"},{\"@type\":\"Person\",\"@id\":\"https:\\\/\\\/www.podermexico.mx\\\/?author=7#author\",\"url\":\"https:\\\/\\\/www.podermexico.mx\\\/?author=7\",\"name\":\"Poder M\\u00e9xico\",\"image\":{\"@type\":\"ImageObject\",\"@id\":\"https:\\\/\\\/www.podermexico.mx\\\/?p=10809#authorImage\",\"url\":\"https:\\\/\\\/secure.gravatar.com\\\/avatar\\\/6873d270747c7f511ab0e491b4ef59ff185c68a5912118c90f83cdcd498e434b?s=96&d=mm&r=g\",\"width\":96,\"height\":96,\"caption\":\"Poder M\\u00e9xico\"}},{\"@type\":\"WebPage\",\"@id\":\"https:\\\/\\\/www.podermexico.mx\\\/?p=10809#webpage\",\"url\":\"https:\\\/\\\/www.podermexico.mx\\\/?p=10809\",\"name\":\"Senado y CCE crean alianza para impulsar agenda digital de M\\u00e9xico - Poder M\\u00e9xico\",\"description\":\"Itzel Alaniz El poder legislativo y el Consejo Coordinador Empresarial (CCE) se al\\u00edan para atraer inversi\\u00f3n en tecnolog\\u00eda al pa\\u00eds a trav\\u00e9s de la Alianza Nacional Digital realizada en el Senado de la Rep\\u00fablica. Esta alianza se concreta en un contexto de avances tecnol\\u00f3gicos acelerados en el mundo y, en contraste, la poca adopci\\u00f3n de\",\"inLanguage\":\"es-MX\",\"isPartOf\":{\"@id\":\"https:\\\/\\\/www.podermexico.mx\\\/#website\"},\"breadcrumb\":{\"@id\":\"https:\\\/\\\/www.podermexico.mx\\\/?p=10809#breadcrumblist\"},\"author\":{\"@id\":\"https:\\\/\\\/www.podermexico.mx\\\/?author=7#author\"},\"creator\":{\"@id\":\"https:\\\/\\\/www.podermexico.mx\\\/?author=7#author\"},\"image\":{\"@type\":\"ImageObject\",\"url\":\"https:\\\/\\\/www.podermexico.mx\\\/wp-content\\\/uploads\\\/2026\\\/09\\\/El-Mundial-2026-podria-disparar-los-fraudes-financieros-un-40-en-Mexico.-14.jpg\",\"@id\":\"https:\\\/\\\/www.podermexico.mx\\\/?p=10809\\\/#mainImage\",\"width\":1600,\"height\":900},\"primaryImageOfPage\":{\"@id\":\"https:\\\/\\\/www.podermexico.mx\\\/?p=10809#mainImage\"},\"datePublished\":\"2026-09-04T08:00:00-06:00\",\"dateModified\":\"2026-09-04T07:48:44-06:00\"},{\"@type\":\"WebSite\",\"@id\":\"https:\\\/\\\/www.podermexico.mx\\\/#website\",\"url\":\"https:\\\/\\\/www.podermexico.mx\\\/\",\"name\":\"Poder M\\u00e9xico\",\"description\":\"Donde los l\\u00edderes definen el futuro, exploramos tendencias y desciframos el mundo de la pol\\u00edtica y los negocios\",\"inLanguage\":\"es-MX\",\"publisher\":{\"@id\":\"https:\\\/\\\/www.podermexico.mx\\\/#organization\"}}]}\n\t\t<\/script>\n\t\t<!-- All in One SEO -->\n\n","aioseo_head_json":{"title":"Senado y CCE crean alianza para impulsar agenda digital de M\u00e9xico - Poder M\u00e9xico","description":"Itzel Alaniz El poder legislativo y el Consejo Coordinador Empresarial (CCE) se al\u00edan para atraer inversi\u00f3n en tecnolog\u00eda al pa\u00eds a trav\u00e9s de la Alianza Nacional Digital realizada en el Senado de la Rep\u00fablica. Esta alianza se concreta en un contexto de avances tecnol\u00f3gicos acelerados en el mundo y, en contraste, la poca adopci\u00f3n de","canonical_url":"https:\/\/www.podermexico.mx\/?p=10809","robots":"max-image-preview:large","keywords":"","webmasterTools":{"miscellaneous":""},"schema":{"@context":"https:\/\/schema.org","@graph":[{"@type":"BlogPosting","@id":"https:\/\/www.podermexico.mx\/?p=10809#blogposting","name":"Senado y CCE crean alianza para impulsar agenda digital de M\u00e9xico - Poder M\u00e9xico","headline":"Senado y CCE crean alianza para impulsar agenda digital de M\u00e9xico","author":{"@id":"https:\/\/www.podermexico.mx\/?author=7#author"},"publisher":{"@id":"https:\/\/www.podermexico.mx\/#organization"},"image":{"@type":"ImageObject","url":"https:\/\/www.podermexico.mx\/wp-content\/uploads\/2026\/09\/El-Mundial-2026-podria-disparar-los-fraudes-financieros-un-40-en-Mexico.-14.jpg","width":1600,"height":900},"datePublished":"2026-09-04T08:00:00-06:00","dateModified":"2026-09-04T07:48:44-06:00","inLanguage":"es-MX","mainEntityOfPage":{"@id":"https:\/\/www.podermexico.mx\/?p=10809#webpage"},"isPartOf":{"@id":"https:\/\/www.podermexico.mx\/?p=10809#webpage"},"articleSection":"Empresas y Negocios, CCE, M\u00e9xico, Senado"},{"@type":"BreadcrumbList","@id":"https:\/\/www.podermexico.mx\/?p=10809#breadcrumblist","itemListElement":[{"@type":"ListItem","@id":"https:\/\/www.podermexico.mx#listItem","position":1,"name":"Home","item":"https:\/\/www.podermexico.mx","nextItem":{"@type":"ListItem","@id":"https:\/\/www.podermexico.mx\/?cat=60#listItem","name":"Empresas y Negocios"}},{"@type":"ListItem","@id":"https:\/\/www.podermexico.mx\/?cat=60#listItem","position":2,"name":"Empresas y Negocios","item":"https:\/\/www.podermexico.mx\/?cat=60","nextItem":{"@type":"ListItem","@id":"https:\/\/www.podermexico.mx\/?p=10809#listItem","name":"Senado y CCE crean alianza para impulsar agenda digital de M\u00e9xico"},"previousItem":{"@type":"ListItem","@id":"https:\/\/www.podermexico.mx#listItem","name":"Home"}},{"@type":"ListItem","@id":"https:\/\/www.podermexico.mx\/?p=10809#listItem","position":3,"name":"Senado y CCE crean alianza para impulsar agenda digital de M\u00e9xico","previousItem":{"@type":"ListItem","@id":"https:\/\/www.podermexico.mx\/?cat=60#listItem","name":"Empresas y Negocios"}}]},{"@type":"Organization","@id":"https:\/\/www.podermexico.mx\/#organization","name":"Poder M\u00e9xico","description":"Donde los l\u00edderes definen el futuro, exploramos tendencias y desciframos el mundo de la pol\u00edtica y los negocios","url":"https:\/\/www.podermexico.mx\/"},{"@type":"Person","@id":"https:\/\/www.podermexico.mx\/?author=7#author","url":"https:\/\/www.podermexico.mx\/?author=7","name":"Poder M\u00e9xico","image":{"@type":"ImageObject","@id":"https:\/\/www.podermexico.mx\/?p=10809#authorImage","url":"https:\/\/secure.gravatar.com\/avatar\/6873d270747c7f511ab0e491b4ef59ff185c68a5912118c90f83cdcd498e434b?s=96&d=mm&r=g","width":96,"height":96,"caption":"Poder M\u00e9xico"}},{"@type":"WebPage","@id":"https:\/\/www.podermexico.mx\/?p=10809#webpage","url":"https:\/\/www.podermexico.mx\/?p=10809","name":"Senado y CCE crean alianza para impulsar agenda digital de M\u00e9xico - Poder M\u00e9xico","description":"Itzel Alaniz El poder legislativo y el Consejo Coordinador Empresarial (CCE) se al\u00edan para atraer inversi\u00f3n en tecnolog\u00eda al pa\u00eds a trav\u00e9s de la Alianza Nacional Digital realizada en el Senado de la Rep\u00fablica. Esta alianza se concreta en un contexto de avances tecnol\u00f3gicos acelerados en el mundo y, en contraste, la poca adopci\u00f3n de","inLanguage":"es-MX","isPartOf":{"@id":"https:\/\/www.podermexico.mx\/#website"},"breadcrumb":{"@id":"https:\/\/www.podermexico.mx\/?p=10809#breadcrumblist"},"author":{"@id":"https:\/\/www.podermexico.mx\/?author=7#author"},"creator":{"@id":"https:\/\/www.podermexico.mx\/?author=7#author"},"image":{"@type":"ImageObject","url":"https:\/\/www.podermexico.mx\/wp-content\/uploads\/2026\/09\/El-Mundial-2026-podria-disparar-los-fraudes-financieros-un-40-en-Mexico.-14.jpg","@id":"https:\/\/www.podermexico.mx\/?p=10809\/#mainImage","width":1600,"height":900},"primaryImageOfPage":{"@id":"https:\/\/www.podermexico.mx\/?p=10809#mainImage"},"datePublished":"2026-09-04T08:00:00-06:00","dateModified":"2026-09-04T07:48:44-06:00"},{"@type":"WebSite","@id":"https:\/\/www.podermexico.mx\/#website","url":"https:\/\/www.podermexico.mx\/","name":"Poder M\u00e9xico","description":"Donde los l\u00edderes definen el futuro, exploramos tendencias y desciframos el mundo de la pol\u00edtica y los negocios","inLanguage":"es-MX","publisher":{"@id":"https:\/\/www.podermexico.mx\/#organization"}}]},"og:locale":"es_MX","og:site_name":"Poder M\u00e9xico - Donde los l\u00edderes definen el futuro, exploramos tendencias y desciframos el mundo de la pol\u00edtica y los negocios","og:type":"article","og:title":"Senado y CCE crean alianza para impulsar agenda digital de M\u00e9xico - Poder M\u00e9xico","og:description":"Itzel Alaniz El poder legislativo y el Consejo Coordinador Empresarial (CCE) se al\u00edan para atraer inversi\u00f3n en tecnolog\u00eda al pa\u00eds a trav\u00e9s de la Alianza Nacional Digital realizada en el Senado de la Rep\u00fablica. Esta alianza se concreta en un contexto de avances tecnol\u00f3gicos acelerados en el mundo y, en contraste, la poca adopci\u00f3n de","og:url":"https:\/\/www.podermexico.mx\/?p=10809","article:published_time":"2026-09-04T14:00:00+00:00","article:modified_time":"2026-09-04T13:48:44+00:00","twitter:card":"summary_large_image","twitter:title":"Senado y CCE crean alianza para impulsar agenda digital de M\u00e9xico - Poder M\u00e9xico","twitter:description":"Itzel Alaniz El poder legislativo y el Consejo Coordinador Empresarial (CCE) se al\u00edan para atraer inversi\u00f3n en tecnolog\u00eda al pa\u00eds a trav\u00e9s de la Alianza Nacional Digital realizada en el Senado de la Rep\u00fablica. Esta alianza se concreta en un contexto de avances tecnol\u00f3gicos acelerados en el mundo y, en contraste, la poca adopci\u00f3n de"},"aioseo_meta_data":{"post_id":"10809","title":null,"description":null,"keywords":null,"keyphrases":{"focus":{"keyphrase":"Senado","score":0,"analysis":[]},"additional":[]},"primary_term":null,"canonical_url":null,"og_title":null,"og_description":null,"og_object_type":"default","og_image_type":"default","og_image_url":null,"og_image_width":null,"og_image_height":null,"og_image_custom_url":null,"og_image_custom_fields":null,"og_video":"","og_custom_url":null,"og_article_section":null,"og_article_tags":null,"twitter_use_og":false,"twitter_card":"default","twitter_image_type":"default","twitter_image_url":null,"twitter_image_custom_url":null,"twitter_image_custom_fields":null,"twitter_title":null,"twitter_description":null,"schema":{"blockGraphs":[],"customGraphs":[],"default":{"data":{"Article":[],"Course":[],"Dataset":[],"FAQPage":[],"Movie":[],"Person":[],"Product":[],"ProductReview":[],"Car":[],"Recipe":[],"Service":[],"SoftwareApplication":[],"WebPage":[]},"graphName":"BlogPosting","isEnabled":true},"graphs":[]},"schema_type":"default","schema_type_options":null,"pillar_content":false,"robots_default":true,"robots_noindex":false,"robots_noarchive":false,"robots_nosnippet":false,"robots_nofollow":false,"robots_noimageindex":false,"robots_noodp":false,"robots_notranslate":false,"robots_max_snippet":"-1","robots_max_videopreview":"-1","robots_max_imagepreview":"large","priority":null,"frequency":"default","local_seo":null,"breadcrumb_settings":null,"limit_modified_date":false,"ai":{"faqs":[],"keyPoints":[],"schemas":[],"titles":[],"descriptions":[],"socialPosts":{"email":{"subject":"","preview":"","content":""},"linkedin":[],"twitter":[],"facebook":[],"instagram":[]}},"created":"2026-09-04 13:48:44","updated":"2026-09-04 14:21:07","seo_analyzer_scan_date":null,"focus_keyword":"Senado","additional_keywords":null,"truseo_locale":null},"aioseo_breadcrumb":"<div class=\"aioseo-breadcrumbs\"><span class=\"aioseo-breadcrumb\">\n\t\t\t<a href=\"https:\/\/www.podermexico.mx\" title=\"Home\">Home<\/a>\n\t\t<\/span><span class=\"aioseo-breadcrumb-separator\">&raquo;<\/span><span class=\"aioseo-breadcrumb\">\n\t\t\t<a href=\"https:\/\/www.podermexico.mx\/?cat=60\" title=\"Empresas y Negocios\">Empresas y Negocios<\/a>\n\t\t<\/span><span class=\"aioseo-breadcrumb-separator\">&raquo;<\/span><span class=\"aioseo-breadcrumb\">\n\t\t\tSenado y CCE crean alianza para impulsar agenda digital de M\u00e9xico\n\t\t<\/span><\/div>","aioseo_breadcrumb_json":[{"label":"Home","link":"https:\/\/www.podermexico.mx"},{"label":"Empresas y Negocios","link":"https:\/\/www.podermexico.mx\/?cat=60"},{"label":"Senado y CCE crean alianza para impulsar agenda digital de M\u00e9xico","link":"https:\/\/www.podermexico.mx\/?p=10809"}],"_links":{"self":[{"href":"https:\/\/www.podermexico.mx\/index.php?rest_route=\/wp\/v2\/posts\/10809","targetHints":{"allow":["GET"]}}],"collection":[{"href":"https:\/\/www.podermexico.mx\/index.php?rest_route=\/wp\/v2\/posts"}],"about":[{"href":"https:\/\/www.podermexico.mx\/index.php?rest_route=\/wp\/v2\/types\/post"}],"author":[{"embeddable":true,"href":"https:\/\/www.podermexico.mx\/index.php?rest_route=\/wp\/v2\/users\/7"}],"replies":[{"embeddable":true,"href":"https:\/\/www.podermexico.mx\/index.php?rest_route=%2Fwp%2Fv2%2Fcomments&post=10809"}],"version-history":[{"count":1,"href":"https:\/\/www.podermexico.mx\/index.php?rest_route=\/wp\/v2\/posts\/10809\/revisions"}],"predecessor-version":[{"id":10813,"href":"https:\/\/www.podermexico.mx\/index.php?rest_route=\/wp\/v2\/posts\/10809\/revisions\/10813"}],"wp:featuredmedia":[{"embeddable":true,"href":"https:\/\/www.podermexico.mx\/index.php?rest_route=\/wp\/v2\/media\/10811"}],"wp:attachment":[{"href":"https:\/\/www.podermexico.mx\/index.php?rest_route=%2Fwp%2Fv2%2Fmedia&parent=10809"}],"wp:term":[{"taxonomy":"category","embeddable":true,"href":"https:\/\/www.podermexico.mx\/index.php?rest_route=%2Fwp%2Fv2%2Fcategories&post=10809"},{"taxonomy":"post_tag","embeddable":true,"href":"https:\/\/www.podermexico.mx\/index.php?rest_route=%2Fwp%2Fv2%2Ftags&post=10809"}],"curies":[{"name":"wp","href":"https:\/\/api.w.org\/{rel}","templated":true}]}}