
{"id":10797,"date":"2026-09-02T17:58:08","date_gmt":"2026-09-02T23:58:08","guid":{"rendered":"https:\/\/www.podermexico.mx\/?p=10797"},"modified":"2026-09-02T17:58:09","modified_gmt":"2026-09-02T23:58:09","slug":"en-23-meses-hemos-cuidado-cada-peso-afirma-sheinbaum-en-su-segundo-informe","status":"publish","type":"post","link":"https:\/\/www.podermexico.mx\/?p=10797","title":{"rendered":"\u2018En 23 meses hemos cuidado cada peso\u2019; afirma Sheinbaum en su segundo informe"},"content":{"rendered":"\n<h2 class=\"wp-block-heading\">\u00c1ngel Velaiz<\/h2>\n\n\n\n<p class=\"wp-block-paragraph\">En su segundo Informe de Gobierno, llevado a cabo desde Palacio Nacional, la presidenta Claudia Sheinbaum Pardo destac\u00f3 los avances que ha tenido el pa\u00eds en materia econ\u00f3mica. Durante 23 meses frente al Poder Ejecutivo, mencion\u00f3 que se ha cuidado cada peso a lo largo de su gesti\u00f3n.<\/p>\n\n\n\n<p class=\"wp-block-paragraph\">Report\u00f3 que, en 2025, los ingresos del Gobierno Federal alcanzaron cifras hist\u00f3ricas de 6 billones 46 mil millones de pesos, lo que representa un aumento de 487 mil millones de pesos respecto a 2024. Asimismo, al cierre de agosto de 2026 se registr\u00f3 una recaudaci\u00f3n de 149 mil millones de pesos respecto al mismo periodo del a\u00f1o anterior.<\/p>\n\n\n\n<p class=\"wp-block-paragraph\">Destac\u00f3 el aumento del salario m\u00ednimo, el cual pas\u00f3 de 2 mil 800 pesos en 2018 a 9 mil 582 pesos en 2026, lo que significa un aumento de 154 por ciento en t\u00e9rminos reales. En la frontera norte, el salario m\u00ednimo alcanz\u00f3 los 13 mil 409 pesos mensuales, mientras que el salario medio lleg\u00f3 a un m\u00e1ximo hist\u00f3rico de 20 mil 212 pesos mensuales.<\/p>\n\n\n\n<p class=\"wp-block-paragraph\">Refiri\u00f3 que, gracias a estas medidas, la pobreza laboral se encuentra en m\u00ednimos hist\u00f3ricos, situaci\u00f3n que no se registraba desde 2005. Tambi\u00e9n destac\u00f3 las condiciones laborales de los trabajadores, las cuales se buscan mejorar con la reforma laboral, ya aprobada, con la que se espera alcanzar las 40 horas de jornada laboral para 2030.<\/p>\n\n\n\n<p class=\"wp-block-paragraph\">Mencion\u00f3 que, a pesar de un entorno internacional complicado, marcado por las pol\u00edticas arancelarias del gobierno de Estados Unidos, en particular los aranceles a las exportaciones de veh\u00edculos, acero, aluminio y sus derivados, as\u00ed como la actual guerra entre Ir\u00e1n y Estados Unidos, se han generado circunstancias dif\u00edciles para el pa\u00eds. Sin embargo, asegur\u00f3 que la econom\u00eda mexicana se mantiene estable.<\/p>\n\n\n\n<p class=\"wp-block-paragraph\">\u201cAun en estas dif\u00edciles condiciones, la econom\u00eda mexicana permanece estable y avanzando\u201d, mencion\u00f3 Claudia Sheinbaum.<\/p>\n\n\n\n<h2 class=\"wp-block-heading\">Inversi\u00f3n en M\u00e9xico<\/h2>\n\n\n\n<p class=\"wp-block-paragraph\">En el apartado de inversi\u00f3n, dijo que M\u00e9xico capt\u00f3 35 millones de d\u00f3lares en Inversi\u00f3n Extranjera Directa durante el primer semestre de 2026. Este monto representa un crecimiento del 12 por ciento comparado con el mismo periodo de 2024.<\/p>\n\n\n\n<p class=\"wp-block-paragraph\">Mientras que, en el segundo trimestre, el PIB de M\u00e9xico tuvo un incremento de 1.4 por ciento respecto al primer trimestre del a\u00f1o anterior y de 1.9 por ciento respecto al segundo trimestre de 2025.<\/p>\n\n\n\n<p class=\"wp-block-paragraph\">En cuanto al panorama del empleo, se alcanzaron los 60 millones de personas con empleo, lo que representa una tasa de desempleo de tan solo 2.7 por ciento al cierre de agosto. Sin considerar las plataformas digitales, se crearon 86 mil 765 puestos de trabajo formales respecto a julio del a\u00f1o anterior.<\/p>\n\n\n\n<p class=\"wp-block-paragraph\">\u201cLa inflaci\u00f3n va a la baja, gracias a incentivos de los combustibles y a los acuerdos para contrarrestar la inflaci\u00f3n\u201d, mencion\u00f3 Sheinbaum.<\/p>\n\n\n\n<p class=\"wp-block-paragraph\">Mencion\u00f3 tambi\u00e9n la fortaleza del peso, al ser una de las monedas mejor apreciadas en todo el mundo, con un valor de 17 pesos por d\u00f3lar. A su vez, refiri\u00f3 que el di\u00e9sel y la gasolina no han sufrido aumentos y que 24 art\u00edculos de la canasta b\u00e1sica han disminuido su precio en 12 por ciento en t\u00e9rminos reales.<\/p>\n\n\n\n<h2 class=\"wp-block-heading\"><strong>Apartado tur\u00edstico<\/strong><\/h2>\n\n\n\n<p class=\"wp-block-paragraph\">M\u00e9xico alcanz\u00f3 la cifra de 51.1 millones de viajeros internacionales durante el primer semestre de 2026, lo que representa un aumento del 7.7 por ciento en comparaci\u00f3n con el mismo periodo del a\u00f1o anterior. Adem\u00e1s, arribaron por crucero 6.6 millones de visitantes, 15.2 por ciento m\u00e1s que el a\u00f1o anterior, lo que aument\u00f3 la derrama econ\u00f3mica en 18.7 por ciento.<\/p>\n\n\n\n<h2 class=\"wp-block-heading\">El Paquete Econ\u00f3mico<\/h2>\n\n\n\n<p class=\"wp-block-paragraph\">Tambi\u00e9n mencion\u00f3 que en un par de d\u00edas se presentar\u00e1 el nuevo Paquete Fiscal y Presupuestal para 2027, el cual, asegur\u00f3, ser\u00e1 un proyecto responsable que ayudar\u00e1 a la consolidaci\u00f3n fiscal y a mantener la inversi\u00f3n, junto con el bienestar, la salud y la educaci\u00f3n.<\/p>\n\n\n\n<p class=\"wp-block-paragraph\">Mencion\u00f3 que recientemente se aprob\u00f3 la ley para la inversi\u00f3n, la cual permitir\u00e1 acelerar la inversi\u00f3n p\u00fablica y mixta durante el segundo semestre de 2026, lo que fortalecer\u00e1 la infraestructura y el desarrollo nacional.<\/p>\n\n\n\n<p class=\"wp-block-paragraph\">\u201cHoy, el Estado recupera la rector\u00eda en la planeaci\u00f3n del desarrollo, la infraestructura y los sectores estrat\u00e9gicos, utilizando de manera inteligente instrumentos financieros para ampliar la inversi\u00f3n sin ceder el control del inter\u00e9s p\u00fablico. A eso nos referimos con inversi\u00f3n mixta\u201d, asegur\u00f3 Sheinbaum.<\/p>\n\n\n\n<h2 class=\"wp-block-heading\">Plan M\u00e9xico<\/h2>\n\n\n\n<p class=\"wp-block-paragraph\">El gobierno destac\u00f3 los avances del Plan M\u00e9xico, enfocado en fortalecer la producci\u00f3n nacional, sustituir importaciones y atraer inversi\u00f3n privada. De los 25 Polos de Desarrollo Econ\u00f3mico para el Bienestar anunciados, 10 ya est\u00e1n en desarrollo, mientras que 25 de los 100 parques industriales previstos ya operan.<\/p>\n\n\n\n<p class=\"wp-block-paragraph\">Adem\u00e1s, la Oficina de la Presidencia para la Promoci\u00f3n de las Inversiones ha aprobado, en cuatro meses, 19 proyectos por 3 mil 760 millones de d\u00f3lares, mediante una ventanilla \u00fanica que agiliza los tr\u00e1mites. El gobierno tambi\u00e9n report\u00f3 una reducci\u00f3n de 60 por ciento en los tr\u00e1mites, 66 por ciento en los requisitos y 50 por ciento en los tiempos de respuesta.<\/p>\n\n\n\n<p class=\"wp-block-paragraph\">En materia de innovaci\u00f3n, se impulsan 20 proyectos estrat\u00e9gicos de tecnolog\u00eda nacional, entre ellos el miniveh\u00edculo el\u00e9ctrico Olinia, el dise\u00f1o de semiconductores Kutzari y los sat\u00e9lites de observaci\u00f3n Ixtli.<\/p>\n","protected":false},"excerpt":{"rendered":"<p>\u00c1ngel Velaiz En su segundo Informe de Gobierno, llevado a cabo desde Palacio Nacional, la presidenta Claudia Sheinbaum Pardo destac\u00f3 los avances que ha tenido el pa\u00eds en materia econ\u00f3mica. Durante 23 meses frente al Poder Ejecutivo, mencion\u00f3 que se ha cuidado cada peso a lo largo de su gesti\u00f3n. Report\u00f3 que, en 2025, los ingresos del Gobierno Federal alcanzaron &hellip;<\/p>\n","protected":false},"author":7,"featured_media":10798,"comment_status":"closed","ping_status":"closed","sticky":false,"template":"","format":"standard","meta":{"footnotes":""},"categories":[56,66],"tags":[2584],"class_list":["post-10797","post","type-post","status-publish","format-standard","has-post-thumbnail","hentry","category-gobierno","category-nacional","tag-informe-de-gobierno"],"aioseo_notices":[],"aioseo_head":"\n\t\t<!-- All in One SEO 5.0.0.1 - aioseo.com -->\n\t<meta name=\"description\" content=\"En su segundo Informe de Gobierno, llevado a cabo desde Palacio Nacional, la presidenta Claudia Sheinbaum Pardo destac\u00f3 los avances que ha tenido el pa\u00eds en materia econ\u00f3mica\" \/>\n\t<meta name=\"robots\" content=\"max-image-preview:large\" \/>\n\t<meta name=\"author\" content=\"Poder M\u00e9xico\"\/>\n\t<link rel=\"canonical\" href=\"https:\/\/www.podermexico.mx\/?p=10797\" \/>\n\t<meta name=\"generator\" content=\"All in One SEO (AIOSEO) 5.0.0.1\" \/>\n\t\t<meta property=\"og:locale\" content=\"es_MX\" \/>\n\t\t<meta property=\"og:site_name\" content=\"Poder M\u00e9xico - Donde los l\u00edderes definen el futuro, exploramos tendencias y desciframos el mundo de la pol\u00edtica y los negocios\" \/>\n\t\t<meta property=\"og:type\" content=\"article\" \/>\n\t\t<meta property=\"og:title\" content=\"\u2018En 23 meses hemos cuidado cada peso\u2019; afirma Sheinbaum en su segundo informe - Poder M\u00e9xico\" \/>\n\t\t<meta property=\"og:description\" content=\"En su segundo Informe de Gobierno, llevado a cabo desde Palacio Nacional, la presidenta Claudia Sheinbaum Pardo destac\u00f3 los avances que ha tenido el pa\u00eds en materia econ\u00f3mica\" \/>\n\t\t<meta property=\"og:url\" content=\"https:\/\/www.podermexico.mx\/?p=10797\" \/>\n\t\t<meta property=\"article:published_time\" content=\"2026-09-02T23:58:08+00:00\" \/>\n\t\t<meta property=\"article:modified_time\" content=\"2026-09-02T23:58:09+00:00\" \/>\n\t\t<meta name=\"twitter:card\" content=\"summary_large_image\" \/>\n\t\t<meta name=\"twitter:title\" content=\"\u2018En 23 meses hemos cuidado cada peso\u2019; afirma Sheinbaum en su segundo informe - Poder M\u00e9xico\" \/>\n\t\t<meta name=\"twitter:description\" content=\"En su segundo Informe de Gobierno, llevado a cabo desde Palacio Nacional, la presidenta Claudia Sheinbaum Pardo destac\u00f3 los avances que ha tenido el pa\u00eds en materia econ\u00f3mica\" \/>\n\t\t<script type=\"application\/ld+json\" class=\"aioseo-schema\">\n\t\t\t{\"@context\":\"https:\\\/\\\/schema.org\",\"@graph\":[{\"@type\":\"BlogPosting\",\"@id\":\"https:\\\/\\\/www.podermexico.mx\\\/?p=10797#blogposting\",\"name\":\"\\u2018En 23 meses hemos cuidado cada peso\\u2019; afirma Sheinbaum en su segundo informe - Poder M\\u00e9xico\",\"headline\":\"\\u2018En 23 meses hemos cuidado cada peso\\u2019; afirma Sheinbaum en su segundo informe\",\"author\":{\"@id\":\"https:\\\/\\\/www.podermexico.mx\\\/?author=7#author\"},\"publisher\":{\"@id\":\"https:\\\/\\\/www.podermexico.mx\\\/#organization\"},\"image\":{\"@type\":\"ImageObject\",\"url\":\"https:\\\/\\\/www.podermexico.mx\\\/wp-content\\\/uploads\\\/2026\\\/09\\\/IMG_0069.jpeg\",\"width\":650,\"height\":380},\"datePublished\":\"2026-09-02T17:58:08-06:00\",\"dateModified\":\"2026-09-02T17:58:09-06:00\",\"inLanguage\":\"es-MX\",\"mainEntityOfPage\":{\"@id\":\"https:\\\/\\\/www.podermexico.mx\\\/?p=10797#webpage\"},\"isPartOf\":{\"@id\":\"https:\\\/\\\/www.podermexico.mx\\\/?p=10797#webpage\"},\"articleSection\":\"Gobierno, Nacional, Informe de gobierno\"},{\"@type\":\"BreadcrumbList\",\"@id\":\"https:\\\/\\\/www.podermexico.mx\\\/?p=10797#breadcrumblist\",\"itemListElement\":[{\"@type\":\"ListItem\",\"@id\":\"https:\\\/\\\/www.podermexico.mx#listItem\",\"position\":1,\"name\":\"Home\",\"item\":\"https:\\\/\\\/www.podermexico.mx\",\"nextItem\":{\"@type\":\"ListItem\",\"@id\":\"https:\\\/\\\/www.podermexico.mx\\\/?cat=56#listItem\",\"name\":\"Gobierno\"}},{\"@type\":\"ListItem\",\"@id\":\"https:\\\/\\\/www.podermexico.mx\\\/?cat=56#listItem\",\"position\":2,\"name\":\"Gobierno\",\"item\":\"https:\\\/\\\/www.podermexico.mx\\\/?cat=56\",\"nextItem\":{\"@type\":\"ListItem\",\"@id\":\"https:\\\/\\\/www.podermexico.mx\\\/?p=10797#listItem\",\"name\":\"\\u2018En 23 meses hemos cuidado cada peso\\u2019; afirma Sheinbaum en su segundo informe\"},\"previousItem\":{\"@type\":\"ListItem\",\"@id\":\"https:\\\/\\\/www.podermexico.mx#listItem\",\"name\":\"Home\"}},{\"@type\":\"ListItem\",\"@id\":\"https:\\\/\\\/www.podermexico.mx\\\/?p=10797#listItem\",\"position\":3,\"name\":\"\\u2018En 23 meses hemos cuidado cada peso\\u2019; afirma Sheinbaum en su segundo informe\",\"previousItem\":{\"@type\":\"ListItem\",\"@id\":\"https:\\\/\\\/www.podermexico.mx\\\/?cat=56#listItem\",\"name\":\"Gobierno\"}}]},{\"@type\":\"Organization\",\"@id\":\"https:\\\/\\\/www.podermexico.mx\\\/#organization\",\"name\":\"Poder M\\u00e9xico\",\"description\":\"Donde los l\\u00edderes definen el futuro, exploramos tendencias y desciframos el mundo de la pol\\u00edtica y los negocios\",\"url\":\"https:\\\/\\\/www.podermexico.mx\\\/\"},{\"@type\":\"Person\",\"@id\":\"https:\\\/\\\/www.podermexico.mx\\\/?author=7#author\",\"url\":\"https:\\\/\\\/www.podermexico.mx\\\/?author=7\",\"name\":\"Poder M\\u00e9xico\",\"image\":{\"@type\":\"ImageObject\",\"@id\":\"https:\\\/\\\/www.podermexico.mx\\\/?p=10797#authorImage\",\"url\":\"https:\\\/\\\/secure.gravatar.com\\\/avatar\\\/6873d270747c7f511ab0e491b4ef59ff185c68a5912118c90f83cdcd498e434b?s=96&d=mm&r=g\",\"width\":96,\"height\":96,\"caption\":\"Poder M\\u00e9xico\"}},{\"@type\":\"WebPage\",\"@id\":\"https:\\\/\\\/www.podermexico.mx\\\/?p=10797#webpage\",\"url\":\"https:\\\/\\\/www.podermexico.mx\\\/?p=10797\",\"name\":\"\\u2018En 23 meses hemos cuidado cada peso\\u2019; afirma Sheinbaum en su segundo informe - Poder M\\u00e9xico\",\"description\":\"En su segundo Informe de Gobierno, llevado a cabo desde Palacio Nacional, la presidenta Claudia Sheinbaum Pardo destac\\u00f3 los avances que ha tenido el pa\\u00eds en materia econ\\u00f3mica\",\"inLanguage\":\"es-MX\",\"isPartOf\":{\"@id\":\"https:\\\/\\\/www.podermexico.mx\\\/#website\"},\"breadcrumb\":{\"@id\":\"https:\\\/\\\/www.podermexico.mx\\\/?p=10797#breadcrumblist\"},\"author\":{\"@id\":\"https:\\\/\\\/www.podermexico.mx\\\/?author=7#author\"},\"creator\":{\"@id\":\"https:\\\/\\\/www.podermexico.mx\\\/?author=7#author\"},\"image\":{\"@type\":\"ImageObject\",\"url\":\"https:\\\/\\\/www.podermexico.mx\\\/wp-content\\\/uploads\\\/2026\\\/09\\\/IMG_0069.jpeg\",\"@id\":\"https:\\\/\\\/www.podermexico.mx\\\/?p=10797\\\/#mainImage\",\"width\":650,\"height\":380},\"primaryImageOfPage\":{\"@id\":\"https:\\\/\\\/www.podermexico.mx\\\/?p=10797#mainImage\"},\"datePublished\":\"2026-09-02T17:58:08-06:00\",\"dateModified\":\"2026-09-02T17:58:09-06:00\"},{\"@type\":\"WebSite\",\"@id\":\"https:\\\/\\\/www.podermexico.mx\\\/#website\",\"url\":\"https:\\\/\\\/www.podermexico.mx\\\/\",\"name\":\"Poder M\\u00e9xico\",\"description\":\"Donde los l\\u00edderes definen el futuro, exploramos tendencias y desciframos el mundo de la pol\\u00edtica y los negocios\",\"inLanguage\":\"es-MX\",\"publisher\":{\"@id\":\"https:\\\/\\\/www.podermexico.mx\\\/#organization\"}}]}\n\t\t<\/script>\n\t\t<!-- All in One SEO -->\n\n","aioseo_head_json":{"title":"\u2018En 23 meses hemos cuidado cada peso\u2019; afirma Sheinbaum en su segundo informe - Poder M\u00e9xico","description":"En su segundo Informe de Gobierno, llevado a cabo desde Palacio Nacional, la presidenta Claudia Sheinbaum Pardo destac\u00f3 los avances que ha tenido el pa\u00eds en materia econ\u00f3mica","canonical_url":"https:\/\/www.podermexico.mx\/?p=10797","robots":"max-image-preview:large","keywords":"","webmasterTools":{"miscellaneous":""},"schema":{"@context":"https:\/\/schema.org","@graph":[{"@type":"BlogPosting","@id":"https:\/\/www.podermexico.mx\/?p=10797#blogposting","name":"\u2018En 23 meses hemos cuidado cada peso\u2019; afirma Sheinbaum en su segundo informe - Poder M\u00e9xico","headline":"\u2018En 23 meses hemos cuidado cada peso\u2019; afirma Sheinbaum en su segundo informe","author":{"@id":"https:\/\/www.podermexico.mx\/?author=7#author"},"publisher":{"@id":"https:\/\/www.podermexico.mx\/#organization"},"image":{"@type":"ImageObject","url":"https:\/\/www.podermexico.mx\/wp-content\/uploads\/2026\/09\/IMG_0069.jpeg","width":650,"height":380},"datePublished":"2026-09-02T17:58:08-06:00","dateModified":"2026-09-02T17:58:09-06:00","inLanguage":"es-MX","mainEntityOfPage":{"@id":"https:\/\/www.podermexico.mx\/?p=10797#webpage"},"isPartOf":{"@id":"https:\/\/www.podermexico.mx\/?p=10797#webpage"},"articleSection":"Gobierno, Nacional, Informe de gobierno"},{"@type":"BreadcrumbList","@id":"https:\/\/www.podermexico.mx\/?p=10797#breadcrumblist","itemListElement":[{"@type":"ListItem","@id":"https:\/\/www.podermexico.mx#listItem","position":1,"name":"Home","item":"https:\/\/www.podermexico.mx","nextItem":{"@type":"ListItem","@id":"https:\/\/www.podermexico.mx\/?cat=56#listItem","name":"Gobierno"}},{"@type":"ListItem","@id":"https:\/\/www.podermexico.mx\/?cat=56#listItem","position":2,"name":"Gobierno","item":"https:\/\/www.podermexico.mx\/?cat=56","nextItem":{"@type":"ListItem","@id":"https:\/\/www.podermexico.mx\/?p=10797#listItem","name":"\u2018En 23 meses hemos cuidado cada peso\u2019; afirma Sheinbaum en su segundo informe"},"previousItem":{"@type":"ListItem","@id":"https:\/\/www.podermexico.mx#listItem","name":"Home"}},{"@type":"ListItem","@id":"https:\/\/www.podermexico.mx\/?p=10797#listItem","position":3,"name":"\u2018En 23 meses hemos cuidado cada peso\u2019; afirma Sheinbaum en su segundo informe","previousItem":{"@type":"ListItem","@id":"https:\/\/www.podermexico.mx\/?cat=56#listItem","name":"Gobierno"}}]},{"@type":"Organization","@id":"https:\/\/www.podermexico.mx\/#organization","name":"Poder M\u00e9xico","description":"Donde los l\u00edderes definen el futuro, exploramos tendencias y desciframos el mundo de la pol\u00edtica y los negocios","url":"https:\/\/www.podermexico.mx\/"},{"@type":"Person","@id":"https:\/\/www.podermexico.mx\/?author=7#author","url":"https:\/\/www.podermexico.mx\/?author=7","name":"Poder M\u00e9xico","image":{"@type":"ImageObject","@id":"https:\/\/www.podermexico.mx\/?p=10797#authorImage","url":"https:\/\/secure.gravatar.com\/avatar\/6873d270747c7f511ab0e491b4ef59ff185c68a5912118c90f83cdcd498e434b?s=96&d=mm&r=g","width":96,"height":96,"caption":"Poder M\u00e9xico"}},{"@type":"WebPage","@id":"https:\/\/www.podermexico.mx\/?p=10797#webpage","url":"https:\/\/www.podermexico.mx\/?p=10797","name":"\u2018En 23 meses hemos cuidado cada peso\u2019; afirma Sheinbaum en su segundo informe - Poder M\u00e9xico","description":"En su segundo Informe de Gobierno, llevado a cabo desde Palacio Nacional, la presidenta Claudia Sheinbaum Pardo destac\u00f3 los avances que ha tenido el pa\u00eds en materia econ\u00f3mica","inLanguage":"es-MX","isPartOf":{"@id":"https:\/\/www.podermexico.mx\/#website"},"breadcrumb":{"@id":"https:\/\/www.podermexico.mx\/?p=10797#breadcrumblist"},"author":{"@id":"https:\/\/www.podermexico.mx\/?author=7#author"},"creator":{"@id":"https:\/\/www.podermexico.mx\/?author=7#author"},"image":{"@type":"ImageObject","url":"https:\/\/www.podermexico.mx\/wp-content\/uploads\/2026\/09\/IMG_0069.jpeg","@id":"https:\/\/www.podermexico.mx\/?p=10797\/#mainImage","width":650,"height":380},"primaryImageOfPage":{"@id":"https:\/\/www.podermexico.mx\/?p=10797#mainImage"},"datePublished":"2026-09-02T17:58:08-06:00","dateModified":"2026-09-02T17:58:09-06:00"},{"@type":"WebSite","@id":"https:\/\/www.podermexico.mx\/#website","url":"https:\/\/www.podermexico.mx\/","name":"Poder M\u00e9xico","description":"Donde los l\u00edderes definen el futuro, exploramos tendencias y desciframos el mundo de la pol\u00edtica y los negocios","inLanguage":"es-MX","publisher":{"@id":"https:\/\/www.podermexico.mx\/#organization"}}]},"og:locale":"es_MX","og:site_name":"Poder M\u00e9xico - Donde los l\u00edderes definen el futuro, exploramos tendencias y desciframos el mundo de la pol\u00edtica y los negocios","og:type":"article","og:title":"\u2018En 23 meses hemos cuidado cada peso\u2019; afirma Sheinbaum en su segundo informe - Poder M\u00e9xico","og:description":"En su segundo Informe de Gobierno, llevado a cabo desde Palacio Nacional, la presidenta Claudia Sheinbaum Pardo destac\u00f3 los avances que ha tenido el pa\u00eds en materia econ\u00f3mica","og:url":"https:\/\/www.podermexico.mx\/?p=10797","article:published_time":"2026-09-02T23:58:08+00:00","article:modified_time":"2026-09-02T23:58:09+00:00","twitter:card":"summary_large_image","twitter:title":"\u2018En 23 meses hemos cuidado cada peso\u2019; afirma Sheinbaum en su segundo informe - Poder M\u00e9xico","twitter:description":"En su segundo Informe de Gobierno, llevado a cabo desde Palacio Nacional, la presidenta Claudia Sheinbaum Pardo destac\u00f3 los avances que ha tenido el pa\u00eds en materia econ\u00f3mica"},"aioseo_meta_data":{"post_id":"10797","title":null,"description":"En su segundo Informe de Gobierno, llevado a cabo desde Palacio Nacional, la presidenta Claudia Sheinbaum Pardo destac\u00f3 los avances que ha tenido el pa\u00eds en materia econ\u00f3mica","keywords":null,"keyphrases":{"focus":{"keyphrase":"Sheinbaum","score":0,"analysis":[]},"additional":[]},"primary_term":null,"canonical_url":null,"og_title":null,"og_description":null,"og_object_type":"default","og_image_type":"default","og_image_url":null,"og_image_width":null,"og_image_height":null,"og_image_custom_url":null,"og_image_custom_fields":null,"og_video":"","og_custom_url":null,"og_article_section":null,"og_article_tags":null,"twitter_use_og":false,"twitter_card":"default","twitter_image_type":"default","twitter_image_url":null,"twitter_image_custom_url":null,"twitter_image_custom_fields":null,"twitter_title":null,"twitter_description":null,"schema":{"blockGraphs":[],"customGraphs":[],"default":{"data":{"Article":[],"Course":[],"Dataset":[],"FAQPage":[],"Movie":[],"Person":[],"Product":[],"ProductReview":[],"Car":[],"Recipe":[],"Service":[],"SoftwareApplication":[],"WebPage":[]},"graphName":"BlogPosting","isEnabled":true},"graphs":[]},"schema_type":"default","schema_type_options":null,"pillar_content":false,"robots_default":true,"robots_noindex":false,"robots_noarchive":false,"robots_nosnippet":false,"robots_nofollow":false,"robots_noimageindex":false,"robots_noodp":false,"robots_notranslate":false,"robots_max_snippet":"-1","robots_max_videopreview":"-1","robots_max_imagepreview":"large","priority":null,"frequency":"default","local_seo":null,"breadcrumb_settings":null,"limit_modified_date":false,"ai":{"faqs":[],"keyPoints":[],"schemas":[],"titles":[],"descriptions":[],"socialPosts":{"email":{"subject":"","preview":"","content":""},"linkedin":[],"twitter":[],"facebook":[],"instagram":[]}},"created":"2026-09-02 23:58:09","updated":"2026-09-02 23:58:09","seo_analyzer_scan_date":null,"focus_keyword":"Sheinbaum","additional_keywords":null,"truseo_locale":null},"aioseo_breadcrumb":"<div class=\"aioseo-breadcrumbs\"><span class=\"aioseo-breadcrumb\">\n\t\t\t<a href=\"https:\/\/www.podermexico.mx\" title=\"Home\">Home<\/a>\n\t\t<\/span><span class=\"aioseo-breadcrumb-separator\">&raquo;<\/span><span class=\"aioseo-breadcrumb\">\n\t\t\t<a href=\"https:\/\/www.podermexico.mx\/?cat=56\" title=\"Gobierno\">Gobierno<\/a>\n\t\t<\/span><span class=\"aioseo-breadcrumb-separator\">&raquo;<\/span><span class=\"aioseo-breadcrumb\">\n\t\t\t\u2018En 23 meses hemos cuidado cada peso\u2019; afirma Sheinbaum en su segundo informe\n\t\t<\/span><\/div>","aioseo_breadcrumb_json":[{"label":"Home","link":"https:\/\/www.podermexico.mx"},{"label":"Gobierno","link":"https:\/\/www.podermexico.mx\/?cat=56"},{"label":"\u2018En 23 meses hemos cuidado cada peso\u2019; afirma Sheinbaum en su segundo informe","link":"https:\/\/www.podermexico.mx\/?p=10797"}],"_links":{"self":[{"href":"https:\/\/www.podermexico.mx\/index.php?rest_route=\/wp\/v2\/posts\/10797","targetHints":{"allow":["GET"]}}],"collection":[{"href":"https:\/\/www.podermexico.mx\/index.php?rest_route=\/wp\/v2\/posts"}],"about":[{"href":"https:\/\/www.podermexico.mx\/index.php?rest_route=\/wp\/v2\/types\/post"}],"author":[{"embeddable":true,"href":"https:\/\/www.podermexico.mx\/index.php?rest_route=\/wp\/v2\/users\/7"}],"replies":[{"embeddable":true,"href":"https:\/\/www.podermexico.mx\/index.php?rest_route=%2Fwp%2Fv2%2Fcomments&post=10797"}],"version-history":[{"count":1,"href":"https:\/\/www.podermexico.mx\/index.php?rest_route=\/wp\/v2\/posts\/10797\/revisions"}],"predecessor-version":[{"id":10799,"href":"https:\/\/www.podermexico.mx\/index.php?rest_route=\/wp\/v2\/posts\/10797\/revisions\/10799"}],"wp:featuredmedia":[{"embeddable":true,"href":"https:\/\/www.podermexico.mx\/index.php?rest_route=\/wp\/v2\/media\/10798"}],"wp:attachment":[{"href":"https:\/\/www.podermexico.mx\/index.php?rest_route=%2Fwp%2Fv2%2Fmedia&parent=10797"}],"wp:term":[{"taxonomy":"category","embeddable":true,"href":"https:\/\/www.podermexico.mx\/index.php?rest_route=%2Fwp%2Fv2%2Fcategories&post=10797"},{"taxonomy":"post_tag","embeddable":true,"href":"https:\/\/www.podermexico.mx\/index.php?rest_route=%2Fwp%2Fv2%2Ftags&post=10797"}],"curies":[{"name":"wp","href":"https:\/\/api.w.org\/{rel}","templated":true}]}}